{"id":9756,"date":"2024-01-11T15:38:13","date_gmt":"2024-01-11T15:38:13","guid":{"rendered":"https:\/\/espaceval.ch\/?p=9756"},"modified":"2024-05-02T12:33:52","modified_gmt":"2024-05-02T12:33:52","slug":"salon-des-fees-2024-5eme-edition","status":"publish","type":"post","link":"https:\/\/espaceval.ch\/de\/salon-des-fees-2024-5eme-edition\/","title":{"rendered":"Salon des F\u00e9es 2024 &#8211; 5\u00e8me \u00e9dition"},"content":{"rendered":"<p>[et_pb_section fb_built=&#8220;1&#8243; fullwidth=&#8220;on&#8220; admin_label=&#8220;Call to Action&#8220; _builder_version=&#8220;4.16&#8243; animation_style=&#8220;slide&#8220; animation_direction=&#8220;bottom&#8220; animation_intensity_slide=&#8220;6%&#8220; animation_starting_opacity=&#8220;100%&#8220; locked=&#8220;off&#8220; global_colors_info=&#8220;{}&#8220;][et_pb_fullwidth_header title=&#8220;Salon des F\u00e9es&#8220; button_one_url=&#8220;https:\/\/www.ecole-club.ch\/Offre\/Aquafitness-eau-non-profonde-VdT&#8211;E_1433423_1402&#8243; button_two_url=&#8220;https:\/\/www.ecole-club.ch\/Offre\/Aquafitness-eau-non-profonde-VdT&#8211;E_1433423_1402#\/book0#toppage&#8220; content_max_width=&#8220;800px&#8220; _builder_version=&#8220;4.23&#8243; title_level=&#8220;h2&#8243; title_font=&#8220;Montserrat|300|||||||&#8220; title_font_size=&#8220;58px&#8220; title_line_height=&#8220;1.2em&#8220; content_font=&#8220;|300|||||||&#8220; content_font_size=&#8220;16px&#8220; content_line_height=&#8220;1.8em&#8220; background_color=&#8220;rgba(255, 255, 255, 0)&#8220; use_background_color_gradient=&#8220;on&#8220; background_color_gradient_direction=&#8220;90deg&#8220; background_color_gradient_stops=&#8220;rgba(0,0,0,0.75) 0%|rgba(0,0,0,0) 100%&#8220; background_color_gradient_overlays_image=&#8220;on&#8220; background_color_gradient_start=&#8220;rgba(0,0,0,0.75)&#8220; background_color_gradient_end=&#8220;rgba(0,0,0,0)&#8220; background_image=&#8220;https:\/\/espaceval.ch\/wp-content\/uploads\/2024\/01\/salon-des-fees-2024-espaceVAL.jpg&#8220; custom_button_one=&#8220;on&#8220; button_one_text_size=&#8220;16px&#8220; button_one_bg_color=&#8220;#f5a378&#8243; button_one_border_width=&#8220;10px&#8220; button_one_border_color=&#8220;#f5a378&#8243; button_one_border_radius=&#8220;0px&#8220; button_one_letter_spacing=&#8220;0px&#8220; button_one_font=&#8220;|300||on|||||&#8220; button_one_use_icon=&#8220;off&#8220; button_one_custom_margin=&#8220;|5%|||false|false&#8220; custom_button_two=&#8220;on&#8220; button_two_text_size=&#8220;16px&#8220; button_two_text_color=&#8220;#ffffff&#8220; button_two_bg_color=&#8220;#ef7a3f&#8220; button_two_border_width=&#8220;10px&#8220; button_two_border_color=&#8220;#ef7a3f&#8220; button_two_border_radius=&#8220;0px&#8220; button_two_letter_spacing=&#8220;0px&#8220; button_two_font=&#8220;|300||on|||||&#8220; button_two_use_icon=&#8220;off&#8220; button_two_custom_margin=&#8220;|||0px|false|false&#8220; custom_margin=&#8220;|||&#8220; custom_padding=&#8220;8%||8%|&#8220; button_one_letter_spacing_hover=&#8220;1px&#8220; button_two_letter_spacing_hover=&#8220;1px&#8220; global_colors_info=&#8220;{}&#8220; button_one_text_size__hover_enabled=&#8220;off&#8220; button_two_text_size__hover_enabled=&#8220;off&#8220; button_one_text_color__hover_enabled=&#8220;off&#8220; button_two_text_color__hover_enabled=&#8220;off&#8220; button_one_border_width__hover_enabled=&#8220;off&#8220; button_two_border_width__hover_enabled=&#8220;off&#8220; button_one_border_color__hover_enabled=&#8220;on|hover&#8220; button_two_border_color__hover_enabled=&#8220;on|desktop&#8220; button_one_border_radius__hover_enabled=&#8220;off&#8220; button_two_border_radius__hover_enabled=&#8220;off&#8220; button_one_letter_spacing__hover_enabled=&#8220;off|desktop&#8220; button_one_letter_spacing__hover=&#8220;1px&#8220; button_two_letter_spacing__hover_enabled=&#8220;off|hover&#8220; button_two_letter_spacing__hover=&#8220;1px&#8220; button_one_bg_color__hover_enabled=&#8220;on|hover&#8220; button_two_bg_color__hover_enabled=&#8220;on|hover&#8220; button_one_bg_color__hover=&#8220;#e53f12&#8243; button_one_bg_enable_color__hover=&#8220;on&#8220; button_one_border_color__hover=&#8220;#e53f12&#8243; button_two_bg_color__hover=&#8220;#e53f12&#8243; button_two_bg_enable_color__hover=&#8220;on&#8220; button_two_border_color__hover=&#8220;#e53f12&#8243;]<\/p>\n<h3>\u00catre et bien-\u00eatre au Val-de-Travers &#8211; 5\u00e8me \u00e9dition<\/h3>\n<p>[\/et_pb_fullwidth_header][\/et_pb_section][et_pb_section fb_built=&#8220;1&#8243; _builder_version=&#8220;4.16&#8243; custom_padding=&#8220;0px|0px|0px|0px|false|false&#8220; global_colors_info=&#8220;{}&#8220;][et_pb_row column_structure=&#8220;1_2,1_2&#8243; use_custom_gutter=&#8220;on&#8220; gutter_width=&#8220;1&#8243; make_equal=&#8220;on&#8220; _builder_version=&#8220;4.16&#8243; width=&#8220;100%&#8220; max_width=&#8220;100%&#8220; custom_margin=&#8220;||||false|false&#8220; custom_padding=&#8220;0px||0px||false|false&#8220; global_colors_info=&#8220;{}&#8220;][et_pb_column type=&#8220;1_2&#8243; _builder_version=&#8220;4.16&#8243; custom_padding=&#8220;80px|5%|80px|80px|false|false&#8220; global_colors_info=&#8220;{}&#8220;][et_pb_text _builder_version=&#8220;4.16&#8243; header_2_font=&#8220;Montserrat|300|||||||&#8220; header_2_text_align=&#8220;left&#8220; header_2_font_size=&#8220;58px&#8220; custom_margin=&#8220;||15px||false|false&#8220; header_2_font_size_tablet=&#8220;&#8220; header_2_font_size_phone=&#8220;40px&#8220; header_2_font_size_last_edited=&#8220;on|phone&#8220; global_colors_info=&#8220;{}&#8220;]<\/p>\n<h2>Le salon<\/h2>\n<p>[\/et_pb_text][et_pb_divider color=&#8220;#901913&#8243; _builder_version=&#8220;4.16&#8243; _module_preset=&#8220;default&#8220; width=&#8220;8%&#8220; global_colors_info=&#8220;{}&#8220;][\/et_pb_divider][et_pb_text _builder_version=&#8220;4.16&#8243; _module_preset=&#8220;default&#8220; custom_margin=&#8220;2px|||||&#8220; custom_padding=&#8220;||59px|||&#8220; global_colors_info=&#8220;{}&#8220;]<\/p>\n<div class=\"elementor-element elementor-element-fd0c693 elementor-widget elementor-widget-heading\" data-id=\"fd0c693\" data-element_type=\"widget\" data-widget_type=\"heading.default\">\n<div class=\"elementor-widget-container\">\n<div class=\"elementor-heading-title elementor-size-default\">Fort du succ\u00e8s des pr\u00e9c\u00e9dents salons, les f\u00e9es du comit\u00e9 se sont lanc\u00e9 dans cette nouvelle aventure au coeur du Val-De-Travers. Un rendez-vous incontournable pour les amoureux et amoureuses &#8211; petits et grands &#8211; du bien-\u00eatre et de la sant\u00e9 au naturel! Et c&#8217;est une nouvelle fois en collaboration avec espaceVAL que ce week-end a \u00e9t\u00e9 concoct\u00e9.<\/div>\n<div class=\"elementor-heading-title elementor-size-default\"><\/div>\n<div class=\"elementor-heading-title elementor-size-default\"><\/div>\n<div class=\"elementor-heading-title elementor-size-default\"><\/div>\n<div class=\"elementor-heading-title elementor-size-default\"><\/div>\n<\/div>\n<\/div>\n<section class=\"elementor-section elementor-inner-section elementor-element elementor-element-40ba9a5 elementor-section-boxed elementor-section-height-default elementor-section-height-default\" data-id=\"40ba9a5\" data-element_type=\"section\">\n<div class=\"elementor-container elementor-column-gap-no\">\n<div class=\"elementor-column elementor-col-100 elementor-inner-column elementor-element elementor-element-7ad4ea2\" data-id=\"7ad4ea2\" data-element_type=\"column\">\n<div class=\"elementor-widget-wrap elementor-element-populated\">\n<div class=\"elementor-element elementor-element-664b6a3 elementor-view-stacked elementor-position-left elementor-vertical-align-middle elementor-shape-circle elementor-mobile-position-top elementor-widget elementor-widget-icon-box\" data-id=\"664b6a3\" data-element_type=\"widget\" data-widget_type=\"icon-box.default\">\n<div class=\"elementor-widget-container\">\n<div class=\"elementor-icon-box-wrapper\">\n<div class=\"elementor-icon-box-icon\"><\/div>\n<\/div>\n<\/div>\n<\/div>\n<\/div>\n<\/div>\n<\/div>\n<\/section>\n<h3 class=\"elementor-icon-box-title\"><a href=\"https:\/\/salondesfees.ch\/exposants\/\">+30 Artisans du bien-\u00eatre<\/a><\/h3>\n<p class=\"elementor-icon-box-description\">Qui ont une furieuse envie de vous rencontrer pour partager ce qu&#8217;ils savent faire de mieux<\/p>\n<h3 class=\"elementor-icon-box-title\"><span>Animations enfants<\/span><\/h3>\n<p class=\"elementor-icon-box-description\">Grimages, jeux en bois&#8230; Les familles y sont les bienvenues pour vivre de bonnes surprises<\/p>\n<h3 class=\"elementor-icon-box-title\"><a href=\"https:\/\/salondesfees.ch\/conferencesateliers\/\">Des conf\u00e9renciers passionnants<\/a><\/h3>\n<p class=\"elementor-icon-box-description\">Connus et moins connus, tous et toutes vont enchanter vos 5 sens lors de leurs pr\u00e9sentations<\/p>\n<h3 class=\"elementor-icon-box-title\"><a href=\"https:\/\/salondesfees.ch\/concert\/\">Musique f\u00e9\u00e9rique<\/a><\/h3>\n<p class=\"elementor-icon-box-description\">Les m\u00e9lodies d&#8217;Anja Luna &amp; Claire-Lyse Von Dach vous feront fr\u00e9mir de plaisir<\/p>\n<h3 class=\"elementor-icon-box-title\"><span>2 Food-trucks, 1 buvette<\/span><\/h3>\n<p class=\"elementor-icon-box-description\">Vont pr\u00e9parer de bons snacks et boissons chauds et froids. \u00c0 l&#8217;int\u00e9rieur et en ext\u00e9rieur<\/p>\n<h3 class=\"elementor-icon-box-title\"><span>+ De ponts<\/span><\/h3>\n<p class=\"elementor-icon-box-description\">et de paix dans les consciences, entre les personnes, de notre r\u00e9gion \u00e0 ailleurs et vice-versa<\/p>\n<p class=\"elementor-icon-box-description\">\n<p class=\"elementor-icon-box-description\">\n<p>[\/et_pb_text][\/et_pb_column][et_pb_column type=&#8220;1_2&#8243; _builder_version=&#8220;4.16&#8243; custom_padding=&#8220;80px|5%|80px|80px|false|false&#8220; global_colors_info=&#8220;{}&#8220;][et_pb_image src=&#8220;https:\/\/espaceval.ch\/wp-content\/uploads\/2023\/01\/salon-des-fees-1.png&#8220; title_text=&#8220;salon-des-fees-1&#8243; align=&#8220;center&#8220; _builder_version=&#8220;4.18.0&#8243; _module_preset=&#8220;default&#8220; global_colors_info=&#8220;{}&#8220;][\/et_pb_image][\/et_pb_column][\/et_pb_row][\/et_pb_section][et_pb_section fb_built=&#8220;1&#8243; _builder_version=&#8220;4.16&#8243; _module_preset=&#8220;default&#8220; background_color=&#8220;#901913&#8243; custom_padding=&#8220;0px||0px|||&#8220; global_colors_info=&#8220;{}&#8220;][et_pb_row column_structure=&#8220;1_3,1_3,1_3&#8243; use_custom_gutter=&#8220;on&#8220; gutter_width=&#8220;1&#8243; make_equal=&#8220;on&#8220; _builder_version=&#8220;4.16&#8243; background_color=&#8220;#901913&#8243; width=&#8220;100%&#8220; max_width=&#8220;100%&#8220; custom_margin=&#8220;||||false|false&#8220; custom_padding=&#8220;0px||0px||false|false&#8220; global_colors_info=&#8220;{}&#8220;][et_pb_column type=&#8220;1_3&#8243; _builder_version=&#8220;4.16&#8243; custom_padding=&#8220;80px|5%|80px|80px|false|false&#8220; global_colors_info=&#8220;{}&#8220;][et_pb_blurb title=&#8220;Dates&#8220; use_icon=&#8220;on&#8220; font_icon=&#8220;&#xe023;||divi||400&#8243; icon_color=&#8220;#ffffff&#8220; _builder_version=&#8220;4.16&#8243; header_font=&#8220;|300|||||||&#8220; header_font_size=&#8220;30px&#8220; header_line_height=&#8220;1.2em&#8220; body_font=&#8220;|300|||||||&#8220; background_layout=&#8220;dark&#8220; custom_padding=&#8220;||0px|||&#8220; global_colors_info=&#8220;{}&#8220;]<\/p>\n<p style=\"text-align: left;\">Samedi 02 mars, 10h00 &#8211; 20h00<\/p>\n<p style=\"text-align: left;\">Dimanche 03 mars, 10h00 &#8211; 18h00<\/p>\n<p style=\"text-align: left;\">Hall d&#8217;espaceVAL<\/p>\n<p style=\"text-align: left;\">Entr\u00e9e gratuite &#8211; Collecte pour les ateliers et conf\u00e9rences<\/p>\n<p style=\"text-align: left;\">\n<p>[\/et_pb_blurb][\/et_pb_column][et_pb_column type=&#8220;1_3&#8243; _builder_version=&#8220;4.16&#8243; custom_padding=&#8220;80px|5%|80px|80px|false|false&#8220; global_colors_info=&#8220;{}&#8220;][et_pb_blurb title=&#8220;Programme&#8220; use_icon=&#8220;on&#8220; font_icon=&#8220;&#x62;||divi||400&#8243; icon_color=&#8220;#ffffff&#8220; _builder_version=&#8220;4.18.0&#8243; header_font=&#8220;|300|||||||&#8220; header_font_size=&#8220;30px&#8220; header_line_height=&#8220;1.2em&#8220; body_font=&#8220;|300|||||||&#8220; background_layout=&#8220;dark&#8220; custom_padding=&#8220;||0px|||&#8220; global_colors_info=&#8220;{}&#8220;]<\/p>\n<p style=\"text-align: left;\">Ateliers et conf\u00e9rences : <a href=\"https:\/\/salondesfees.ch\/programme\/\">https:\/\/salondesfees.ch\/programme\/<\/a><\/p>\n<p style=\"text-align: left;\">Exposants : <a href=\"https:\/\/salondesfees.ch\/exposants\/\">https:\/\/salondesfees.ch\/exposants\/<\/a><\/p>\n<p style=\"text-align: left;\">[\/et_pb_blurb][\/et_pb_column][et_pb_column type=&#8220;1_3&#8243; _builder_version=&#8220;4.16&#8243; custom_padding=&#8220;80px|5%|80px|80px|false|false&#8220; global_colors_info=&#8220;{}&#8220;][et_pb_blurb title=&#8220;Contacts&#8220; use_icon=&#8220;on&#8220; font_icon=&#8220;&#xe010;||divi||400&#8243; icon_color=&#8220;#ffffff&#8220; _builder_version=&#8220;4.16&#8243; header_font=&#8220;|300|||||||&#8220; header_font_size=&#8220;30px&#8220; header_line_height=&#8220;1.2em&#8220; body_font=&#8220;|300|||||||&#8220; background_layout=&#8220;dark&#8220; custom_padding=&#8220;||0px|||&#8220; global_colors_info=&#8220;{}&#8220;]<\/p>\n<p>Secr\u00e9tariat &#8211; Sandra Verrey : +41792495961<\/p>\n<p>&nbsp;<\/p>\n<p>[\/et_pb_blurb][\/et_pb_column][\/et_pb_row][\/et_pb_section][et_pb_section fb_built=&#8220;1&#8243; _builder_version=&#8220;4.16&#8243; custom_padding=&#8220;0px|0px|0px|0px|false|false&#8220; global_colors_info=&#8220;{}&#8220;][et_pb_row column_structure=&#8220;3_5,2_5&#8243; use_custom_gutter=&#8220;on&#8220; gutter_width=&#8220;1&#8243; make_equal=&#8220;on&#8220; _builder_version=&#8220;4.16&#8243; width=&#8220;100%&#8220; max_width=&#8220;100%&#8220; custom_margin=&#8220;||||false|false&#8220; custom_padding=&#8220;0px||0px||false|false&#8220; global_colors_info=&#8220;{}&#8220;][et_pb_column type=&#8220;3_5&#8243; _builder_version=&#8220;4.16&#8243; custom_padding=&#8220;80px|5%|80px|80px|false|false&#8220; global_colors_info=&#8220;{}&#8220;][et_pb_text _builder_version=&#8220;4.16&#8243; header_2_font=&#8220;Montserrat|300|||||||&#8220; header_2_text_align=&#8220;left&#8220; header_2_font_size=&#8220;58px&#8220; custom_margin=&#8220;||15px||false|false&#8220; header_2_font_size_tablet=&#8220;&#8220; header_2_font_size_phone=&#8220;40px&#8220; header_2_font_size_last_edited=&#8220;on|phone&#8220; global_colors_info=&#8220;{}&#8220;]<\/p>\n<h2>Organis\u00e9 par le Centre<\/h2>\n<p>[\/et_pb_text][et_pb_divider color=&#8220;#901913&#8243; _builder_version=&#8220;4.16&#8243; _module_preset=&#8220;default&#8220; width=&#8220;8%&#8220; global_colors_info=&#8220;{}&#8220;][\/et_pb_divider][et_pb_text _builder_version=&#8220;4.16&#8243; _module_preset=&#8220;default&#8220; custom_margin=&#8220;2px|||||&#8220; custom_padding=&#8220;||59px|||&#8220; global_colors_info=&#8220;{}&#8220;]<\/p>\n<p style=\"text-align: justify;\"><span>Le plus grand espace d\u00e9di\u00e9 aux th\u00e9rapies naturelles au Val-de-Travers! Le Centre est avant tout notre espace de soins.<\/span><\/p>\n<p style=\"text-align: justify;\"><span>C\u2019est aussi un lieu id\u00e9al o\u00f9 se d\u00e9roulent toutes sortes de rencontres puisqu\u2019au-del\u00e0 des ateliers que nous animons, les salles peuvent \u00eatre lou\u00e9es.<\/span><\/p>\n<p style=\"text-align: justify;\"><span>Le Centre est une place pour cette vaste communaut\u00e9 qui y travaille, \u00e9change, partage et cr\u00e9\u00e9.<\/span><\/p>\n<p style=\"text-align: justify;\"><span>C\u2019est un projet n\u00e9 en octobre 2019 suite aux changements de cap de deux amoureux, un \u00e9cho au charme de cette vall\u00e9e, de sa nature, de ses habitants.<\/span><\/p>\n<p style=\"text-align: justify;\"><span> Une graine qui germe avec une volont\u00e9 farouche de promouvoir la paix et le bien-\u00eatre partout o\u00f9 cela est possible.<\/span><\/p>\n<p>[\/et_pb_text][\/et_pb_column][et_pb_column type=&#8220;2_5&#8243; _builder_version=&#8220;4.16&#8243; custom_padding=&#8220;80px|5%|80px|80px|false|false&#8220; global_colors_info=&#8220;{}&#8220;][et_pb_image src=&#8220;https:\/\/espaceval.ch\/wp-content\/uploads\/2023\/01\/Sans-titre-15.png&#8220; alt=&#8220;Le Centre salon des fees espaceVAL&#8220; title_text=&#8220;Le Centre salon des fees espaceVAL&#8220; align=&#8220;center&#8220; _builder_version=&#8220;4.18.0&#8243; _module_preset=&#8220;default&#8220; width=&#8220;70%&#8220; module_alignment=&#8220;center&#8220; global_colors_info=&#8220;{}&#8220;][\/et_pb_image][et_pb_text _builder_version=&#8220;4.18.0&#8243; _module_preset=&#8220;default&#8220; module_alignment=&#8220;center&#8220; custom_padding=&#8220;30px|||||&#8220; global_colors_info=&#8220;{}&#8220;]<\/p>\n<p><a href=\"https:\/\/au-centre.ch\/\">www.au-centre.ch<\/a><\/p>\n<p><a href=\"mailto:info@au-centre.ch?subject=HTML%20link\">INFO@AU-CENTRE.CH<\/a><\/p>\n<p><a href=\"tel:+41792495961\">T\u00c9L: +41792495961<\/a><\/p>\n<p>[\/et_pb_text][\/et_pb_column][\/et_pb_row][\/et_pb_section]<\/p>\n","protected":false},"excerpt":{"rendered":"<p>5\u00e8me \u00e9dition du salon du bien-\u00eatre au Val-de-Travers. Ateliers et conf\u00e9rences du 02 au 03 mars 2024 \u00e0 espaceVAL.<\/p>\n","protected":false},"author":3,"featured_media":9765,"comment_status":"closed","ping_status":"open","sticky":false,"template":"","format":"standard","meta":{"_et_pb_use_builder":"on","_et_pb_old_content":"","_et_gb_content_width":"","_monsterinsights_skip_tracking":false,"_monsterinsights_sitenote_active":false,"_monsterinsights_sitenote_note":"","_monsterinsights_sitenote_category":0,"footnotes":""},"categories":[30],"tags":[],"class_list":["post-9756","post","type-post","status-publish","format-standard","has-post-thumbnail","hentry","category-manifestation-passee"],"yoast_head":"<!-- This site is optimized with the Yoast SEO plugin v25.6 - https:\/\/yoast.com\/wordpress\/plugins\/seo\/ -->\n<title>Salon des F\u00e9es 2024 - 5\u00e8me \u00e9dition | espaceVAL | Ateliers - conf\u00e9rences<\/title>\n<meta name=\"description\" content=\"5\u00e8me \u00e9dition du salon du bien-\u00eatre au Val-de-Travers. Ateliers et conf\u00e9rences du 02 au 03 mars 2024 \u00e0 espaceVAL.\" \/>\n<meta name=\"robots\" content=\"index, follow, max-snippet:-1, max-image-preview:large, max-video-preview:-1\" \/>\n<link rel=\"canonical\" href=\"https:\/\/espaceval.ch\/de\/salon-des-fees-2024-5eme-edition\/\" \/>\n<meta property=\"og:locale\" content=\"de_DE\" \/>\n<meta property=\"og:type\" content=\"article\" \/>\n<meta property=\"og:title\" content=\"Salon des F\u00e9es 2024 - 5\u00e8me \u00e9dition | espaceVAL | Ateliers - conf\u00e9rences\" \/>\n<meta property=\"og:description\" content=\"5\u00e8me \u00e9dition du salon du bien-\u00eatre au Val-de-Travers. Ateliers et conf\u00e9rences du 02 au 03 mars 2024 \u00e0 espaceVAL.\" \/>\n<meta property=\"og:url\" content=\"https:\/\/espaceval.ch\/de\/salon-des-fees-2024-5eme-edition\/\" \/>\n<meta property=\"og:site_name\" content=\"espaceVAL\" \/>\n<meta property=\"article:published_time\" content=\"2024-01-11T15:38:13+00:00\" \/>\n<meta property=\"article:modified_time\" content=\"2024-05-02T12:33:52+00:00\" \/>\n<meta property=\"og:image\" content=\"https:\/\/espaceval.ch\/wp-content\/uploads\/2024\/01\/espaceVAL-salon-des-fees-2024.jpg\" \/>\n\t<meta property=\"og:image:width\" content=\"960\" \/>\n\t<meta property=\"og:image:height\" content=\"600\" \/>\n\t<meta property=\"og:image:type\" content=\"image\/jpeg\" \/>\n<meta name=\"author\" content=\"espaceVAL\" \/>\n<meta name=\"twitter:card\" content=\"summary_large_image\" \/>\n<meta name=\"twitter:label1\" content=\"Verfasst von\" \/>\n\t<meta name=\"twitter:data1\" content=\"espaceVAL\" \/>\n\t<meta name=\"twitter:label2\" content=\"Gesch\u00e4tzte Lesezeit\" \/>\n\t<meta name=\"twitter:data2\" content=\"3\u00a0Minuten\" \/>\n<script type=\"application\/ld+json\" class=\"yoast-schema-graph\">{\"@context\":\"https:\/\/schema.org\",\"@graph\":[{\"@type\":\"WebPage\",\"@id\":\"https:\/\/espaceval.ch\/de\/salon-des-fees-2024-5eme-edition\/\",\"url\":\"https:\/\/espaceval.ch\/de\/salon-des-fees-2024-5eme-edition\/\",\"name\":\"Salon des F\u00e9es 2024 - 5\u00e8me \u00e9dition | espaceVAL | Ateliers - conf\u00e9rences\",\"isPartOf\":{\"@id\":\"https:\/\/espaceval.ch\/de\/#website\"},\"primaryImageOfPage\":{\"@id\":\"https:\/\/espaceval.ch\/de\/salon-des-fees-2024-5eme-edition\/#primaryimage\"},\"image\":{\"@id\":\"https:\/\/espaceval.ch\/de\/salon-des-fees-2024-5eme-edition\/#primaryimage\"},\"thumbnailUrl\":\"https:\/\/espaceval.ch\/wp-content\/uploads\/2024\/01\/espaceVAL-salon-des-fees-2024.jpg\",\"datePublished\":\"2024-01-11T15:38:13+00:00\",\"dateModified\":\"2024-05-02T12:33:52+00:00\",\"author\":{\"@id\":\"https:\/\/espaceval.ch\/de\/#\/schema\/person\/dd22f242f1b18501ae5a3b4ed941822b\"},\"description\":\"5\u00e8me \u00e9dition du salon du bien-\u00eatre au Val-de-Travers. Ateliers et conf\u00e9rences du 02 au 03 mars 2024 \u00e0 espaceVAL.\",\"breadcrumb\":{\"@id\":\"https:\/\/espaceval.ch\/de\/salon-des-fees-2024-5eme-edition\/#breadcrumb\"},\"inLanguage\":\"de\",\"potentialAction\":[{\"@type\":\"ReadAction\",\"target\":[\"https:\/\/espaceval.ch\/de\/salon-des-fees-2024-5eme-edition\/\"]}]},{\"@type\":\"ImageObject\",\"inLanguage\":\"de\",\"@id\":\"https:\/\/espaceval.ch\/de\/salon-des-fees-2024-5eme-edition\/#primaryimage\",\"url\":\"https:\/\/espaceval.ch\/wp-content\/uploads\/2024\/01\/espaceVAL-salon-des-fees-2024.jpg\",\"contentUrl\":\"https:\/\/espaceval.ch\/wp-content\/uploads\/2024\/01\/espaceVAL-salon-des-fees-2024.jpg\",\"width\":960,\"height\":600,\"caption\":\"espaceVAL salon des f\u00e9es 2024\"},{\"@type\":\"BreadcrumbList\",\"@id\":\"https:\/\/espaceval.ch\/de\/salon-des-fees-2024-5eme-edition\/#breadcrumb\",\"itemListElement\":[{\"@type\":\"ListItem\",\"position\":1,\"name\":\"Accueil\",\"item\":\"https:\/\/espaceval.ch\/de\/\"},{\"@type\":\"ListItem\",\"position\":2,\"name\":\"Salon des F\u00e9es 2024 &#8211; 5\u00e8me \u00e9dition\"}]},{\"@type\":\"WebSite\",\"@id\":\"https:\/\/espaceval.ch\/de\/#website\",\"url\":\"https:\/\/espaceval.ch\/de\/\",\"name\":\"espaceVAL\",\"description\":\"Vitalit\u00e9 | Activit\u00e9 | Loisirs\",\"potentialAction\":[{\"@type\":\"SearchAction\",\"target\":{\"@type\":\"EntryPoint\",\"urlTemplate\":\"https:\/\/espaceval.ch\/de\/?s={search_term_string}\"},\"query-input\":{\"@type\":\"PropertyValueSpecification\",\"valueRequired\":true,\"valueName\":\"search_term_string\"}}],\"inLanguage\":\"de\"},{\"@type\":\"Person\",\"@id\":\"https:\/\/espaceval.ch\/de\/#\/schema\/person\/dd22f242f1b18501ae5a3b4ed941822b\",\"name\":\"espaceVAL\",\"image\":{\"@type\":\"ImageObject\",\"inLanguage\":\"de\",\"@id\":\"https:\/\/espaceval.ch\/de\/#\/schema\/person\/image\/\",\"url\":\"https:\/\/secure.gravatar.com\/avatar\/87b3bc56f2fe224bdc10a24865523d0bd8f784e13f8c5e0d6b1921e68f16e737?s=96&d=mm&r=g\",\"contentUrl\":\"https:\/\/secure.gravatar.com\/avatar\/87b3bc56f2fe224bdc10a24865523d0bd8f784e13f8c5e0d6b1921e68f16e737?s=96&d=mm&r=g\",\"caption\":\"espaceVAL\"},\"url\":\"https:\/\/espaceval.ch\/de\/author\/tpage\/\"}]}<\/script>\n<!-- \/ Yoast SEO plugin. -->","yoast_head_json":{"title":"Salon des F\u00e9es 2024 - 5\u00e8me \u00e9dition | espaceVAL | Ateliers - conf\u00e9rences","description":"5\u00e8me \u00e9dition du salon du bien-\u00eatre au Val-de-Travers. Ateliers et conf\u00e9rences du 02 au 03 mars 2024 \u00e0 espaceVAL.","robots":{"index":"index","follow":"follow","max-snippet":"max-snippet:-1","max-image-preview":"max-image-preview:large","max-video-preview":"max-video-preview:-1"},"canonical":"https:\/\/espaceval.ch\/de\/salon-des-fees-2024-5eme-edition\/","og_locale":"de_DE","og_type":"article","og_title":"Salon des F\u00e9es 2024 - 5\u00e8me \u00e9dition | espaceVAL | Ateliers - conf\u00e9rences","og_description":"5\u00e8me \u00e9dition du salon du bien-\u00eatre au Val-de-Travers. Ateliers et conf\u00e9rences du 02 au 03 mars 2024 \u00e0 espaceVAL.","og_url":"https:\/\/espaceval.ch\/de\/salon-des-fees-2024-5eme-edition\/","og_site_name":"espaceVAL","article_published_time":"2024-01-11T15:38:13+00:00","article_modified_time":"2024-05-02T12:33:52+00:00","og_image":[{"width":960,"height":600,"url":"https:\/\/espaceval.ch\/wp-content\/uploads\/2024\/01\/espaceVAL-salon-des-fees-2024.jpg","type":"image\/jpeg"}],"author":"espaceVAL","twitter_card":"summary_large_image","twitter_misc":{"Verfasst von":"espaceVAL","Gesch\u00e4tzte Lesezeit":"3\u00a0Minuten"},"schema":{"@context":"https:\/\/schema.org","@graph":[{"@type":"WebPage","@id":"https:\/\/espaceval.ch\/de\/salon-des-fees-2024-5eme-edition\/","url":"https:\/\/espaceval.ch\/de\/salon-des-fees-2024-5eme-edition\/","name":"Salon des F\u00e9es 2024 - 5\u00e8me \u00e9dition | espaceVAL | Ateliers - conf\u00e9rences","isPartOf":{"@id":"https:\/\/espaceval.ch\/de\/#website"},"primaryImageOfPage":{"@id":"https:\/\/espaceval.ch\/de\/salon-des-fees-2024-5eme-edition\/#primaryimage"},"image":{"@id":"https:\/\/espaceval.ch\/de\/salon-des-fees-2024-5eme-edition\/#primaryimage"},"thumbnailUrl":"https:\/\/espaceval.ch\/wp-content\/uploads\/2024\/01\/espaceVAL-salon-des-fees-2024.jpg","datePublished":"2024-01-11T15:38:13+00:00","dateModified":"2024-05-02T12:33:52+00:00","author":{"@id":"https:\/\/espaceval.ch\/de\/#\/schema\/person\/dd22f242f1b18501ae5a3b4ed941822b"},"description":"5\u00e8me \u00e9dition du salon du bien-\u00eatre au Val-de-Travers. Ateliers et conf\u00e9rences du 02 au 03 mars 2024 \u00e0 espaceVAL.","breadcrumb":{"@id":"https:\/\/espaceval.ch\/de\/salon-des-fees-2024-5eme-edition\/#breadcrumb"},"inLanguage":"de","potentialAction":[{"@type":"ReadAction","target":["https:\/\/espaceval.ch\/de\/salon-des-fees-2024-5eme-edition\/"]}]},{"@type":"ImageObject","inLanguage":"de","@id":"https:\/\/espaceval.ch\/de\/salon-des-fees-2024-5eme-edition\/#primaryimage","url":"https:\/\/espaceval.ch\/wp-content\/uploads\/2024\/01\/espaceVAL-salon-des-fees-2024.jpg","contentUrl":"https:\/\/espaceval.ch\/wp-content\/uploads\/2024\/01\/espaceVAL-salon-des-fees-2024.jpg","width":960,"height":600,"caption":"espaceVAL salon des f\u00e9es 2024"},{"@type":"BreadcrumbList","@id":"https:\/\/espaceval.ch\/de\/salon-des-fees-2024-5eme-edition\/#breadcrumb","itemListElement":[{"@type":"ListItem","position":1,"name":"Accueil","item":"https:\/\/espaceval.ch\/de\/"},{"@type":"ListItem","position":2,"name":"Salon des F\u00e9es 2024 &#8211; 5\u00e8me \u00e9dition"}]},{"@type":"WebSite","@id":"https:\/\/espaceval.ch\/de\/#website","url":"https:\/\/espaceval.ch\/de\/","name":"espaceVAL","description":"Vitalit\u00e9 | Activit\u00e9 | Loisirs","potentialAction":[{"@type":"SearchAction","target":{"@type":"EntryPoint","urlTemplate":"https:\/\/espaceval.ch\/de\/?s={search_term_string}"},"query-input":{"@type":"PropertyValueSpecification","valueRequired":true,"valueName":"search_term_string"}}],"inLanguage":"de"},{"@type":"Person","@id":"https:\/\/espaceval.ch\/de\/#\/schema\/person\/dd22f242f1b18501ae5a3b4ed941822b","name":"espaceVAL","image":{"@type":"ImageObject","inLanguage":"de","@id":"https:\/\/espaceval.ch\/de\/#\/schema\/person\/image\/","url":"https:\/\/secure.gravatar.com\/avatar\/87b3bc56f2fe224bdc10a24865523d0bd8f784e13f8c5e0d6b1921e68f16e737?s=96&d=mm&r=g","contentUrl":"https:\/\/secure.gravatar.com\/avatar\/87b3bc56f2fe224bdc10a24865523d0bd8f784e13f8c5e0d6b1921e68f16e737?s=96&d=mm&r=g","caption":"espaceVAL"},"url":"https:\/\/espaceval.ch\/de\/author\/tpage\/"}]}},"_links":{"self":[{"href":"https:\/\/espaceval.ch\/de\/wp-json\/wp\/v2\/posts\/9756","targetHints":{"allow":["GET"]}}],"collection":[{"href":"https:\/\/espaceval.ch\/de\/wp-json\/wp\/v2\/posts"}],"about":[{"href":"https:\/\/espaceval.ch\/de\/wp-json\/wp\/v2\/types\/post"}],"author":[{"embeddable":true,"href":"https:\/\/espaceval.ch\/de\/wp-json\/wp\/v2\/users\/3"}],"replies":[{"embeddable":true,"href":"https:\/\/espaceval.ch\/de\/wp-json\/wp\/v2\/comments?post=9756"}],"version-history":[{"count":7,"href":"https:\/\/espaceval.ch\/de\/wp-json\/wp\/v2\/posts\/9756\/revisions"}],"predecessor-version":[{"id":10011,"href":"https:\/\/espaceval.ch\/de\/wp-json\/wp\/v2\/posts\/9756\/revisions\/10011"}],"wp:featuredmedia":[{"embeddable":true,"href":"https:\/\/espaceval.ch\/de\/wp-json\/wp\/v2\/media\/9765"}],"wp:attachment":[{"href":"https:\/\/espaceval.ch\/de\/wp-json\/wp\/v2\/media?parent=9756"}],"wp:term":[{"taxonomy":"category","embeddable":true,"href":"https:\/\/espaceval.ch\/de\/wp-json\/wp\/v2\/categories?post=9756"},{"taxonomy":"post_tag","embeddable":true,"href":"https:\/\/espaceval.ch\/de\/wp-json\/wp\/v2\/tags?post=9756"}],"curies":[{"name":"wp","href":"https:\/\/api.w.org\/{rel}","templated":true}]}}