{"id":8407,"date":"2023-09-11T13:35:03","date_gmt":"2023-09-11T13:35:03","guid":{"rendered":"https:\/\/espaceval.ch\/?p=8407"},"modified":"2023-09-14T14:47:45","modified_gmt":"2023-09-14T14:47:45","slug":"information-retour-sur-la-saison-2023-des-combes","status":"publish","type":"post","link":"https:\/\/espaceval.ch\/de\/information-retour-sur-la-saison-2023-des-combes\/","title":{"rendered":"Information &#8211; Retour sur la saison 2023 des Combes"},"content":{"rendered":"<p>[et_pb_section fb_built=&#8220;1&#8243; fullwidth=&#8220;on&#8220; _builder_version=&#8220;4.16&#8243; _module_preset=&#8220;default&#8220; global_colors_info=&#8220;{}&#8220;][et_pb_fullwidth_header title=&#8220;Information&#8220; subhead=&#8220;11.09.2023&#8243; button_one_url=&#8220;https:\/\/webceg.ne.ch\/gelore_web\/gelore2_ne.pack_gelore2_web2.gelore_web4_accueil?p_societes=4&#038;p_cat=INF_SPO&#038;p_cat2=CSR&#038;p_cat3=&#038;p_cat4=&#038;p_cat5= &#8220; button_two_url=&#8220;https:\/\/espaceval.ch\/reservation-salle\/&#8220; content_max_width=&#8220;1920px&#8220; module_id=&#8220;salle&#8220; _builder_version=&#8220;4.18.0&#8243; title_level=&#8220;h2&#8243; title_font=&#8220;Montserrat|300|||||||&#8220; title_font_size=&#8220;58px&#8220; title_line_height=&#8220;1.2em&#8220; content_font=&#8220;||||||||&#8220; content_font_size=&#8220;20px&#8220; content_line_height=&#8220;1.8em&#8220; background_color=&#8220;#ef7a3f&#8220; background_color_gradient_direction=&#8220;90deg&#8220; background_enable_image=&#8220;off&#8220; custom_button_one=&#8220;on&#8220; button_one_text_size=&#8220;16px&#8220; button_one_bg_color=&#8220;#372658&#8243; button_one_border_width=&#8220;10px&#8220; button_one_border_color=&#8220;#372658&#8243; button_one_border_radius=&#8220;0px&#8220; button_one_letter_spacing=&#8220;0px&#8220; button_one_font=&#8220;|300||on|||||&#8220; button_one_use_icon=&#8220;off&#8220; button_one_rel=&#8220;off|off|off|off|off&#8220; button_one_custom_margin=&#8220;|5%|||false|false&#8220; custom_button_two=&#8220;on&#8220; button_two_text_size=&#8220;16px&#8220; button_two_text_color=&#8220;#ffffff&#8220; button_two_bg_color=&#8220;#60528d&#8220; button_two_border_width=&#8220;10px&#8220; button_two_border_color=&#8220;#60528d&#8220; button_two_border_radius=&#8220;0px&#8220; button_two_letter_spacing=&#8220;0px&#8220; button_two_font=&#8220;|300||on|||||&#8220; button_two_use_icon=&#8220;off&#8220; button_two_custom_margin=&#8220;|||0px|false|false&#8220; custom_margin=&#8220;|||&#8220; custom_padding=&#8220;8%||8%|&#8220; link_option_url_new_window=&#8220;on&#8220; button_one_letter_spacing_hover=&#8220;1px&#8220; button_two_letter_spacing_hover=&#8220;1px&#8220; global_colors_info=&#8220;{}&#8220; button_one_text_size__hover_enabled=&#8220;off&#8220; button_two_text_size__hover_enabled=&#8220;off&#8220; button_one_text_color__hover_enabled=&#8220;off&#8220; button_two_text_color__hover_enabled=&#8220;off&#8220; button_one_border_width__hover_enabled=&#8220;off&#8220; button_two_border_width__hover_enabled=&#8220;off&#8220; button_one_border_color__hover_enabled=&#8220;on|hover&#8220; button_two_border_color__hover_enabled=&#8220;on|hover&#8220; button_one_border_radius__hover_enabled=&#8220;off&#8220; button_two_border_radius__hover_enabled=&#8220;off&#8220; button_one_letter_spacing__hover_enabled=&#8220;off|desktop&#8220; button_one_letter_spacing__hover=&#8220;1px&#8220; button_two_letter_spacing__hover_enabled=&#8220;off|hover&#8220; button_two_letter_spacing__hover=&#8220;1px&#8220; button_one_bg_color__hover_enabled=&#8220;on|hover&#8220; button_two_bg_color__hover_enabled=&#8220;on|hover&#8220; button_one_bg_color__hover=&#8220;#60528d&#8220; button_one_bg_enable_color__hover=&#8220;on&#8220; button_one_border_color__hover=&#8220;#60528d&#8220; button_two_bg_color__hover=&#8220;#372658&#8243; button_two_bg_enable_color__hover=&#8220;on&#8220; button_two_border_color__hover=&#8220;#372658&#8243;]<\/p>\n<h3>Retour sur la saison 2023 des Combes<\/h3>\n<p>[\/et_pb_fullwidth_header][\/et_pb_section][et_pb_section fb_built=&#8220;1&#8243; disabled_on=&#8220;off|off|off&#8220; _builder_version=&#8220;4.16&#8243; custom_padding=&#8220;||0px|||&#8220; global_colors_info=&#8220;{}&#8220;][et_pb_row _builder_version=&#8220;4.16&#8243; global_colors_info=&#8220;{}&#8220;][et_pb_column type=&#8220;4_4&#8243; _builder_version=&#8220;4.16&#8243; global_colors_info=&#8220;{}&#8220;][et_pb_text _builder_version=&#8220;4.21.2&#8243; text_font=&#8220;|300|||||||&#8220; text_font_size=&#8220;16px&#8220; text_line_height=&#8220;1.8em&#8220; header_font=&#8220;||||||||&#8220; custom_padding=&#8220;0px||0px|||&#8220; animation_direction=&#8220;left&#8220; global_colors_info=&#8220;{}&#8220;]<\/p>\n<div class=\"\" data-block=\"true\" data-editor=\"1tt5o\" data-offset-key=\"8nfic-0-0\">\n<div class=\"_1mf _1mj\" data-offset-key=\"8nfic-0-0\">\n<div class=\"\" data-block=\"true\" data-editor=\"cm8j6\" data-offset-key=\"ed9rb-0-0\">\n<div class=\"_1mf _1mj\" data-offset-key=\"ed9rb-0-0\">\n<div class=\"\" data-block=\"true\" data-editor=\"589rq\" data-offset-key=\"6lg1-0-0\">\n<div class=\"\" data-block=\"true\" data-editor=\"7a3bt\" data-offset-key=\"5mkd0-0-0\">\n<div class=\"x11i5rnm xat24cr x1mh8g0r x1vvkbs xtlvy1s x126k92a\">\n<div dir=\"auto\">\n<div class=\"\" data-block=\"true\" data-editor=\"2p9kb\" data-offset-key=\"91pli-0-0\">\n<div class=\"_1mf _1mj\" data-offset-key=\"91pli-0-0\">\n<div class=\"\" data-block=\"true\" data-editor=\"fql8f\" data-offset-key=\"b1biq-0-0\">\n<div class=\"_1mf _1mj\" data-offset-key=\"b1biq-0-0\">\n<p>Ouverte dans de belles conditions et cl\u00f4tur\u00e9e dimanche dernier, la saison de la piscine des Combes a connu un \u00e9t\u00e9 contrast\u00e9. La fr\u00e9quentation, avec 25&#8217;356 entr\u00e9es au total, est toutefois sup\u00e9rieure \u00e0 celle des dix derni\u00e8res ann\u00e9es.<\/p>\n<p>Dans le d\u00e9tail, les mois de mai et juin sont rest\u00e9s proches de ceux de l\u2019an dernier ; juillet en revanche a vu le nombre de visiteurs plonger (7&#8217;403 entr\u00e9es, contre 12&#8217;767 en 2022), avant qu\u2019ao\u00fbt (9&#8217;184, +21%) et les quelques jours de septembre (439, +214%) ne rectifient le tir.<\/p>\n<p>Les ventes d\u2019abonnement pr\u00e9sentent quant \u00e0 elles un bilan r\u00e9jouissant, en augmentation par rapport \u00e0 2023 (642 pour les Combes seules). Financi\u00e8rement, le chiffre d\u2019affaires atteint plus de 115&#8217;000 francs, en recul de 10% par rapport \u00e0 2022, un r\u00e9sultat meilleur que le mois de juillet ne le laissait esp\u00e9rer.<\/p>\n<p>Les activit\u00e9s de la piscine des Combes ne se r\u00e9sument toutefois pas \u00e0 une ligne de chiffres. De tr\u00e8s nombreuses animations y ont \u00e9t\u00e9 propos\u00e9es tout au fil de la saison, entre la pr\u00e9sence d\u2019un ch\u00e2teau gonflable, des initiations et des cours, un \u00ab\u00a0billardfoot\u00a0\u00bb, sans oublier la F\u00eate des Combes d\u00e9but juillet. Deux entreprises y ont par ailleurs organis\u00e9 une f\u00eate pour leur personnel.<\/p>\n<p><strong>Rappel<\/strong><\/p>\n<div dir=\"auto\">Les porteurs d\u2019abonnements de saison aux Combes b\u00e9n\u00e9ficient d\u2019un acc\u00e8s gratuit \u00e0 la piscine d\u2019espaceVAL jusqu\u2019au 30 septembre. Il faut pour cela venir chercher votre entr\u00e9e \u00e0 la r\u00e9ception.<\/div>\n<div dir=\"auto\">Il est possible de prolonger l\u2019abonnement de 3 mois \u00e0 la piscine d\u2019espaceVAL pour moiti\u00e9 prix (sur le tarif plein). Offre valable du 04 au 30 septembre.<\/div>\n<\/div>\n<\/div>\n<\/div>\n<\/div>\n<\/div>\n<\/div>\n<\/div>\n<\/div>\n<\/div>\n<\/div>\n<\/div>\n<\/div>\n<p>[\/et_pb_text][\/et_pb_column][\/et_pb_row][\/et_pb_section]<\/p>\n","protected":false},"excerpt":{"rendered":"<p>Ouverte dans de belles conditions et cl\u00f4tur\u00e9e dimanche dernier, la saison de la piscine des Combes a connu un \u00e9t\u00e9 contrast\u00e9<\/p>\n","protected":false},"author":3,"featured_media":7662,"comment_status":"open","ping_status":"open","sticky":false,"template":"","format":"standard","meta":{"_et_pb_use_builder":"on","_et_pb_old_content":"","_et_gb_content_width":"","_monsterinsights_skip_tracking":false,"_monsterinsights_sitenote_active":false,"_monsterinsights_sitenote_note":"","_monsterinsights_sitenote_category":0,"footnotes":""},"categories":[13],"tags":[],"class_list":["post-8407","post","type-post","status-publish","format-standard","has-post-thumbnail","hentry","category-actualite"],"yoast_head":"<!-- This site is optimized with the Yoast SEO plugin v25.6 - https:\/\/yoast.com\/wordpress\/plugins\/seo\/ -->\n<title>Information - Retour sur la saison 2023 des Combes<\/title>\n<meta name=\"description\" content=\"Ouverte dans de belles conditions et cl\u00f4tur\u00e9e dimanche dernier, la saison de la piscine des Combes a connu un \u00e9t\u00e9 contrast\u00e9.\" \/>\n<meta name=\"robots\" content=\"index, follow, max-snippet:-1, max-image-preview:large, max-video-preview:-1\" \/>\n<link rel=\"canonical\" href=\"https:\/\/espaceval.ch\/de\/information-retour-sur-la-saison-2023-des-combes\/\" \/>\n<meta property=\"og:locale\" content=\"de_DE\" \/>\n<meta property=\"og:type\" content=\"article\" \/>\n<meta property=\"og:title\" content=\"Information - Retour sur la saison 2023 des Combes\" \/>\n<meta property=\"og:description\" content=\"Ouverte dans de belles conditions et cl\u00f4tur\u00e9e dimanche dernier, la saison de la piscine des Combes a connu un \u00e9t\u00e9 contrast\u00e9.\" \/>\n<meta property=\"og:url\" content=\"https:\/\/espaceval.ch\/de\/information-retour-sur-la-saison-2023-des-combes\/\" \/>\n<meta property=\"og:site_name\" content=\"espaceVAL\" \/>\n<meta property=\"article:published_time\" content=\"2023-09-11T13:35:03+00:00\" \/>\n<meta property=\"article:modified_time\" content=\"2023-09-14T14:47:45+00:00\" \/>\n<meta property=\"og:image\" content=\"https:\/\/espaceval.ch\/wp-content\/uploads\/2023\/02\/ARE4659_Equilibre.jpg\" \/>\n\t<meta property=\"og:image:width\" content=\"1636\" \/>\n\t<meta property=\"og:image:height\" content=\"920\" \/>\n\t<meta property=\"og:image:type\" content=\"image\/jpeg\" \/>\n<meta name=\"author\" content=\"espaceVAL\" \/>\n<meta name=\"twitter:card\" content=\"summary_large_image\" \/>\n<meta name=\"twitter:label1\" content=\"Verfasst von\" \/>\n\t<meta name=\"twitter:data1\" content=\"espaceVAL\" \/>\n\t<meta name=\"twitter:label2\" content=\"Gesch\u00e4tzte Lesezeit\" \/>\n\t<meta name=\"twitter:data2\" content=\"2\u00a0Minuten\" \/>\n<script type=\"application\/ld+json\" class=\"yoast-schema-graph\">{\"@context\":\"https:\/\/schema.org\",\"@graph\":[{\"@type\":\"WebPage\",\"@id\":\"https:\/\/espaceval.ch\/de\/information-retour-sur-la-saison-2023-des-combes\/\",\"url\":\"https:\/\/espaceval.ch\/de\/information-retour-sur-la-saison-2023-des-combes\/\",\"name\":\"Information - Retour sur la saison 2023 des Combes\",\"isPartOf\":{\"@id\":\"https:\/\/espaceval.ch\/de\/#website\"},\"primaryImageOfPage\":{\"@id\":\"https:\/\/espaceval.ch\/de\/information-retour-sur-la-saison-2023-des-combes\/#primaryimage\"},\"image\":{\"@id\":\"https:\/\/espaceval.ch\/de\/information-retour-sur-la-saison-2023-des-combes\/#primaryimage\"},\"thumbnailUrl\":\"https:\/\/espaceval.ch\/wp-content\/uploads\/2023\/02\/ARE4659_Equilibre.jpg\",\"datePublished\":\"2023-09-11T13:35:03+00:00\",\"dateModified\":\"2023-09-14T14:47:45+00:00\",\"author\":{\"@id\":\"https:\/\/espaceval.ch\/de\/#\/schema\/person\/dd22f242f1b18501ae5a3b4ed941822b\"},\"description\":\"Ouverte dans de belles conditions et cl\u00f4tur\u00e9e dimanche dernier, la saison de la piscine des Combes a connu un \u00e9t\u00e9 contrast\u00e9.\",\"breadcrumb\":{\"@id\":\"https:\/\/espaceval.ch\/de\/information-retour-sur-la-saison-2023-des-combes\/#breadcrumb\"},\"inLanguage\":\"de\",\"potentialAction\":[{\"@type\":\"ReadAction\",\"target\":[\"https:\/\/espaceval.ch\/de\/information-retour-sur-la-saison-2023-des-combes\/\"]}]},{\"@type\":\"ImageObject\",\"inLanguage\":\"de\",\"@id\":\"https:\/\/espaceval.ch\/de\/information-retour-sur-la-saison-2023-des-combes\/#primaryimage\",\"url\":\"https:\/\/espaceval.ch\/wp-content\/uploads\/2023\/02\/ARE4659_Equilibre.jpg\",\"contentUrl\":\"https:\/\/espaceval.ch\/wp-content\/uploads\/2023\/02\/ARE4659_Equilibre.jpg\",\"width\":1636,\"height\":920,\"caption\":\"Piscine des Combes Val-de-Travers 2\"},{\"@type\":\"BreadcrumbList\",\"@id\":\"https:\/\/espaceval.ch\/de\/information-retour-sur-la-saison-2023-des-combes\/#breadcrumb\",\"itemListElement\":[{\"@type\":\"ListItem\",\"position\":1,\"name\":\"Accueil\",\"item\":\"https:\/\/espaceval.ch\/de\/\"},{\"@type\":\"ListItem\",\"position\":2,\"name\":\"Information &#8211; Retour sur la saison 2023 des Combes\"}]},{\"@type\":\"WebSite\",\"@id\":\"https:\/\/espaceval.ch\/de\/#website\",\"url\":\"https:\/\/espaceval.ch\/de\/\",\"name\":\"espaceVAL\",\"description\":\"Vitalit\u00e9 | Activit\u00e9 | Loisirs\",\"potentialAction\":[{\"@type\":\"SearchAction\",\"target\":{\"@type\":\"EntryPoint\",\"urlTemplate\":\"https:\/\/espaceval.ch\/de\/?s={search_term_string}\"},\"query-input\":{\"@type\":\"PropertyValueSpecification\",\"valueRequired\":true,\"valueName\":\"search_term_string\"}}],\"inLanguage\":\"de\"},{\"@type\":\"Person\",\"@id\":\"https:\/\/espaceval.ch\/de\/#\/schema\/person\/dd22f242f1b18501ae5a3b4ed941822b\",\"name\":\"espaceVAL\",\"image\":{\"@type\":\"ImageObject\",\"inLanguage\":\"de\",\"@id\":\"https:\/\/espaceval.ch\/de\/#\/schema\/person\/image\/\",\"url\":\"https:\/\/secure.gravatar.com\/avatar\/87b3bc56f2fe224bdc10a24865523d0bd8f784e13f8c5e0d6b1921e68f16e737?s=96&d=mm&r=g\",\"contentUrl\":\"https:\/\/secure.gravatar.com\/avatar\/87b3bc56f2fe224bdc10a24865523d0bd8f784e13f8c5e0d6b1921e68f16e737?s=96&d=mm&r=g\",\"caption\":\"espaceVAL\"},\"url\":\"https:\/\/espaceval.ch\/de\/author\/tpage\/\"}]}<\/script>\n<!-- \/ Yoast SEO plugin. -->","yoast_head_json":{"title":"Information - Retour sur la saison 2023 des Combes","description":"Ouverte dans de belles conditions et cl\u00f4tur\u00e9e dimanche dernier, la saison de la piscine des Combes a connu un \u00e9t\u00e9 contrast\u00e9.","robots":{"index":"index","follow":"follow","max-snippet":"max-snippet:-1","max-image-preview":"max-image-preview:large","max-video-preview":"max-video-preview:-1"},"canonical":"https:\/\/espaceval.ch\/de\/information-retour-sur-la-saison-2023-des-combes\/","og_locale":"de_DE","og_type":"article","og_title":"Information - Retour sur la saison 2023 des Combes","og_description":"Ouverte dans de belles conditions et cl\u00f4tur\u00e9e dimanche dernier, la saison de la piscine des Combes a connu un \u00e9t\u00e9 contrast\u00e9.","og_url":"https:\/\/espaceval.ch\/de\/information-retour-sur-la-saison-2023-des-combes\/","og_site_name":"espaceVAL","article_published_time":"2023-09-11T13:35:03+00:00","article_modified_time":"2023-09-14T14:47:45+00:00","og_image":[{"width":1636,"height":920,"url":"https:\/\/espaceval.ch\/wp-content\/uploads\/2023\/02\/ARE4659_Equilibre.jpg","type":"image\/jpeg"}],"author":"espaceVAL","twitter_card":"summary_large_image","twitter_misc":{"Verfasst von":"espaceVAL","Gesch\u00e4tzte Lesezeit":"2\u00a0Minuten"},"schema":{"@context":"https:\/\/schema.org","@graph":[{"@type":"WebPage","@id":"https:\/\/espaceval.ch\/de\/information-retour-sur-la-saison-2023-des-combes\/","url":"https:\/\/espaceval.ch\/de\/information-retour-sur-la-saison-2023-des-combes\/","name":"Information - Retour sur la saison 2023 des Combes","isPartOf":{"@id":"https:\/\/espaceval.ch\/de\/#website"},"primaryImageOfPage":{"@id":"https:\/\/espaceval.ch\/de\/information-retour-sur-la-saison-2023-des-combes\/#primaryimage"},"image":{"@id":"https:\/\/espaceval.ch\/de\/information-retour-sur-la-saison-2023-des-combes\/#primaryimage"},"thumbnailUrl":"https:\/\/espaceval.ch\/wp-content\/uploads\/2023\/02\/ARE4659_Equilibre.jpg","datePublished":"2023-09-11T13:35:03+00:00","dateModified":"2023-09-14T14:47:45+00:00","author":{"@id":"https:\/\/espaceval.ch\/de\/#\/schema\/person\/dd22f242f1b18501ae5a3b4ed941822b"},"description":"Ouverte dans de belles conditions et cl\u00f4tur\u00e9e dimanche dernier, la saison de la piscine des Combes a connu un \u00e9t\u00e9 contrast\u00e9.","breadcrumb":{"@id":"https:\/\/espaceval.ch\/de\/information-retour-sur-la-saison-2023-des-combes\/#breadcrumb"},"inLanguage":"de","potentialAction":[{"@type":"ReadAction","target":["https:\/\/espaceval.ch\/de\/information-retour-sur-la-saison-2023-des-combes\/"]}]},{"@type":"ImageObject","inLanguage":"de","@id":"https:\/\/espaceval.ch\/de\/information-retour-sur-la-saison-2023-des-combes\/#primaryimage","url":"https:\/\/espaceval.ch\/wp-content\/uploads\/2023\/02\/ARE4659_Equilibre.jpg","contentUrl":"https:\/\/espaceval.ch\/wp-content\/uploads\/2023\/02\/ARE4659_Equilibre.jpg","width":1636,"height":920,"caption":"Piscine des Combes Val-de-Travers 2"},{"@type":"BreadcrumbList","@id":"https:\/\/espaceval.ch\/de\/information-retour-sur-la-saison-2023-des-combes\/#breadcrumb","itemListElement":[{"@type":"ListItem","position":1,"name":"Accueil","item":"https:\/\/espaceval.ch\/de\/"},{"@type":"ListItem","position":2,"name":"Information &#8211; Retour sur la saison 2023 des Combes"}]},{"@type":"WebSite","@id":"https:\/\/espaceval.ch\/de\/#website","url":"https:\/\/espaceval.ch\/de\/","name":"espaceVAL","description":"Vitalit\u00e9 | Activit\u00e9 | Loisirs","potentialAction":[{"@type":"SearchAction","target":{"@type":"EntryPoint","urlTemplate":"https:\/\/espaceval.ch\/de\/?s={search_term_string}"},"query-input":{"@type":"PropertyValueSpecification","valueRequired":true,"valueName":"search_term_string"}}],"inLanguage":"de"},{"@type":"Person","@id":"https:\/\/espaceval.ch\/de\/#\/schema\/person\/dd22f242f1b18501ae5a3b4ed941822b","name":"espaceVAL","image":{"@type":"ImageObject","inLanguage":"de","@id":"https:\/\/espaceval.ch\/de\/#\/schema\/person\/image\/","url":"https:\/\/secure.gravatar.com\/avatar\/87b3bc56f2fe224bdc10a24865523d0bd8f784e13f8c5e0d6b1921e68f16e737?s=96&d=mm&r=g","contentUrl":"https:\/\/secure.gravatar.com\/avatar\/87b3bc56f2fe224bdc10a24865523d0bd8f784e13f8c5e0d6b1921e68f16e737?s=96&d=mm&r=g","caption":"espaceVAL"},"url":"https:\/\/espaceval.ch\/de\/author\/tpage\/"}]}},"_links":{"self":[{"href":"https:\/\/espaceval.ch\/de\/wp-json\/wp\/v2\/posts\/8407","targetHints":{"allow":["GET"]}}],"collection":[{"href":"https:\/\/espaceval.ch\/de\/wp-json\/wp\/v2\/posts"}],"about":[{"href":"https:\/\/espaceval.ch\/de\/wp-json\/wp\/v2\/types\/post"}],"author":[{"embeddable":true,"href":"https:\/\/espaceval.ch\/de\/wp-json\/wp\/v2\/users\/3"}],"replies":[{"embeddable":true,"href":"https:\/\/espaceval.ch\/de\/wp-json\/wp\/v2\/comments?post=8407"}],"version-history":[{"count":6,"href":"https:\/\/espaceval.ch\/de\/wp-json\/wp\/v2\/posts\/8407\/revisions"}],"predecessor-version":[{"id":8418,"href":"https:\/\/espaceval.ch\/de\/wp-json\/wp\/v2\/posts\/8407\/revisions\/8418"}],"wp:featuredmedia":[{"embeddable":true,"href":"https:\/\/espaceval.ch\/de\/wp-json\/wp\/v2\/media\/7662"}],"wp:attachment":[{"href":"https:\/\/espaceval.ch\/de\/wp-json\/wp\/v2\/media?parent=8407"}],"wp:term":[{"taxonomy":"category","embeddable":true,"href":"https:\/\/espaceval.ch\/de\/wp-json\/wp\/v2\/categories?post=8407"},{"taxonomy":"post_tag","embeddable":true,"href":"https:\/\/espaceval.ch\/de\/wp-json\/wp\/v2\/tags?post=8407"}],"curies":[{"name":"wp","href":"https:\/\/api.w.org\/{rel}","templated":true}]}}