{"id":7872,"date":"2023-05-02T08:23:45","date_gmt":"2023-05-02T08:23:45","guid":{"rendered":"https:\/\/espaceval.ch\/?p=7872"},"modified":"2023-05-04T11:25:33","modified_gmt":"2023-05-04T11:25:33","slug":"information-ouverture-des-combes-2023","status":"publish","type":"post","link":"https:\/\/espaceval.ch\/de\/information-ouverture-des-combes-2023\/","title":{"rendered":"Information &#8211; Ouverture des Combes 2023"},"content":{"rendered":"<p>[et_pb_section fb_built=&#8220;1&#8243; fullwidth=&#8220;on&#8220; _builder_version=&#8220;4.16&#8243; _module_preset=&#8220;default&#8220; global_colors_info=&#8220;{}&#8220;][et_pb_fullwidth_header title=&#8220;Information&#8220; subhead=&#8220;02.05.2022&#8243; button_one_url=&#8220;https:\/\/webceg.ne.ch\/gelore_web\/gelore2_ne.pack_gelore2_web2.gelore_web4_accueil?p_societes=4&#038;p_cat=INF_SPO&#038;p_cat2=CSR&#038;p_cat3=&#038;p_cat4=&#038;p_cat5= &#8220; button_two_url=&#8220;https:\/\/espaceval.ch\/reservation-salle\/&#8220; content_max_width=&#8220;1920px&#8220; module_id=&#8220;salle&#8220; _builder_version=&#8220;4.16&#8243; title_level=&#8220;h2&#8243; title_font=&#8220;Montserrat|300|||||||&#8220; title_font_size=&#8220;58px&#8220; title_line_height=&#8220;1.2em&#8220; content_font=&#8220;||||||||&#8220; content_font_size=&#8220;20px&#8220; content_line_height=&#8220;1.8em&#8220; background_color=&#8220;#ef7a3f&#8220; background_color_gradient_direction=&#8220;90deg&#8220; background_enable_image=&#8220;off&#8220; custom_button_one=&#8220;on&#8220; button_one_text_size=&#8220;16px&#8220; button_one_bg_color=&#8220;#372658&#8243; button_one_border_width=&#8220;10px&#8220; button_one_border_color=&#8220;#372658&#8243; button_one_border_radius=&#8220;0px&#8220; button_one_letter_spacing=&#8220;0px&#8220; button_one_font=&#8220;|300||on|||||&#8220; button_one_use_icon=&#8220;off&#8220; button_one_rel=&#8220;off|off|off|off|off&#8220; button_one_custom_margin=&#8220;|5%|||false|false&#8220; custom_button_two=&#8220;on&#8220; button_two_text_size=&#8220;16px&#8220; button_two_text_color=&#8220;#ffffff&#8220; button_two_bg_color=&#8220;#60528d&#8220; button_two_border_width=&#8220;10px&#8220; button_two_border_color=&#8220;#60528d&#8220; button_two_border_radius=&#8220;0px&#8220; button_two_letter_spacing=&#8220;0px&#8220; button_two_font=&#8220;|300||on|||||&#8220; button_two_use_icon=&#8220;off&#8220; button_two_custom_margin=&#8220;|||0px|false|false&#8220; custom_margin=&#8220;|||&#8220; custom_padding=&#8220;8%||8%|&#8220; link_option_url_new_window=&#8220;on&#8220; button_one_letter_spacing_hover=&#8220;1px&#8220; button_two_letter_spacing_hover=&#8220;1px&#8220; global_colors_info=&#8220;{}&#8220; button_one_text_size__hover_enabled=&#8220;off&#8220; button_two_text_size__hover_enabled=&#8220;off&#8220; button_one_text_color__hover_enabled=&#8220;off&#8220; button_two_text_color__hover_enabled=&#8220;off&#8220; button_one_border_width__hover_enabled=&#8220;off&#8220; button_two_border_width__hover_enabled=&#8220;off&#8220; button_one_border_color__hover_enabled=&#8220;on|hover&#8220; button_two_border_color__hover_enabled=&#8220;on|hover&#8220; button_one_border_radius__hover_enabled=&#8220;off&#8220; button_two_border_radius__hover_enabled=&#8220;off&#8220; button_one_letter_spacing__hover_enabled=&#8220;off|desktop&#8220; button_one_letter_spacing__hover=&#8220;1px&#8220; button_two_letter_spacing__hover_enabled=&#8220;off|hover&#8220; button_two_letter_spacing__hover=&#8220;1px&#8220; button_one_bg_color__hover_enabled=&#8220;on|hover&#8220; button_two_bg_color__hover_enabled=&#8220;on|hover&#8220; button_one_bg_color__hover=&#8220;#60528d&#8220; button_one_bg_enable_color__hover=&#8220;on&#8220; button_one_border_color__hover=&#8220;#60528d&#8220; button_two_bg_color__hover=&#8220;#372658&#8243; button_two_bg_enable_color__hover=&#8220;on&#8220; button_two_border_color__hover=&#8220;#372658&#8243;]<\/p>\n<h3>Ouverture de la piscine des Combes<\/h3>\n<p>[\/et_pb_fullwidth_header][\/et_pb_section][et_pb_section fb_built=&#8220;1&#8243; disabled_on=&#8220;off|off|off&#8220; _builder_version=&#8220;4.16&#8243; custom_padding=&#8220;||0px|||&#8220; global_colors_info=&#8220;{}&#8220;][et_pb_row _builder_version=&#8220;4.16&#8243; global_colors_info=&#8220;{}&#8220;][et_pb_column type=&#8220;4_4&#8243; _builder_version=&#8220;4.16&#8243; global_colors_info=&#8220;{}&#8220;][et_pb_text _builder_version=&#8220;4.20.4&#8243; text_font=&#8220;|300|||||||&#8220; text_font_size=&#8220;16px&#8220; text_line_height=&#8220;1.8em&#8220; header_font=&#8220;||||||||&#8220; custom_padding=&#8220;0px||0px|||&#8220; animation_direction=&#8220;left&#8220; global_colors_info=&#8220;{}&#8220;]<\/p>\n<div class=\"\" data-block=\"true\" data-editor=\"1tt5o\" data-offset-key=\"8nfic-0-0\">\n<div data-offset-key=\"8nfic-0-0\" class=\"_1mf _1mj\">\n<div class=\"\" data-block=\"true\" data-editor=\"cm8j6\" data-offset-key=\"ed9rb-0-0\">\n<div data-offset-key=\"ed9rb-0-0\" class=\"_1mf _1mj\"><strong><span style=\"font-size: 16px;\">Ouverture de la piscine le samedi 27 mai et f<\/span><span style=\"font-size: 16px;\">ermeture le dimanche 03 septembre.<\/span><\/strong><\/div>\n<div data-offset-key=\"ed9rb-0-0\" class=\"_1mf _1mj\"><span style=\"font-size: 16px;\"><\/span><\/div>\n<\/div>\n<div class=\"\" data-block=\"true\" data-editor=\"cm8j6\" data-offset-key=\"b2ga9-0-0\">\n<ul>\n<li data-offset-key=\"b2ga9-0-0\" class=\"_1mf _1mj\"><span style=\"font-size: 16px;\">Tous les jours de 09h30 \u00e0 19h00<\/span><\/li>\n<li data-offset-key=\"b2ga9-0-0\" class=\"_1mf _1mj\">En cas de beau temps, la piscine peut fermer plus tard<\/li>\n<li data-offset-key=\"b2ga9-0-0\" class=\"_1mf _1mj\">Possibilit\u00e9 de louer un casier \u00e0 la saison directement sur place<\/li>\n<li data-offset-key=\"b2ga9-0-0\" class=\"_1mf _1mj\">Parasols \u00e0 disposition gratuitement<\/li>\n<li data-offset-key=\"b2ga9-0-0\" class=\"_1mf _1mj\"><span data-offset-key=\"60ljk-0-0\">N&#8217;oubliez pas que les porteurs d\u2019un abonnement \u00e0 la piscine d\u2019espaceVAL peuvent acheter l\u2019abonnement de saison aux Combes \u00e0 50% (sur les tarifs pleins et non &#8222;domicili\u00e9s&#8220;). N\u00e9anmoins l\u2019abonnement doit couvrir la p\u00e9riode des Combes.<\/span><\/li>\n<\/ul>\n<p><strong>\u00a0Garantie eau<\/strong><\/p>\n<ul>\n<li>Lorsque les conditions m\u00e9t\u00e9orologiques sont mauvaises et que la piscine est ferm\u00e9e, les porteurs d\u2019abonnements saison aux Combes ont acc\u00e8s gratuitement \u00e0 la piscine d\u2019espaceVAL<\/li>\n<li>Durant la fermeture de la piscine d\u2019espaceVAL (du lundi 17 juillet au dimanche 30 juillet), les porteurs d\u2019abonnements \u00e0 la piscine d\u2019espaceVAL ont acc\u00e8s gratuitement \u00e0 la piscine des Combes\u00a0<\/li>\n<\/ul>\n<p><strong style=\"font-size: 16px;\">En fin de saison\u00a0<\/strong><\/p>\n<ul>\n<li>Les porteurs d\u2019abonnements de saison aux Combes b\u00e9n\u00e9ficient d\u2019un acc\u00e8s gratuit \u00e0 la piscine d\u2019espaceVAL jusqu\u2019au 30 septembre avec possibilit\u00e9 de prolonger l\u2019abonnement de 3 mois \u00e0 moiti\u00e9 prix. Offre valable du 04 au 30 septembre.<\/li>\n<li><span>Les\u00a0<\/span><span><a tabindex=\"-1\"><\/a><\/span><span>locataires de casiers \u00e0 la saison sont pri\u00e9s de restituer les cl\u00e9s \u00e0 la caisse avant la fermeture des Combes ou \u00e0 la r\u00e9ception d\u2019espaceVAL d\u00e8s le 04 septembre<\/span><span><\/span><\/li>\n<\/ul>\n<p><strong>Durant la saison<\/strong><\/p>\n<p>R\u00e9servez d\u00e9j\u00e0 le samedi 1er juillet pour <strong>la f\u00eate de la piscine des Combes<\/strong><\/p>\n<\/div>\n<div class=\"\" data-block=\"true\" data-editor=\"cm8j6\" data-offset-key=\"4c3nj-0-0\">\n<div data-offset-key=\"4c3nj-0-0\" class=\"_1mf _1mj\">D&#8217;autres activit\u00e9s seront d\u00e9voil\u00e9es prochainement. Restez \u00e0 l&#8217;\u00e9coute \ud83d\ude42\u00a0<\/div>\n<\/div>\n<\/div>\n<\/div>\n<div class=\"\" data-block=\"true\" data-editor=\"1tt5o\" data-offset-key=\"bfs91-0-0\">\n<div data-offset-key=\"bfs91-0-0\" class=\"_1mf _1mj\"><span style=\"font-size: 16px;\"><\/span><\/div>\n<\/div>\n<p>[\/et_pb_text][\/et_pb_column][\/et_pb_row][\/et_pb_section]<\/p>\n","protected":false},"excerpt":{"rendered":"<p>Ouverture de la piscine le samedi 27 mai et fermeture le dimanche 03 septembre. Tous les jours de 09h30 \u00e0 19h00.<\/p>\n","protected":false},"author":3,"featured_media":6027,"comment_status":"open","ping_status":"open","sticky":false,"template":"","format":"standard","meta":{"_et_pb_use_builder":"on","_et_pb_old_content":"","_et_gb_content_width":"","_monsterinsights_skip_tracking":false,"_monsterinsights_sitenote_active":false,"_monsterinsights_sitenote_note":"","_monsterinsights_sitenote_category":0,"footnotes":""},"categories":[13],"tags":[],"class_list":["post-7872","post","type-post","status-publish","format-standard","has-post-thumbnail","hentry","category-actualite"],"yoast_head":"<!-- This site is optimized with the Yoast SEO plugin v25.6 - https:\/\/yoast.com\/wordpress\/plugins\/seo\/ -->\n<title>Information - Ouverture piscine des Combes 2022 | Samedi 27 mai<\/title>\n<meta name=\"description\" content=\"Ouverture de la piscine le samedi 27 mai et fermeture le dimanche 03 septembre. Tous les jours de 09h30 \u00e0 19h00.\" \/>\n<meta name=\"robots\" content=\"index, follow, max-snippet:-1, max-image-preview:large, max-video-preview:-1\" \/>\n<link rel=\"canonical\" href=\"https:\/\/espaceval.ch\/de\/information-ouverture-des-combes-2023\/\" \/>\n<meta property=\"og:locale\" content=\"de_DE\" \/>\n<meta property=\"og:type\" content=\"article\" \/>\n<meta property=\"og:title\" content=\"Information - Ouverture piscine des Combes 2022 | Samedi 27 mai\" \/>\n<meta property=\"og:description\" content=\"Ouverture de la piscine le samedi 27 mai et fermeture le dimanche 03 septembre. Tous les jours de 09h30 \u00e0 19h00.\" \/>\n<meta property=\"og:url\" content=\"https:\/\/espaceval.ch\/de\/information-ouverture-des-combes-2023\/\" \/>\n<meta property=\"og:site_name\" content=\"espaceVAL\" \/>\n<meta property=\"article:published_time\" content=\"2023-05-02T08:23:45+00:00\" \/>\n<meta property=\"article:modified_time\" content=\"2023-05-04T11:25:33+00:00\" \/>\n<meta property=\"og:image\" content=\"https:\/\/espaceval.ch\/wp-content\/uploads\/2022\/05\/Ouverture-piscine-des-Combes.jpg\" \/>\n\t<meta property=\"og:image:width\" content=\"960\" \/>\n\t<meta property=\"og:image:height\" content=\"600\" \/>\n\t<meta property=\"og:image:type\" content=\"image\/jpeg\" \/>\n<meta name=\"author\" content=\"espaceVAL\" \/>\n<meta name=\"twitter:card\" content=\"summary_large_image\" \/>\n<meta name=\"twitter:label1\" content=\"Verfasst von\" \/>\n\t<meta name=\"twitter:data1\" content=\"espaceVAL\" \/>\n\t<meta name=\"twitter:label2\" content=\"Gesch\u00e4tzte Lesezeit\" \/>\n\t<meta name=\"twitter:data2\" content=\"2\u00a0Minuten\" \/>\n<script type=\"application\/ld+json\" class=\"yoast-schema-graph\">{\"@context\":\"https:\/\/schema.org\",\"@graph\":[{\"@type\":\"WebPage\",\"@id\":\"https:\/\/espaceval.ch\/de\/information-ouverture-des-combes-2023\/\",\"url\":\"https:\/\/espaceval.ch\/de\/information-ouverture-des-combes-2023\/\",\"name\":\"Information - Ouverture piscine des Combes 2022 | Samedi 27 mai\",\"isPartOf\":{\"@id\":\"https:\/\/espaceval.ch\/de\/#website\"},\"primaryImageOfPage\":{\"@id\":\"https:\/\/espaceval.ch\/de\/information-ouverture-des-combes-2023\/#primaryimage\"},\"image\":{\"@id\":\"https:\/\/espaceval.ch\/de\/information-ouverture-des-combes-2023\/#primaryimage\"},\"thumbnailUrl\":\"https:\/\/espaceval.ch\/wp-content\/uploads\/2022\/05\/Ouverture-piscine-des-Combes.jpg\",\"datePublished\":\"2023-05-02T08:23:45+00:00\",\"dateModified\":\"2023-05-04T11:25:33+00:00\",\"author\":{\"@id\":\"https:\/\/espaceval.ch\/de\/#\/schema\/person\/dd22f242f1b18501ae5a3b4ed941822b\"},\"description\":\"Ouverture de la piscine le samedi 27 mai et fermeture le dimanche 03 septembre. Tous les jours de 09h30 \u00e0 19h00.\",\"breadcrumb\":{\"@id\":\"https:\/\/espaceval.ch\/de\/information-ouverture-des-combes-2023\/#breadcrumb\"},\"inLanguage\":\"de\",\"potentialAction\":[{\"@type\":\"ReadAction\",\"target\":[\"https:\/\/espaceval.ch\/de\/information-ouverture-des-combes-2023\/\"]}]},{\"@type\":\"ImageObject\",\"inLanguage\":\"de\",\"@id\":\"https:\/\/espaceval.ch\/de\/information-ouverture-des-combes-2023\/#primaryimage\",\"url\":\"https:\/\/espaceval.ch\/wp-content\/uploads\/2022\/05\/Ouverture-piscine-des-Combes.jpg\",\"contentUrl\":\"https:\/\/espaceval.ch\/wp-content\/uploads\/2022\/05\/Ouverture-piscine-des-Combes.jpg\",\"width\":960,\"height\":600},{\"@type\":\"BreadcrumbList\",\"@id\":\"https:\/\/espaceval.ch\/de\/information-ouverture-des-combes-2023\/#breadcrumb\",\"itemListElement\":[{\"@type\":\"ListItem\",\"position\":1,\"name\":\"Accueil\",\"item\":\"https:\/\/espaceval.ch\/de\/\"},{\"@type\":\"ListItem\",\"position\":2,\"name\":\"Information &#8211; Ouverture des Combes 2023\"}]},{\"@type\":\"WebSite\",\"@id\":\"https:\/\/espaceval.ch\/de\/#website\",\"url\":\"https:\/\/espaceval.ch\/de\/\",\"name\":\"espaceVAL\",\"description\":\"Vitalit\u00e9 | Activit\u00e9 | Loisirs\",\"potentialAction\":[{\"@type\":\"SearchAction\",\"target\":{\"@type\":\"EntryPoint\",\"urlTemplate\":\"https:\/\/espaceval.ch\/de\/?s={search_term_string}\"},\"query-input\":{\"@type\":\"PropertyValueSpecification\",\"valueRequired\":true,\"valueName\":\"search_term_string\"}}],\"inLanguage\":\"de\"},{\"@type\":\"Person\",\"@id\":\"https:\/\/espaceval.ch\/de\/#\/schema\/person\/dd22f242f1b18501ae5a3b4ed941822b\",\"name\":\"espaceVAL\",\"image\":{\"@type\":\"ImageObject\",\"inLanguage\":\"de\",\"@id\":\"https:\/\/espaceval.ch\/de\/#\/schema\/person\/image\/\",\"url\":\"https:\/\/secure.gravatar.com\/avatar\/87b3bc56f2fe224bdc10a24865523d0bd8f784e13f8c5e0d6b1921e68f16e737?s=96&d=mm&r=g\",\"contentUrl\":\"https:\/\/secure.gravatar.com\/avatar\/87b3bc56f2fe224bdc10a24865523d0bd8f784e13f8c5e0d6b1921e68f16e737?s=96&d=mm&r=g\",\"caption\":\"espaceVAL\"},\"url\":\"https:\/\/espaceval.ch\/de\/author\/tpage\/\"}]}<\/script>\n<!-- \/ Yoast SEO plugin. -->","yoast_head_json":{"title":"Information - Ouverture piscine des Combes 2022 | Samedi 27 mai","description":"Ouverture de la piscine le samedi 27 mai et fermeture le dimanche 03 septembre. Tous les jours de 09h30 \u00e0 19h00.","robots":{"index":"index","follow":"follow","max-snippet":"max-snippet:-1","max-image-preview":"max-image-preview:large","max-video-preview":"max-video-preview:-1"},"canonical":"https:\/\/espaceval.ch\/de\/information-ouverture-des-combes-2023\/","og_locale":"de_DE","og_type":"article","og_title":"Information - Ouverture piscine des Combes 2022 | Samedi 27 mai","og_description":"Ouverture de la piscine le samedi 27 mai et fermeture le dimanche 03 septembre. Tous les jours de 09h30 \u00e0 19h00.","og_url":"https:\/\/espaceval.ch\/de\/information-ouverture-des-combes-2023\/","og_site_name":"espaceVAL","article_published_time":"2023-05-02T08:23:45+00:00","article_modified_time":"2023-05-04T11:25:33+00:00","og_image":[{"width":960,"height":600,"url":"https:\/\/espaceval.ch\/wp-content\/uploads\/2022\/05\/Ouverture-piscine-des-Combes.jpg","type":"image\/jpeg"}],"author":"espaceVAL","twitter_card":"summary_large_image","twitter_misc":{"Verfasst von":"espaceVAL","Gesch\u00e4tzte Lesezeit":"2\u00a0Minuten"},"schema":{"@context":"https:\/\/schema.org","@graph":[{"@type":"WebPage","@id":"https:\/\/espaceval.ch\/de\/information-ouverture-des-combes-2023\/","url":"https:\/\/espaceval.ch\/de\/information-ouverture-des-combes-2023\/","name":"Information - Ouverture piscine des Combes 2022 | Samedi 27 mai","isPartOf":{"@id":"https:\/\/espaceval.ch\/de\/#website"},"primaryImageOfPage":{"@id":"https:\/\/espaceval.ch\/de\/information-ouverture-des-combes-2023\/#primaryimage"},"image":{"@id":"https:\/\/espaceval.ch\/de\/information-ouverture-des-combes-2023\/#primaryimage"},"thumbnailUrl":"https:\/\/espaceval.ch\/wp-content\/uploads\/2022\/05\/Ouverture-piscine-des-Combes.jpg","datePublished":"2023-05-02T08:23:45+00:00","dateModified":"2023-05-04T11:25:33+00:00","author":{"@id":"https:\/\/espaceval.ch\/de\/#\/schema\/person\/dd22f242f1b18501ae5a3b4ed941822b"},"description":"Ouverture de la piscine le samedi 27 mai et fermeture le dimanche 03 septembre. Tous les jours de 09h30 \u00e0 19h00.","breadcrumb":{"@id":"https:\/\/espaceval.ch\/de\/information-ouverture-des-combes-2023\/#breadcrumb"},"inLanguage":"de","potentialAction":[{"@type":"ReadAction","target":["https:\/\/espaceval.ch\/de\/information-ouverture-des-combes-2023\/"]}]},{"@type":"ImageObject","inLanguage":"de","@id":"https:\/\/espaceval.ch\/de\/information-ouverture-des-combes-2023\/#primaryimage","url":"https:\/\/espaceval.ch\/wp-content\/uploads\/2022\/05\/Ouverture-piscine-des-Combes.jpg","contentUrl":"https:\/\/espaceval.ch\/wp-content\/uploads\/2022\/05\/Ouverture-piscine-des-Combes.jpg","width":960,"height":600},{"@type":"BreadcrumbList","@id":"https:\/\/espaceval.ch\/de\/information-ouverture-des-combes-2023\/#breadcrumb","itemListElement":[{"@type":"ListItem","position":1,"name":"Accueil","item":"https:\/\/espaceval.ch\/de\/"},{"@type":"ListItem","position":2,"name":"Information &#8211; Ouverture des Combes 2023"}]},{"@type":"WebSite","@id":"https:\/\/espaceval.ch\/de\/#website","url":"https:\/\/espaceval.ch\/de\/","name":"espaceVAL","description":"Vitalit\u00e9 | Activit\u00e9 | Loisirs","potentialAction":[{"@type":"SearchAction","target":{"@type":"EntryPoint","urlTemplate":"https:\/\/espaceval.ch\/de\/?s={search_term_string}"},"query-input":{"@type":"PropertyValueSpecification","valueRequired":true,"valueName":"search_term_string"}}],"inLanguage":"de"},{"@type":"Person","@id":"https:\/\/espaceval.ch\/de\/#\/schema\/person\/dd22f242f1b18501ae5a3b4ed941822b","name":"espaceVAL","image":{"@type":"ImageObject","inLanguage":"de","@id":"https:\/\/espaceval.ch\/de\/#\/schema\/person\/image\/","url":"https:\/\/secure.gravatar.com\/avatar\/87b3bc56f2fe224bdc10a24865523d0bd8f784e13f8c5e0d6b1921e68f16e737?s=96&d=mm&r=g","contentUrl":"https:\/\/secure.gravatar.com\/avatar\/87b3bc56f2fe224bdc10a24865523d0bd8f784e13f8c5e0d6b1921e68f16e737?s=96&d=mm&r=g","caption":"espaceVAL"},"url":"https:\/\/espaceval.ch\/de\/author\/tpage\/"}]}},"_links":{"self":[{"href":"https:\/\/espaceval.ch\/de\/wp-json\/wp\/v2\/posts\/7872","targetHints":{"allow":["GET"]}}],"collection":[{"href":"https:\/\/espaceval.ch\/de\/wp-json\/wp\/v2\/posts"}],"about":[{"href":"https:\/\/espaceval.ch\/de\/wp-json\/wp\/v2\/types\/post"}],"author":[{"embeddable":true,"href":"https:\/\/espaceval.ch\/de\/wp-json\/wp\/v2\/users\/3"}],"replies":[{"embeddable":true,"href":"https:\/\/espaceval.ch\/de\/wp-json\/wp\/v2\/comments?post=7872"}],"version-history":[{"count":9,"href":"https:\/\/espaceval.ch\/de\/wp-json\/wp\/v2\/posts\/7872\/revisions"}],"predecessor-version":[{"id":7891,"href":"https:\/\/espaceval.ch\/de\/wp-json\/wp\/v2\/posts\/7872\/revisions\/7891"}],"wp:featuredmedia":[{"embeddable":true,"href":"https:\/\/espaceval.ch\/de\/wp-json\/wp\/v2\/media\/6027"}],"wp:attachment":[{"href":"https:\/\/espaceval.ch\/de\/wp-json\/wp\/v2\/media?parent=7872"}],"wp:term":[{"taxonomy":"category","embeddable":true,"href":"https:\/\/espaceval.ch\/de\/wp-json\/wp\/v2\/categories?post=7872"},{"taxonomy":"post_tag","embeddable":true,"href":"https:\/\/espaceval.ch\/de\/wp-json\/wp\/v2\/tags?post=7872"}],"curies":[{"name":"wp","href":"https:\/\/api.w.org\/{rel}","templated":true}]}}