{"id":6722,"date":"2022-09-15T14:23:38","date_gmt":"2022-09-15T14:23:38","guid":{"rendered":"https:\/\/espaceval.ch\/?p=6722"},"modified":"2024-09-09T06:04:24","modified_gmt":"2024-09-09T06:04:24","slug":"exposition-benjamin-locatelli","status":"publish","type":"post","link":"https:\/\/espaceval.ch\/de\/exposition-benjamin-locatelli\/","title":{"rendered":"Exposition &#8211; Benjamin Locatelli"},"content":{"rendered":"<p>[et_pb_section fb_built=&#8220;1&#8243; fullwidth=&#8220;on&#8220; admin_label=&#8220;Call to Action&#8220; _builder_version=&#8220;4.16&#8243; animation_style=&#8220;slide&#8220; animation_direction=&#8220;bottom&#8220; animation_intensity_slide=&#8220;6%&#8220; animation_starting_opacity=&#8220;100%&#8220; locked=&#8220;off&#8220; global_colors_info=&#8220;{}&#8220;][et_pb_fullwidth_header title=&#8220;Artiste graffeur&#8220; button_one_url=&#8220;https:\/\/www.ecole-club.ch\/Offre\/Aquafitness-eau-non-profonde-VdT&#8211;E_1433423_1402&#8243; button_two_url=&#8220;https:\/\/www.ecole-club.ch\/Offre\/Aquafitness-eau-non-profonde-VdT&#8211;E_1433423_1402#\/book0#toppage&#8220; content_max_width=&#8220;800px&#8220; _builder_version=&#8220;4.17.4&#8243; title_level=&#8220;h2&#8243; title_font=&#8220;Montserrat|300|||||||&#8220; title_font_size=&#8220;58px&#8220; title_line_height=&#8220;1.2em&#8220; content_font=&#8220;|300|||||||&#8220; content_font_size=&#8220;16px&#8220; content_line_height=&#8220;1.8em&#8220; background_color=&#8220;rgba(255, 255, 255, 0)&#8220; use_background_color_gradient=&#8220;on&#8220; background_color_gradient_direction=&#8220;90deg&#8220; background_color_gradient_stops=&#8220;rgba(0,0,0,0.75) 0%|rgba(0,0,0,0) 100%&#8220; background_color_gradient_overlays_image=&#8220;on&#8220; background_color_gradient_start=&#8220;rgba(0,0,0,0.75)&#8220; background_color_gradient_end=&#8220;rgba(0,0,0,0)&#8220; background_image=&#8220;https:\/\/espaceval.ch\/wp-content\/uploads\/2022\/09\/benjamin-locatelli-banniere.jpg&#8220; custom_button_one=&#8220;on&#8220; button_one_text_size=&#8220;16px&#8220; button_one_bg_color=&#8220;#f5a378&#8243; button_one_border_width=&#8220;10px&#8220; button_one_border_color=&#8220;#f5a378&#8243; button_one_border_radius=&#8220;0px&#8220; button_one_letter_spacing=&#8220;0px&#8220; button_one_font=&#8220;|300||on|||||&#8220; button_one_use_icon=&#8220;off&#8220; button_one_custom_margin=&#8220;|5%|||false|false&#8220; custom_button_two=&#8220;on&#8220; button_two_text_size=&#8220;16px&#8220; button_two_text_color=&#8220;#ffffff&#8220; button_two_bg_color=&#8220;#ef7a3f&#8220; button_two_border_width=&#8220;10px&#8220; button_two_border_color=&#8220;#ef7a3f&#8220; button_two_border_radius=&#8220;0px&#8220; button_two_letter_spacing=&#8220;0px&#8220; button_two_font=&#8220;|300||on|||||&#8220; button_two_use_icon=&#8220;off&#8220; button_two_custom_margin=&#8220;|||0px|false|false&#8220; custom_margin=&#8220;|||&#8220; custom_padding=&#8220;8%||8%|&#8220; button_one_letter_spacing_hover=&#8220;1px&#8220; button_two_letter_spacing_hover=&#8220;1px&#8220; global_colors_info=&#8220;{}&#8220; button_one_text_size__hover_enabled=&#8220;off&#8220; button_two_text_size__hover_enabled=&#8220;off&#8220; button_one_text_color__hover_enabled=&#8220;off&#8220; button_two_text_color__hover_enabled=&#8220;off&#8220; button_one_border_width__hover_enabled=&#8220;off&#8220; button_two_border_width__hover_enabled=&#8220;off&#8220; button_one_border_color__hover_enabled=&#8220;on|hover&#8220; button_two_border_color__hover_enabled=&#8220;on|desktop&#8220; button_one_border_radius__hover_enabled=&#8220;off&#8220; button_two_border_radius__hover_enabled=&#8220;off&#8220; button_one_letter_spacing__hover_enabled=&#8220;off|desktop&#8220; button_one_letter_spacing__hover=&#8220;1px&#8220; button_two_letter_spacing__hover_enabled=&#8220;off|hover&#8220; button_two_letter_spacing__hover=&#8220;1px&#8220; button_one_bg_color__hover_enabled=&#8220;on|hover&#8220; button_two_bg_color__hover_enabled=&#8220;on|hover&#8220; button_one_bg_color__hover=&#8220;#e53f12&#8243; button_one_bg_enable_color__hover=&#8220;on&#8220; button_one_border_color__hover=&#8220;#e53f12&#8243; button_two_bg_color__hover=&#8220;#e53f12&#8243; button_two_bg_enable_color__hover=&#8220;on&#8220; button_two_border_color__hover=&#8220;#e53f12&#8243;]<\/p>\n<h3>Benjamin Locatelli<\/h3>\n<p>[\/et_pb_fullwidth_header][\/et_pb_section][et_pb_section fb_built=&#8220;1&#8243; _builder_version=&#8220;4.16&#8243; custom_padding=&#8220;0px|0px|0px|0px|false|false&#8220; global_colors_info=&#8220;{}&#8220;][et_pb_row column_structure=&#8220;3_5,2_5&#8243; use_custom_gutter=&#8220;on&#8220; gutter_width=&#8220;1&#8243; make_equal=&#8220;on&#8220; _builder_version=&#8220;4.16&#8243; width=&#8220;100%&#8220; max_width=&#8220;100%&#8220; custom_margin=&#8220;||||false|false&#8220; custom_padding=&#8220;0px||0px||false|false&#8220; global_colors_info=&#8220;{}&#8220;][et_pb_column type=&#8220;3_5&#8243; _builder_version=&#8220;4.16&#8243; custom_padding=&#8220;80px|5%|80px|80px|false|false&#8220; global_colors_info=&#8220;{}&#8220;][et_pb_text _builder_version=&#8220;4.16&#8243; header_2_font=&#8220;Montserrat|300|||||||&#8220; header_2_text_align=&#8220;left&#8220; header_2_font_size=&#8220;58px&#8220; custom_margin=&#8220;||15px||false|false&#8220; header_2_font_size_tablet=&#8220;&#8220; header_2_font_size_phone=&#8220;40px&#8220; header_2_font_size_last_edited=&#8220;on|phone&#8220; global_colors_info=&#8220;{}&#8220;]<\/p>\n<h2>L&#8217;artiste : Benjamin Locatelli<\/h2>\n<p>[\/et_pb_text][et_pb_divider color=&#8220;#dd2e5f&#8220; _builder_version=&#8220;4.16&#8243; _module_preset=&#8220;default&#8220; width=&#8220;8%&#8220; global_colors_info=&#8220;{}&#8220;][\/et_pb_divider][et_pb_text _builder_version=&#8220;4.16&#8243; _module_preset=&#8220;default&#8220; custom_margin=&#8220;2px|||||&#8220; custom_padding=&#8220;||0px|||&#8220; global_colors_info=&#8220;{}&#8220;]<\/p>\n<p class=\"font_8\"><span>\u00a0<\/span>20 ans de Graffiti, \u00c7a laisse une marque tout comme sur un mur !<\/p>\n<p class=\"font_8\">Je n\u2019\u00e9tais pas destin\u00e9 \u00e0 faire de la peinture publique mais depuis mon plus jeune \u00e2ge j\u2018ai eu ce besoin visc\u00e9ral de m\u2019exprimer!\u00a0<\/p>\n<p class=\"font_8\">Que se soit en bmx, skate, escalade, snowboard &#8230;J\u2019avais ce besoin intense de bouger, cette soif d\u2019exp\u00e9riences, me frotter \u00e0 la vie et c\u2019est \u00e0 l\u2019ext\u00e9rieur que je me sentais libre, heureux, vivant !!!<\/p>\n<p class=\"font_8\">A contrario, l\u2019\u00e9cole repr\u00e9sentait pour moi, une prison physique et intellectuelle.\u00a0<\/p>\n<p class=\"font_8\">Impossible de m\u2019y \u00e9panouir et d\u2019apprendre comme je le souhaitais. \u00a0<\/p>\n<p class=\"font_8\">C\u2019est malgr\u00e9 tout au coll\u00e8ge en France que j\u2019ai fait l\u2019exp\u00e9rience de la libert\u00e9 urbaine !<\/p>\n<p class=\"font_8\">A 13 ans je fais la rencontre de Philippe. Il vient de banlieue Parisienne, nous partageons la m\u00eame classe et me fait d\u00e9couvrir ce qui \u00ab se fait l\u00e0-bas \u00bb en termes de graffiti.\u00a0<\/p>\n<p class=\"font_8\">Mes connaissances du sujet \u00e0 l\u2019\u00e9poque se limitaient aux balisages en for\u00eat sur les arbres et les pierres !\u00a0<\/p>\n<p class=\"font_8\">Un monde s\u2019ouvre pour moi !<\/p>\n<p>[\/et_pb_text][\/et_pb_column][et_pb_column type=&#8220;2_5&#8243; _builder_version=&#8220;4.16&#8243; custom_padding=&#8220;80px|5%|80px|80px|false|false&#8220; global_colors_info=&#8220;{}&#8220;][et_pb_image src=&#8220;https:\/\/espaceval.ch\/wp-content\/uploads\/2022\/09\/Benjamin-WEB.jpg&#8220; alt=&#8220;Benjamin Locatelli artiste&#8220; title_text=&#8220;Benjamin Locatelli artiste&#8220; _builder_version=&#8220;4.17.4&#8243; _module_preset=&#8220;default&#8220; width=&#8220;100%&#8220; module_alignment=&#8220;center&#8220; global_colors_info=&#8220;{}&#8220;][\/et_pb_image][\/et_pb_column][\/et_pb_row][et_pb_row _builder_version=&#8220;4.17.4&#8243; _module_preset=&#8220;default&#8220; custom_padding=&#8220;0px||0px|||&#8220; global_colors_info=&#8220;{}&#8220;][et_pb_column type=&#8220;4_4&#8243; _builder_version=&#8220;4.17.4&#8243; _module_preset=&#8220;default&#8220; global_colors_info=&#8220;{}&#8220;][et_pb_text _builder_version=&#8220;4.17.4&#8243; _module_preset=&#8220;default&#8220; global_colors_info=&#8220;{}&#8220;]<\/p>\n<p style=\"text-align: center;\"><iframe width=\"860\" height=\"515\" src=\"https:\/\/www.youtube.com\/embed\/uTH0M34_Srw\" title=\"YouTube video player\" frameborder=\"0\" allow=\"accelerometer; autoplay; clipboard-write; encrypted-media; gyroscope; picture-in-picture\" allowfullscreen=\"\"><\/iframe><\/p>\n<p>[\/et_pb_text][\/et_pb_column][\/et_pb_row][et_pb_row use_custom_gutter=&#8220;on&#8220; gutter_width=&#8220;1&#8243; make_equal=&#8220;on&#8220; _builder_version=&#8220;4.16&#8243; width=&#8220;100%&#8220; max_width=&#8220;100%&#8220; custom_margin=&#8220;||||false|false&#8220; custom_padding=&#8220;0px||0px||false|false&#8220; global_colors_info=&#8220;{}&#8220;][et_pb_column type=&#8220;4_4&#8243; _builder_version=&#8220;4.16&#8243; custom_padding=&#8220;80px|5%|80px|80px|false|false&#8220; global_colors_info=&#8220;{}&#8220;][et_pb_text _builder_version=&#8220;4.16&#8243; header_2_font=&#8220;Montserrat|300|||||||&#8220; header_2_text_align=&#8220;left&#8220; header_2_font_size=&#8220;58px&#8220; custom_margin=&#8220;||15px||false|false&#8220; header_2_font_size_tablet=&#8220;&#8220; header_2_font_size_phone=&#8220;40px&#8220; header_2_font_size_last_edited=&#8220;on|phone&#8220; global_colors_info=&#8220;{}&#8220;]<\/p>\n<h2>L&#8217;exposition<\/h2>\n<p>[\/et_pb_text][et_pb_divider color=&#8220;#dd2e5f&#8220; _builder_version=&#8220;4.16&#8243; _module_preset=&#8220;default&#8220; width=&#8220;8%&#8220; global_colors_info=&#8220;{}&#8220;][\/et_pb_divider][et_pb_text _builder_version=&#8220;4.16&#8243; _module_preset=&#8220;default&#8220; custom_margin=&#8220;2px|||||&#8220; custom_padding=&#8220;||0px|||&#8220; global_colors_info=&#8220;{}&#8220;]<\/p>\n<p class=\"gmail-serie-descriptiontext\" style=\"margin: 0cm; margin-bottom: .0001pt;\"><span style=\"font-family: Montserrat; color: #201f1e;\">INDIAN COLORS<o:p><\/o:p><\/span><\/p>\n<p class=\"gmail-serie-descriptiontext\" style=\"margin: 0cm; margin-bottom: .0001pt; box-sizing: border-box; max-height: none; word-break: break-word; overflow: visible;\"><span style=\"font-family: Montserrat; color: #201f1e;\">Apr\u00e8s avoir v\u00e9cu avec des tribus en plein centre de L\u2019Inde, et parcouru les grandes villes indiennes, je suis revenu ici empli de couleurs, de positivit\u00e9\u0301, et de force! Au travers de ces \u0153uvres, je cherche \u00e0 retrouver cette harmonie trouv\u00e9e l\u00e0 bas, la force et la profondeur des couleurs que l\u2019on retrouve \u00e0 chaque coins de rues ou en plein c\u0153ur de la nature. Au travers des mots, des symboles et des couleurs, je souhaite retransmettre cette positivit\u00e9 qui ressort partout, malgr\u00e9 les difficult\u00e9s et la vie toujours en effervescence.<o:p><\/o:p><\/span><\/p>\n<p class=\"gmail-serie-descriptiontext\" style=\"margin: 0cm; margin-bottom: .0001pt; box-sizing: border-box; max-height: none; word-break: break-word; overflow: visible;\"><span style=\"font-family: Montserrat; color: #201f1e;\"><o:p>\u00a0<\/o:p><\/span><\/p>\n<p class=\"gmail-serie-descriptiontext\" style=\"margin: 0cm; margin-bottom: .0001pt; box-sizing: border-box; max-height: none; word-break: break-word; overflow: visible;\"><span style=\"font-family: Montserrat; color: #201f1e;\">LOVE, LOVE, LOVE\u00a0<o:p><\/o:p><\/span><\/p>\n<p class=\"gmail-serie-descriptiontext\" style=\"margin: 0cm; margin-bottom: .0001pt; box-sizing: border-box; max-height: none; word-break: break-word; overflow: visible;\"><span style=\"font-family: Montserrat; color: #201f1e;\">\u201c C\u2019est parce-que l\u2019Amour n\u2019a pas de forme, qu\u2019il peut se vivre sous toutes ses formes \u201c Un sujet complexe que vari\u00e9, c\u2019est pourquoi j\u2019ai voulu le traiter de mani\u00e8re simple. De la r\u00e9p\u00e9tition pour symboliser le c\u00f4t\u00e9 intense et prenant. Des couleurs fortes et symbolique qui nous place tout de suite dans l\u2019ambiance, Et des coulures pour y voire ce que l\u2019on veut,<o:p><\/o:p><\/span><\/p>\n<p class=\"gmail-serie-descriptiontext\" style=\"margin: 0cm; margin-bottom: .0001pt; box-sizing: border-box; max-height: none; word-break: break-word; overflow: visible;\"><span style=\"font-family: Montserrat; color: #201f1e;\"><o:p>\u00a0<\/o:p><\/span><\/p>\n<p class=\"gmail-serie-descriptiontext\" style=\"margin: 0cm; margin-bottom: .0001pt; box-sizing: border-box; max-height: none; word-break: break-word; overflow: visible;\"><span style=\"font-family: Montserrat; color: #201f1e; background: white;\">CH10H16O<\/span><span style=\"font-family: Montserrat; color: #201f1e;\"><o:p><\/o:p><\/span><\/p>\n<p class=\"gmail-serie-descriptiontext\" style=\"margin: 0cm; margin-bottom: .0001pt; box-sizing: border-box; max-height: none; word-break: break-word; overflow: visible;\"><span style=\"font-family: Montserrat; color: #201f1e; background: white;\">L\u2019Absinthe ! Un sujet riche qui me parle, \u00e9tant natif de Pontarlier (Capital Mondial de l\u2019Absinthe) et vivant au Val de Travers (Berceau de l\u2019Absinthe). C\u2019est une histoire qui parle d\u2019artistes, d\u2019ill\u00e9galit\u00e9, de f\u00e9\u00e9rie, de folies, d&#8217;anecdotes, de strat\u00e9gie au temps de la prohibition, m\u00eame de recettes de cuisine ! Mais ce sera \u00e0 vous de d\u00e9couvrir toute cette histoire au travers de mes \u0153uvres si vous retrouvez les mots cl\u00e9s cach\u00e9s.<\/span><span style=\"font-family: Montserrat; color: #201f1e;\"><o:p><\/o:p><\/span><\/p>\n<p class=\"gmail-serie-descriptiontext\" style=\"margin: 0cm; margin-bottom: .0001pt; box-sizing: border-box; max-height: none; word-break: break-word; overflow: visible;\"><span style=\"font-family: Montserrat; color: #201f1e;\"><o:p>\u00a0<\/o:p><\/span><\/p>\n<p class=\"gmail-serie-descriptiontext\" style=\"margin: 0cm; margin-bottom: .0001pt; box-sizing: border-box; max-height: none; word-break: break-word; overflow: visible;\"><span style=\"font-family: Montserrat; color: #201f1e;\">INTERIOR CHILDREN<o:p><\/o:p><\/span><\/p>\n<p class=\"gmail-serie-descriptiontext\" style=\"margin: 0cm; margin-bottom: .0001pt; box-sizing: border-box; max-height: none; word-break: break-word; overflow: visible;\"><span style=\"font-family: Montserrat; color: #201f1e;\">Cette s\u00e9rie je la dois \u00e0 ma belle fille qui partage ma vie depuis quelques ann\u00e9es maintenant. Du haut de ces 5 ans, je la vois dessiner des c\u0153urs, des soleils, des nuages, oiseaux ou autres personnages, avec des couleurs qui nous rappellent la joie de vivre et l\u2019\u00e9nergie que l\u2019on a quand nous somme enfant. C\u2019est, sans trop de complication, avec beaucoup de couleurs et quelques symboles, que je vous propose de retrouver votre enfant int\u00e9rieur au travers de ces tableaux. Et pourquoi pas tenter l\u2019exp\u00e9rience chez vous !? \u2026<o:p><\/o:p><\/span><\/p>\n<p>[\/et_pb_text][\/et_pb_column][\/et_pb_row][et_pb_row column_structure=&#8220;1_3,1_3,1_3&#8243; use_custom_gutter=&#8220;on&#8220; gutter_width=&#8220;1&#8243; make_equal=&#8220;on&#8220; _builder_version=&#8220;4.16&#8243; width=&#8220;100%&#8220; max_width=&#8220;100%&#8220; custom_margin=&#8220;||||false|false&#8220; custom_padding=&#8220;0px||0px||false|false&#8220; global_colors_info=&#8220;{}&#8220;][et_pb_column type=&#8220;1_3&#8243; _builder_version=&#8220;4.16&#8243; custom_padding=&#8220;80px|5%|80px|80px|false|false&#8220; global_colors_info=&#8220;{}&#8220;][et_pb_image src=&#8220;https:\/\/espaceval.ch\/wp-content\/uploads\/2022\/09\/234839891_3335934936632975_3709526192187466038_n.jpg&#8220; alt=&#8220;benjamin locatelli&#8220; title_text=&#8220;benjamin locatelli tableau 3&#8243; _builder_version=&#8220;4.17.4&#8243; _module_preset=&#8220;default&#8220; global_colors_info=&#8220;{}&#8220;][\/et_pb_image][\/et_pb_column][et_pb_column type=&#8220;1_3&#8243; _builder_version=&#8220;4.16&#8243; custom_padding=&#8220;80px|5%|80px|80px|false|false&#8220; global_colors_info=&#8220;{}&#8220;][et_pb_image src=&#8220;https:\/\/espaceval.ch\/wp-content\/uploads\/2022\/09\/234754744_3335934253299710_7420077169793744207_n.jpg&#8220; alt=&#8220;benjamin locatelli&#8220; title_text=&#8220;benjamin locatelli tableau&#8220; _builder_version=&#8220;4.17.4&#8243; _module_preset=&#8220;default&#8220; global_colors_info=&#8220;{}&#8220;][\/et_pb_image][\/et_pb_column][et_pb_column type=&#8220;1_3&#8243; _builder_version=&#8220;4.16&#8243; custom_padding=&#8220;80px|5%|80px|80px|false|false&#8220; global_colors_info=&#8220;{}&#8220;][et_pb_image src=&#8220;https:\/\/espaceval.ch\/wp-content\/uploads\/2022\/09\/234882462_3335934899966312_4142057933010816230_n.jpg&#8220; alt=&#8220;benjamin locatelli&#8220; title_text=&#8220;benjamin locatelli tableau 2&#8243; _builder_version=&#8220;4.17.4&#8243; _module_preset=&#8220;default&#8220; global_colors_info=&#8220;{}&#8220;][\/et_pb_image][\/et_pb_column][\/et_pb_row][\/et_pb_section][et_pb_section fb_built=&#8220;1&#8243; _builder_version=&#8220;4.16&#8243; _module_preset=&#8220;default&#8220; background_color=&#8220;#dd2e5f&#8220; custom_padding=&#8220;0px||0px|||&#8220; global_colors_info=&#8220;{}&#8220;][et_pb_row column_structure=&#8220;1_2,1_2&#8243; use_custom_gutter=&#8220;on&#8220; gutter_width=&#8220;1&#8243; make_equal=&#8220;on&#8220; _builder_version=&#8220;4.16&#8243; background_color=&#8220;#dd2e5f&#8220; width=&#8220;100%&#8220; max_width=&#8220;100%&#8220; custom_margin=&#8220;||||false|false&#8220; custom_padding=&#8220;0px||0px||false|false&#8220; global_colors_info=&#8220;{}&#8220;][et_pb_column type=&#8220;1_2&#8243; _builder_version=&#8220;4.16&#8243; custom_padding=&#8220;80px|5%|80px|80px|false|false&#8220; global_colors_info=&#8220;{}&#8220;][et_pb_blurb title=&#8220;Date et lieu&#8220; use_icon=&#8220;on&#8220; font_icon=&#8220;&#xe023;||divi||400&#8243; icon_color=&#8220;#ffffff&#8220; _builder_version=&#8220;4.16&#8243; header_font=&#8220;|300|||||||&#8220; header_font_size=&#8220;30px&#8220; header_line_height=&#8220;1.2em&#8220; body_font=&#8220;|300|||||||&#8220; background_layout=&#8220;dark&#8220; custom_padding=&#8220;||0px|||&#8220; global_colors_info=&#8220;{}&#8220;]<\/p>\n<p>Exposition : vendredi 07 octobre 2022 au dimanche 30 octobre 2022.<\/p>\n<p style=\"text-align: left;\">Hall d&#8217;espaceVAL<\/p>\n<p>[\/et_pb_blurb][\/et_pb_column][et_pb_column type=&#8220;1_2&#8243; _builder_version=&#8220;4.16&#8243; custom_padding=&#8220;80px|5%|80px|80px|false|false&#8220; global_colors_info=&#8220;{}&#8220;][et_pb_blurb title=&#8220;Benjamin Locatelli&#8220; use_icon=&#8220;on&#8220; font_icon=&#8220;&#xe010;||divi||400&#8243; icon_color=&#8220;#ffffff&#8220; _builder_version=&#8220;4.16&#8243; header_font=&#8220;|300|||||||&#8220; header_font_size=&#8220;30px&#8220; header_line_height=&#8220;1.2em&#8220; body_font=&#8220;|300|||||||&#8220; background_layout=&#8220;dark&#8220; custom_padding=&#8220;||0px|||&#8220; locked=&#8220;off&#8220; global_colors_info=&#8220;{}&#8220;]<\/p>\n<p><span style=\"color: #ffffff;\">Mail : <a href=\"mailto:b.locatelli.contact@gmail.com\">b.locatelli.contact@gmail.com<\/a>\u00a0<\/span><span><\/span><\/p>\n<p>Site : <a href=\"https:\/\/www.writink.life\/\">https:\/\/www.writink.life\/<\/a>\u00a0<\/p>\n<p>Facebook : <a href=\"https:\/\/www.facebook.com\/WRITINKone\">https:\/\/www.facebook.com\/WRITINKone<\/a>\u00a0<\/p>\n<p>Instagram : <a href=\"https:\/\/www.instagram.com\/writink_one\/\">https:\/\/www.instagram.com\/writink_one\/<\/a>\u00a0<\/p>\n<p><span><\/span><\/p>\n<p>[\/et_pb_blurb][\/et_pb_column][\/et_pb_row][\/et_pb_section][et_pb_section fb_built=&#8220;1&#8243; _builder_version=&#8220;4.16&#8243; custom_padding=&#8220;1px||0px|||&#8220; hover_enabled=&#8220;0&#8243; locked=&#8220;off&#8220; global_colors_info=&#8220;{}&#8220; sticky_enabled=&#8220;0&#8243; custom_margin=&#8220;1px|||||&#8220;][et_pb_row use_custom_gutter=&#8220;on&#8220; gutter_width=&#8220;1&#8243; make_equal=&#8220;on&#8220; disabled_on=&#8220;off|off|off&#8220; _builder_version=&#8220;4.17.4&#8243; width=&#8220;100%&#8220; max_width=&#8220;100%&#8220; custom_margin=&#8220;2px|auto||auto|false|false&#8220; custom_padding=&#8220;0px||0px||false|false&#8220; hover_enabled=&#8220;0&#8243; global_colors_info=&#8220;{}&#8220; sticky_enabled=&#8220;0&#8243;][et_pb_column type=&#8220;4_4&#8243; _builder_version=&#8220;4.16&#8243; custom_padding=&#8220;80px|5%|80px|80px|false|false&#8220; global_colors_info=&#8220;{}&#8220;][et_pb_text _builder_version=&#8220;4.16&#8243; header_2_font=&#8220;Montserrat|300|||||||&#8220; header_2_text_align=&#8220;left&#8220; header_2_font_size=&#8220;58px&#8220; custom_margin=&#8220;||15px||false|false&#8220; header_2_font_size_tablet=&#8220;&#8220; header_2_font_size_phone=&#8220;40px&#8220; header_2_font_size_last_edited=&#8220;on|phone&#8220; global_colors_info=&#8220;{}&#8220;]<\/p>\n<h2>Atelier avec l&#8217;artiste<\/h2>\n<p>[\/et_pb_text][et_pb_divider color=&#8220;#dd2e5f&#8220; _builder_version=&#8220;4.16&#8243; _module_preset=&#8220;default&#8220; width=&#8220;8%&#8220; global_colors_info=&#8220;{}&#8220;][\/et_pb_divider][et_pb_text _builder_version=&#8220;4.16&#8243; _module_preset=&#8220;default&#8220; custom_margin=&#8220;2px|||||&#8220; custom_padding=&#8220;||0px|||&#8220; global_colors_info=&#8220;{}&#8220;]<\/p>\n<p>Profitez d&#8217;un atelier avec Benjamin pour vous familiariser avec l\u2019art du graffiti. Initiation aux techniques du spray.\u00a0<\/p>\n<p>Toutes les informations : <a href=\"https:\/\/espaceval.ch\/atelier-graph-benjamin-locatelli\/\">https:\/\/espaceval.ch\/atelier-graph-benjamin-locatelli\/<\/a>\u00a0<\/p>\n<p>[\/et_pb_text][\/et_pb_column][\/et_pb_row][\/et_pb_section]<\/p>\n","protected":false},"excerpt":{"rendered":"<p>Les \u00e9preuves de la vie peuvent \u00eatre v\u00e9cues de mani\u00e8re intense. Par la peinture j\u2019exprime des \u00e9motions, des ressentis.<\/p>\n","protected":false},"author":3,"featured_media":6731,"comment_status":"closed","ping_status":"open","sticky":false,"template":"","format":"standard","meta":{"_et_pb_use_builder":"on","_et_pb_old_content":"","_et_gb_content_width":"","_monsterinsights_skip_tracking":false,"_monsterinsights_sitenote_active":false,"_monsterinsights_sitenote_note":"","_monsterinsights_sitenote_category":0,"footnotes":""},"categories":[32],"tags":[],"class_list":["post-6722","post","type-post","status-publish","format-standard","has-post-thumbnail","hentry","category-exposition-passee"],"yoast_head":"<!-- This site is optimized with the Yoast SEO plugin v25.6 - https:\/\/yoast.com\/wordpress\/plugins\/seo\/ -->\n<title>Exposition - Benjamin Locatelli | espaceVAL<\/title>\n<meta name=\"description\" content=\"Les \u00e9preuves de la vie peuvent \u00eatre v\u00e9cues de mani\u00e8re intense. Par la peinture j\u2019exprime des \u00e9motions, des ressentis.\" \/>\n<meta name=\"robots\" content=\"index, follow, max-snippet:-1, max-image-preview:large, max-video-preview:-1\" \/>\n<link rel=\"canonical\" href=\"https:\/\/espaceval.ch\/de\/exposition-benjamin-locatelli\/\" \/>\n<meta property=\"og:locale\" content=\"de_DE\" \/>\n<meta property=\"og:type\" content=\"article\" \/>\n<meta property=\"og:title\" content=\"Exposition - Benjamin Locatelli | espaceVAL\" \/>\n<meta property=\"og:description\" content=\"Les \u00e9preuves de la vie peuvent \u00eatre v\u00e9cues de mani\u00e8re intense. Par la peinture j\u2019exprime des \u00e9motions, des ressentis.\" \/>\n<meta property=\"og:url\" content=\"https:\/\/espaceval.ch\/de\/exposition-benjamin-locatelli\/\" \/>\n<meta property=\"og:site_name\" content=\"espaceVAL\" \/>\n<meta property=\"article:published_time\" content=\"2022-09-15T14:23:38+00:00\" \/>\n<meta property=\"article:modified_time\" content=\"2024-09-09T06:04:24+00:00\" \/>\n<meta property=\"og:image\" content=\"https:\/\/espaceval.ch\/wp-content\/uploads\/2022\/09\/Benjamin-WEB.jpg\" \/>\n\t<meta property=\"og:image:width\" content=\"960\" \/>\n\t<meta property=\"og:image:height\" content=\"600\" \/>\n\t<meta property=\"og:image:type\" content=\"image\/jpeg\" \/>\n<meta name=\"author\" content=\"espaceVAL\" \/>\n<meta name=\"twitter:card\" content=\"summary_large_image\" \/>\n<meta name=\"twitter:label1\" content=\"Verfasst von\" \/>\n\t<meta name=\"twitter:data1\" content=\"espaceVAL\" \/>\n\t<meta name=\"twitter:label2\" content=\"Gesch\u00e4tzte Lesezeit\" \/>\n\t<meta name=\"twitter:data2\" content=\"10\u00a0Minuten\" \/>\n<script type=\"application\/ld+json\" class=\"yoast-schema-graph\">{\"@context\":\"https:\/\/schema.org\",\"@graph\":[{\"@type\":\"WebPage\",\"@id\":\"https:\/\/espaceval.ch\/de\/exposition-benjamin-locatelli\/\",\"url\":\"https:\/\/espaceval.ch\/de\/exposition-benjamin-locatelli\/\",\"name\":\"Exposition - Benjamin Locatelli | espaceVAL\",\"isPartOf\":{\"@id\":\"https:\/\/espaceval.ch\/de\/#website\"},\"primaryImageOfPage\":{\"@id\":\"https:\/\/espaceval.ch\/de\/exposition-benjamin-locatelli\/#primaryimage\"},\"image\":{\"@id\":\"https:\/\/espaceval.ch\/de\/exposition-benjamin-locatelli\/#primaryimage\"},\"thumbnailUrl\":\"https:\/\/espaceval.ch\/wp-content\/uploads\/2022\/09\/Benjamin-WEB.jpg\",\"datePublished\":\"2022-09-15T14:23:38+00:00\",\"dateModified\":\"2024-09-09T06:04:24+00:00\",\"author\":{\"@id\":\"https:\/\/espaceval.ch\/de\/#\/schema\/person\/dd22f242f1b18501ae5a3b4ed941822b\"},\"description\":\"Les \u00e9preuves de la vie peuvent \u00eatre v\u00e9cues de mani\u00e8re intense. Par la peinture j\u2019exprime des \u00e9motions, des ressentis.\",\"breadcrumb\":{\"@id\":\"https:\/\/espaceval.ch\/de\/exposition-benjamin-locatelli\/#breadcrumb\"},\"inLanguage\":\"de\",\"potentialAction\":[{\"@type\":\"ReadAction\",\"target\":[\"https:\/\/espaceval.ch\/de\/exposition-benjamin-locatelli\/\"]}]},{\"@type\":\"ImageObject\",\"inLanguage\":\"de\",\"@id\":\"https:\/\/espaceval.ch\/de\/exposition-benjamin-locatelli\/#primaryimage\",\"url\":\"https:\/\/espaceval.ch\/wp-content\/uploads\/2022\/09\/Benjamin-WEB.jpg\",\"contentUrl\":\"https:\/\/espaceval.ch\/wp-content\/uploads\/2022\/09\/Benjamin-WEB.jpg\",\"width\":960,\"height\":600,\"caption\":\"Benjamin Locatelli artiste\"},{\"@type\":\"BreadcrumbList\",\"@id\":\"https:\/\/espaceval.ch\/de\/exposition-benjamin-locatelli\/#breadcrumb\",\"itemListElement\":[{\"@type\":\"ListItem\",\"position\":1,\"name\":\"Accueil\",\"item\":\"https:\/\/espaceval.ch\/de\/\"},{\"@type\":\"ListItem\",\"position\":2,\"name\":\"Exposition &#8211; Benjamin Locatelli\"}]},{\"@type\":\"WebSite\",\"@id\":\"https:\/\/espaceval.ch\/de\/#website\",\"url\":\"https:\/\/espaceval.ch\/de\/\",\"name\":\"espaceVAL\",\"description\":\"Vitalit\u00e9 | Activit\u00e9 | Loisirs\",\"potentialAction\":[{\"@type\":\"SearchAction\",\"target\":{\"@type\":\"EntryPoint\",\"urlTemplate\":\"https:\/\/espaceval.ch\/de\/?s={search_term_string}\"},\"query-input\":{\"@type\":\"PropertyValueSpecification\",\"valueRequired\":true,\"valueName\":\"search_term_string\"}}],\"inLanguage\":\"de\"},{\"@type\":\"Person\",\"@id\":\"https:\/\/espaceval.ch\/de\/#\/schema\/person\/dd22f242f1b18501ae5a3b4ed941822b\",\"name\":\"espaceVAL\",\"image\":{\"@type\":\"ImageObject\",\"inLanguage\":\"de\",\"@id\":\"https:\/\/espaceval.ch\/de\/#\/schema\/person\/image\/\",\"url\":\"https:\/\/secure.gravatar.com\/avatar\/87b3bc56f2fe224bdc10a24865523d0bd8f784e13f8c5e0d6b1921e68f16e737?s=96&d=mm&r=g\",\"contentUrl\":\"https:\/\/secure.gravatar.com\/avatar\/87b3bc56f2fe224bdc10a24865523d0bd8f784e13f8c5e0d6b1921e68f16e737?s=96&d=mm&r=g\",\"caption\":\"espaceVAL\"},\"url\":\"https:\/\/espaceval.ch\/de\/author\/tpage\/\"}]}<\/script>\n<!-- \/ Yoast SEO plugin. -->","yoast_head_json":{"title":"Exposition - Benjamin Locatelli | espaceVAL","description":"Les \u00e9preuves de la vie peuvent \u00eatre v\u00e9cues de mani\u00e8re intense. Par la peinture j\u2019exprime des \u00e9motions, des ressentis.","robots":{"index":"index","follow":"follow","max-snippet":"max-snippet:-1","max-image-preview":"max-image-preview:large","max-video-preview":"max-video-preview:-1"},"canonical":"https:\/\/espaceval.ch\/de\/exposition-benjamin-locatelli\/","og_locale":"de_DE","og_type":"article","og_title":"Exposition - Benjamin Locatelli | espaceVAL","og_description":"Les \u00e9preuves de la vie peuvent \u00eatre v\u00e9cues de mani\u00e8re intense. Par la peinture j\u2019exprime des \u00e9motions, des ressentis.","og_url":"https:\/\/espaceval.ch\/de\/exposition-benjamin-locatelli\/","og_site_name":"espaceVAL","article_published_time":"2022-09-15T14:23:38+00:00","article_modified_time":"2024-09-09T06:04:24+00:00","og_image":[{"width":960,"height":600,"url":"https:\/\/espaceval.ch\/wp-content\/uploads\/2022\/09\/Benjamin-WEB.jpg","type":"image\/jpeg"}],"author":"espaceVAL","twitter_card":"summary_large_image","twitter_misc":{"Verfasst von":"espaceVAL","Gesch\u00e4tzte Lesezeit":"10\u00a0Minuten"},"schema":{"@context":"https:\/\/schema.org","@graph":[{"@type":"WebPage","@id":"https:\/\/espaceval.ch\/de\/exposition-benjamin-locatelli\/","url":"https:\/\/espaceval.ch\/de\/exposition-benjamin-locatelli\/","name":"Exposition - Benjamin Locatelli | espaceVAL","isPartOf":{"@id":"https:\/\/espaceval.ch\/de\/#website"},"primaryImageOfPage":{"@id":"https:\/\/espaceval.ch\/de\/exposition-benjamin-locatelli\/#primaryimage"},"image":{"@id":"https:\/\/espaceval.ch\/de\/exposition-benjamin-locatelli\/#primaryimage"},"thumbnailUrl":"https:\/\/espaceval.ch\/wp-content\/uploads\/2022\/09\/Benjamin-WEB.jpg","datePublished":"2022-09-15T14:23:38+00:00","dateModified":"2024-09-09T06:04:24+00:00","author":{"@id":"https:\/\/espaceval.ch\/de\/#\/schema\/person\/dd22f242f1b18501ae5a3b4ed941822b"},"description":"Les \u00e9preuves de la vie peuvent \u00eatre v\u00e9cues de mani\u00e8re intense. Par la peinture j\u2019exprime des \u00e9motions, des ressentis.","breadcrumb":{"@id":"https:\/\/espaceval.ch\/de\/exposition-benjamin-locatelli\/#breadcrumb"},"inLanguage":"de","potentialAction":[{"@type":"ReadAction","target":["https:\/\/espaceval.ch\/de\/exposition-benjamin-locatelli\/"]}]},{"@type":"ImageObject","inLanguage":"de","@id":"https:\/\/espaceval.ch\/de\/exposition-benjamin-locatelli\/#primaryimage","url":"https:\/\/espaceval.ch\/wp-content\/uploads\/2022\/09\/Benjamin-WEB.jpg","contentUrl":"https:\/\/espaceval.ch\/wp-content\/uploads\/2022\/09\/Benjamin-WEB.jpg","width":960,"height":600,"caption":"Benjamin Locatelli artiste"},{"@type":"BreadcrumbList","@id":"https:\/\/espaceval.ch\/de\/exposition-benjamin-locatelli\/#breadcrumb","itemListElement":[{"@type":"ListItem","position":1,"name":"Accueil","item":"https:\/\/espaceval.ch\/de\/"},{"@type":"ListItem","position":2,"name":"Exposition &#8211; Benjamin Locatelli"}]},{"@type":"WebSite","@id":"https:\/\/espaceval.ch\/de\/#website","url":"https:\/\/espaceval.ch\/de\/","name":"espaceVAL","description":"Vitalit\u00e9 | Activit\u00e9 | Loisirs","potentialAction":[{"@type":"SearchAction","target":{"@type":"EntryPoint","urlTemplate":"https:\/\/espaceval.ch\/de\/?s={search_term_string}"},"query-input":{"@type":"PropertyValueSpecification","valueRequired":true,"valueName":"search_term_string"}}],"inLanguage":"de"},{"@type":"Person","@id":"https:\/\/espaceval.ch\/de\/#\/schema\/person\/dd22f242f1b18501ae5a3b4ed941822b","name":"espaceVAL","image":{"@type":"ImageObject","inLanguage":"de","@id":"https:\/\/espaceval.ch\/de\/#\/schema\/person\/image\/","url":"https:\/\/secure.gravatar.com\/avatar\/87b3bc56f2fe224bdc10a24865523d0bd8f784e13f8c5e0d6b1921e68f16e737?s=96&d=mm&r=g","contentUrl":"https:\/\/secure.gravatar.com\/avatar\/87b3bc56f2fe224bdc10a24865523d0bd8f784e13f8c5e0d6b1921e68f16e737?s=96&d=mm&r=g","caption":"espaceVAL"},"url":"https:\/\/espaceval.ch\/de\/author\/tpage\/"}]}},"_links":{"self":[{"href":"https:\/\/espaceval.ch\/de\/wp-json\/wp\/v2\/posts\/6722","targetHints":{"allow":["GET"]}}],"collection":[{"href":"https:\/\/espaceval.ch\/de\/wp-json\/wp\/v2\/posts"}],"about":[{"href":"https:\/\/espaceval.ch\/de\/wp-json\/wp\/v2\/types\/post"}],"author":[{"embeddable":true,"href":"https:\/\/espaceval.ch\/de\/wp-json\/wp\/v2\/users\/3"}],"replies":[{"embeddable":true,"href":"https:\/\/espaceval.ch\/de\/wp-json\/wp\/v2\/comments?post=6722"}],"version-history":[{"count":11,"href":"https:\/\/espaceval.ch\/de\/wp-json\/wp\/v2\/posts\/6722\/revisions"}],"predecessor-version":[{"id":6888,"href":"https:\/\/espaceval.ch\/de\/wp-json\/wp\/v2\/posts\/6722\/revisions\/6888"}],"wp:featuredmedia":[{"embeddable":true,"href":"https:\/\/espaceval.ch\/de\/wp-json\/wp\/v2\/media\/6731"}],"wp:attachment":[{"href":"https:\/\/espaceval.ch\/de\/wp-json\/wp\/v2\/media?parent=6722"}],"wp:term":[{"taxonomy":"category","embeddable":true,"href":"https:\/\/espaceval.ch\/de\/wp-json\/wp\/v2\/categories?post=6722"},{"taxonomy":"post_tag","embeddable":true,"href":"https:\/\/espaceval.ch\/de\/wp-json\/wp\/v2\/tags?post=6722"}],"curies":[{"name":"wp","href":"https:\/\/api.w.org\/{rel}","templated":true}]}}