{"id":6613,"date":"2022-08-19T20:00:05","date_gmt":"2022-08-19T20:00:05","guid":{"rendered":"https:\/\/espaceval.ch\/?p=6613"},"modified":"2022-12-22T14:57:00","modified_gmt":"2022-12-22T14:57:00","slug":"information-midi-tonus-de-retour","status":"publish","type":"post","link":"https:\/\/espaceval.ch\/de\/information-midi-tonus-de-retour\/","title":{"rendered":"Nouveaut\u00e9 &#8211; Midi Tonus de retour"},"content":{"rendered":"<p>[et_pb_section fb_built=&#8220;1&#8243; fullwidth=&#8220;on&#8220; _builder_version=&#8220;4.16&#8243; _module_preset=&#8220;default&#8220; global_colors_info=&#8220;{}&#8220;][et_pb_fullwidth_header title=&#8220;Nouveaut\u00e9&#8220; subhead=&#8220;19.08.2022&#8243; button_one_url=&#8220;https:\/\/webceg.ne.ch\/gelore_web\/gelore2_ne.pack_gelore2_web2.gelore_web4_accueil?p_societes=4&#038;p_cat=INF_SPO&#038;p_cat2=CSR&#038;p_cat3=&#038;p_cat4=&#038;p_cat5= &#8220; button_two_url=&#8220;https:\/\/espaceval.ch\/reservation-salle\/&#8220; content_max_width=&#8220;1920px&#8220; module_id=&#8220;salle&#8220; _builder_version=&#8220;4.17.4&#8243; title_level=&#8220;h2&#8243; title_font=&#8220;Montserrat|300|||||||&#8220; title_font_size=&#8220;58px&#8220; title_line_height=&#8220;1.2em&#8220; content_font=&#8220;||||||||&#8220; content_font_size=&#8220;20px&#8220; content_line_height=&#8220;1.8em&#8220; background_color=&#8220;#1984a2&#8243; background_color_gradient_direction=&#8220;90deg&#8220; background_enable_image=&#8220;off&#8220; custom_button_one=&#8220;on&#8220; button_one_text_size=&#8220;16px&#8220; button_one_bg_color=&#8220;#372658&#8243; button_one_border_width=&#8220;10px&#8220; button_one_border_color=&#8220;#372658&#8243; button_one_border_radius=&#8220;0px&#8220; button_one_letter_spacing=&#8220;0px&#8220; button_one_font=&#8220;|300||on|||||&#8220; button_one_use_icon=&#8220;off&#8220; button_one_rel=&#8220;off|off|off|off|off&#8220; button_one_custom_margin=&#8220;|5%|||false|false&#8220; custom_button_two=&#8220;on&#8220; button_two_text_size=&#8220;16px&#8220; button_two_text_color=&#8220;#ffffff&#8220; button_two_bg_color=&#8220;#60528d&#8220; button_two_border_width=&#8220;10px&#8220; button_two_border_color=&#8220;#60528d&#8220; button_two_border_radius=&#8220;0px&#8220; button_two_letter_spacing=&#8220;0px&#8220; button_two_font=&#8220;|300||on|||||&#8220; button_two_use_icon=&#8220;off&#8220; button_two_custom_margin=&#8220;|||0px|false|false&#8220; custom_margin=&#8220;|||&#8220; custom_padding=&#8220;8%||8%|&#8220; link_option_url_new_window=&#8220;on&#8220; button_one_letter_spacing_hover=&#8220;1px&#8220; button_two_letter_spacing_hover=&#8220;1px&#8220; global_colors_info=&#8220;{}&#8220; button_one_text_size__hover_enabled=&#8220;off&#8220; button_two_text_size__hover_enabled=&#8220;off&#8220; button_one_text_color__hover_enabled=&#8220;off&#8220; button_two_text_color__hover_enabled=&#8220;off&#8220; button_one_border_width__hover_enabled=&#8220;off&#8220; button_two_border_width__hover_enabled=&#8220;off&#8220; button_one_border_color__hover_enabled=&#8220;on|hover&#8220; button_two_border_color__hover_enabled=&#8220;on|hover&#8220; button_one_border_radius__hover_enabled=&#8220;off&#8220; button_two_border_radius__hover_enabled=&#8220;off&#8220; button_one_letter_spacing__hover_enabled=&#8220;off|desktop&#8220; button_one_letter_spacing__hover=&#8220;1px&#8220; button_two_letter_spacing__hover_enabled=&#8220;off|hover&#8220; button_two_letter_spacing__hover=&#8220;1px&#8220; button_one_bg_color__hover_enabled=&#8220;on|hover&#8220; button_two_bg_color__hover_enabled=&#8220;on|hover&#8220; button_one_bg_color__hover=&#8220;#60528d&#8220; button_one_bg_enable_color__hover=&#8220;on&#8220; button_one_border_color__hover=&#8220;#60528d&#8220; button_two_bg_color__hover=&#8220;#372658&#8243; button_two_bg_enable_color__hover=&#8220;on&#8220; button_two_border_color__hover=&#8220;#372658&#8243;]<\/p>\n<h3>Midi Tonus de retour<\/h3>\n<p>[\/et_pb_fullwidth_header][\/et_pb_section][et_pb_section fb_built=&#8220;1&#8243; disabled_on=&#8220;off|off|off&#8220; _builder_version=&#8220;4.16&#8243; custom_padding=&#8220;||0px|||&#8220; global_colors_info=&#8220;{}&#8220;][et_pb_row _builder_version=&#8220;4.16&#8243; custom_padding=&#8220;0px||0px|||&#8220; global_colors_info=&#8220;{}&#8220;][et_pb_column type=&#8220;4_4&#8243; _builder_version=&#8220;4.16&#8243; global_colors_info=&#8220;{}&#8220;][et_pb_text _builder_version=&#8220;4.17.4&#8243; text_font=&#8220;|300|||||||&#8220; text_font_size=&#8220;16px&#8220; text_line_height=&#8220;1.8em&#8220; header_font=&#8220;||||||||&#8220; custom_padding=&#8220;0px||0px|||&#8220; animation_direction=&#8220;left&#8220; global_colors_info=&#8220;{}&#8220;]<\/p>\n<div class=\"\" data-block=\"true\" data-editor=\"1tt5o\" data-offset-key=\"8nfic-0-0\">\n<div class=\"_1mf _1mj\" data-offset-key=\"8nfic-0-0\">\n<div class=\"\" data-block=\"true\" data-editor=\"cm8j6\" data-offset-key=\"ed9rb-0-0\">\n<div class=\"_1mf _1mj\" data-offset-key=\"ed9rb-0-0\">\n<div class=\"\" data-block=\"true\" data-editor=\"589rq\" data-offset-key=\"6lg1-0-0\">\n<div class=\"\" data-block=\"true\" data-editor=\"7a3bt\" data-offset-key=\"5mkd0-0-0\"><\/div>\n<div class=\"\" data-block=\"true\" data-editor=\"7a3bt\" data-offset-key=\"akbfi-0-0\">\n<div data-offset-key=\"akbfi-0-0\" class=\"_1mf _1mj\"><\/div>\n<\/div>\n<div class=\"\" data-block=\"true\" data-editor=\"7a3bt\" data-offset-key=\"7j6r7-0-0\">\n<div data-offset-key=\"7j6r7-0-0\" class=\"_1mf _1mj\">\n<div class=\"\" data-block=\"true\" data-editor=\"937m\" data-offset-key=\"crhdm-0-0\">\n<div data-offset-key=\"crhdm-0-0\" class=\"_1mf _1mj\">\n<div class=\"\" data-block=\"true\" data-editor=\"78jgb\" data-offset-key=\"58fgb-0-0\"><\/div>\n<div class=\"\" data-block=\"true\" data-editor=\"78jgb\" data-offset-key=\"efpvu-0-0\">\n<div data-offset-key=\"efpvu-0-0\" class=\"_1mf _1mj\"><span data-offset-key=\"efpvu-0-0\">Apr\u00e8s une longue absence dans notre r\u00e9gion, le concept Midi Tonus reviens cet automne.<\/span><\/div>\n<\/div>\n<div class=\"\" data-block=\"true\" data-editor=\"78jgb\" data-offset-key=\"chcv1-0-0\">\n<div data-offset-key=\"chcv1-0-0\" class=\"_1mf _1mj\"><span data-offset-key=\"chcv1-0-0\">\u00a0<\/span><\/div>\n<\/div>\n<div class=\"\" data-block=\"true\" data-editor=\"78jgb\" data-offset-key=\"emk0o-0-0\">\n<div data-offset-key=\"emk0o-0-0\" class=\"_1mf _1mj\"><span data-offset-key=\"emk0o-0-0\">Midi Tonus est un concept existant d\u00e9j\u00e0 depuis plusieurs ann\u00e9es et qui consiste \u00e0 offrir \u00e0 la population, des possibilit\u00e9s diverses en mati\u00e8re d\u2019activit\u00e9s physiques.<\/span><\/div>\n<\/div>\n<div class=\"\" data-block=\"true\" data-editor=\"78jgb\" data-offset-key=\"42c2n-0-0\">\n<div data-offset-key=\"42c2n-0-0\" class=\"_1mf _1mj\"><span data-offset-key=\"42c2n-0-0\">\u00a0<\/span><\/div>\n<\/div>\n<div class=\"\" data-block=\"true\" data-editor=\"78jgb\" data-offset-key=\"a0vac-0-0\">\n<div data-offset-key=\"a0vac-0-0\" class=\"_1mf _1mj\"><span data-offset-key=\"a0vac-0-0\">Promouvoir le mouvement et augmenter le nombre de personnes actives en invitant les participants, \u00e0 d\u00e9couvrir durant 10 s\u00e9ances, une activit\u00e9 physique au prix d\u2019appel de 60CHF et de les inciter ensuite \u00e0 poursuivre dans des structures existantes (priv\u00e9es ou publiques).<\/span><\/div>\n<\/div>\n<div class=\"\" data-block=\"true\" data-editor=\"78jgb\" data-offset-key=\"av2ok-0-0\">\n<div data-offset-key=\"av2ok-0-0\" class=\"_1mf _1mj\"><span data-offset-key=\"av2ok-0-0\">\u00a0<\/span><\/div>\n<\/div>\n<div class=\"\" data-block=\"true\" data-editor=\"78jgb\" data-offset-key=\"eurmi-0-0\">\n<div data-offset-key=\"eurmi-0-0\" class=\"_1mf _1mj\"><span data-offset-key=\"eurmi-0-0\">Le programme Midi Tonus au Val-de-Travers est encadr\u00e9 par le Centre SAS et se d\u00e9roule \u00e0 espaceVAL.<\/span><\/div>\n<\/div>\n<div class=\"\" data-block=\"true\" data-editor=\"78jgb\" data-offset-key=\"d60e6-0-0\">\n<div data-offset-key=\"d60e6-0-0\" class=\"_1mf _1mj\"><span data-offset-key=\"d60e6-0-0\">\u00a0<\/span><\/div>\n<\/div>\n<div class=\"\" data-block=\"true\" data-editor=\"78jgb\" data-offset-key=\"2ioju-0-0\">\n<div data-offset-key=\"2ioju-0-0\" class=\"_1mf _1mj\"><span data-offset-key=\"2ioju-0-0\">Toutes les informations et inscription : <\/span><span style=\"font-size: 16px;\">\u00a0<a href=\"https:\/\/espaceval.ch\/midi-tonus\">https:\/\/espaceval.ch\/midi-tonus<\/a>\u00a0<\/span><\/div>\n<\/div>\n<div class=\"\" data-block=\"true\" data-editor=\"78jgb\" data-offset-key=\"8hco1-0-0\">\n<div data-offset-key=\"8hco1-0-0\" class=\"_1mf _1mj\"><\/div>\n<\/div>\n<\/div>\n<\/div>\n<div class=\"\" data-block=\"true\" data-editor=\"937m\" data-offset-key=\"dcp71-0-0\"><\/div>\n<\/div>\n<\/div>\n<div class=\"\" data-block=\"true\" data-editor=\"7a3bt\" data-offset-key=\"bk0h7-0-0\"><\/div>\n<\/div>\n<\/div>\n<\/div>\n<\/div>\n<\/div>\n<div class=\"\" data-block=\"true\" data-editor=\"1tt5o\" data-offset-key=\"bfs91-0-0\"><\/div>\n<p>[\/et_pb_text][\/et_pb_column][\/et_pb_row][\/et_pb_section]<\/p>\n","protected":false},"excerpt":{"rendered":"<p>Midi Tonus est un concept existant d\u00e9j\u00e0 depuis plusieurs ann\u00e9es et qui consiste \u00e0 offrir \u00e0 la population, de nombreuses activit\u00e9s physiques.<\/p>\n","protected":false},"author":3,"featured_media":6617,"comment_status":"open","ping_status":"open","sticky":false,"template":"","format":"standard","meta":{"_et_pb_use_builder":"on","_et_pb_old_content":"","_et_gb_content_width":"","_monsterinsights_skip_tracking":false,"_monsterinsights_sitenote_active":false,"_monsterinsights_sitenote_note":"","_monsterinsights_sitenote_category":0,"footnotes":""},"categories":[13,30],"tags":[],"class_list":["post-6613","post","type-post","status-publish","format-standard","has-post-thumbnail","hentry","category-actualite","category-manifestation-passee"],"yoast_head":"<!-- This site is optimized with the Yoast SEO plugin v25.6 - https:\/\/yoast.com\/wordpress\/plugins\/seo\/ -->\n<title>Nouveaut\u00e9 - Midi Tonus | Val-de-Travers | Automne 2022<\/title>\n<meta name=\"description\" content=\"Midi Tonus est un concept existant d\u00e9j\u00e0 depuis plusieurs ann\u00e9es et qui consiste \u00e0 offrir \u00e0 la population, de nombreuses activit\u00e9s physiques.\" \/>\n<meta name=\"robots\" content=\"index, follow, max-snippet:-1, max-image-preview:large, max-video-preview:-1\" \/>\n<link rel=\"canonical\" href=\"https:\/\/espaceval.ch\/de\/information-midi-tonus-de-retour\/\" \/>\n<meta property=\"og:locale\" content=\"de_DE\" \/>\n<meta property=\"og:type\" content=\"article\" \/>\n<meta property=\"og:title\" content=\"Nouveaut\u00e9 - Midi Tonus | Val-de-Travers | Automne 2022\" \/>\n<meta property=\"og:description\" content=\"Midi Tonus est un concept existant d\u00e9j\u00e0 depuis plusieurs ann\u00e9es et qui consiste \u00e0 offrir \u00e0 la population, de nombreuses activit\u00e9s physiques.\" \/>\n<meta property=\"og:url\" content=\"https:\/\/espaceval.ch\/de\/information-midi-tonus-de-retour\/\" \/>\n<meta property=\"og:site_name\" content=\"espaceVAL\" \/>\n<meta property=\"article:published_time\" content=\"2022-08-19T20:00:05+00:00\" \/>\n<meta property=\"article:modified_time\" content=\"2022-12-22T14:57:00+00:00\" \/>\n<meta property=\"og:image\" content=\"https:\/\/espaceval.ch\/wp-content\/uploads\/2022\/08\/Midi-Tonus-Val-de-Travers-2.jpg\" \/>\n\t<meta property=\"og:image:width\" content=\"960\" \/>\n\t<meta property=\"og:image:height\" content=\"600\" \/>\n\t<meta property=\"og:image:type\" content=\"image\/jpeg\" \/>\n<meta name=\"author\" content=\"espaceVAL\" \/>\n<meta name=\"twitter:card\" content=\"summary_large_image\" \/>\n<meta name=\"twitter:label1\" content=\"Verfasst von\" \/>\n\t<meta name=\"twitter:data1\" content=\"espaceVAL\" \/>\n\t<meta name=\"twitter:label2\" content=\"Gesch\u00e4tzte Lesezeit\" \/>\n\t<meta name=\"twitter:data2\" content=\"2\u00a0Minuten\" \/>\n<script type=\"application\/ld+json\" class=\"yoast-schema-graph\">{\"@context\":\"https:\/\/schema.org\",\"@graph\":[{\"@type\":\"WebPage\",\"@id\":\"https:\/\/espaceval.ch\/de\/information-midi-tonus-de-retour\/\",\"url\":\"https:\/\/espaceval.ch\/de\/information-midi-tonus-de-retour\/\",\"name\":\"Nouveaut\u00e9 - Midi Tonus | Val-de-Travers | Automne 2022\",\"isPartOf\":{\"@id\":\"https:\/\/espaceval.ch\/de\/#website\"},\"primaryImageOfPage\":{\"@id\":\"https:\/\/espaceval.ch\/de\/information-midi-tonus-de-retour\/#primaryimage\"},\"image\":{\"@id\":\"https:\/\/espaceval.ch\/de\/information-midi-tonus-de-retour\/#primaryimage\"},\"thumbnailUrl\":\"https:\/\/espaceval.ch\/wp-content\/uploads\/2022\/08\/Midi-Tonus-Val-de-Travers-2.jpg\",\"datePublished\":\"2022-08-19T20:00:05+00:00\",\"dateModified\":\"2022-12-22T14:57:00+00:00\",\"author\":{\"@id\":\"https:\/\/espaceval.ch\/de\/#\/schema\/person\/dd22f242f1b18501ae5a3b4ed941822b\"},\"description\":\"Midi Tonus est un concept existant d\u00e9j\u00e0 depuis plusieurs ann\u00e9es et qui consiste \u00e0 offrir \u00e0 la population, de nombreuses activit\u00e9s physiques.\",\"breadcrumb\":{\"@id\":\"https:\/\/espaceval.ch\/de\/information-midi-tonus-de-retour\/#breadcrumb\"},\"inLanguage\":\"de\",\"potentialAction\":[{\"@type\":\"ReadAction\",\"target\":[\"https:\/\/espaceval.ch\/de\/information-midi-tonus-de-retour\/\"]}]},{\"@type\":\"ImageObject\",\"inLanguage\":\"de\",\"@id\":\"https:\/\/espaceval.ch\/de\/information-midi-tonus-de-retour\/#primaryimage\",\"url\":\"https:\/\/espaceval.ch\/wp-content\/uploads\/2022\/08\/Midi-Tonus-Val-de-Travers-2.jpg\",\"contentUrl\":\"https:\/\/espaceval.ch\/wp-content\/uploads\/2022\/08\/Midi-Tonus-Val-de-Travers-2.jpg\",\"width\":960,\"height\":600},{\"@type\":\"BreadcrumbList\",\"@id\":\"https:\/\/espaceval.ch\/de\/information-midi-tonus-de-retour\/#breadcrumb\",\"itemListElement\":[{\"@type\":\"ListItem\",\"position\":1,\"name\":\"Accueil\",\"item\":\"https:\/\/espaceval.ch\/de\/\"},{\"@type\":\"ListItem\",\"position\":2,\"name\":\"Nouveaut\u00e9 &#8211; Midi Tonus de retour\"}]},{\"@type\":\"WebSite\",\"@id\":\"https:\/\/espaceval.ch\/de\/#website\",\"url\":\"https:\/\/espaceval.ch\/de\/\",\"name\":\"espaceVAL\",\"description\":\"Vitalit\u00e9 | Activit\u00e9 | Loisirs\",\"potentialAction\":[{\"@type\":\"SearchAction\",\"target\":{\"@type\":\"EntryPoint\",\"urlTemplate\":\"https:\/\/espaceval.ch\/de\/?s={search_term_string}\"},\"query-input\":{\"@type\":\"PropertyValueSpecification\",\"valueRequired\":true,\"valueName\":\"search_term_string\"}}],\"inLanguage\":\"de\"},{\"@type\":\"Person\",\"@id\":\"https:\/\/espaceval.ch\/de\/#\/schema\/person\/dd22f242f1b18501ae5a3b4ed941822b\",\"name\":\"espaceVAL\",\"image\":{\"@type\":\"ImageObject\",\"inLanguage\":\"de\",\"@id\":\"https:\/\/espaceval.ch\/de\/#\/schema\/person\/image\/\",\"url\":\"https:\/\/secure.gravatar.com\/avatar\/87b3bc56f2fe224bdc10a24865523d0bd8f784e13f8c5e0d6b1921e68f16e737?s=96&d=mm&r=g\",\"contentUrl\":\"https:\/\/secure.gravatar.com\/avatar\/87b3bc56f2fe224bdc10a24865523d0bd8f784e13f8c5e0d6b1921e68f16e737?s=96&d=mm&r=g\",\"caption\":\"espaceVAL\"},\"url\":\"https:\/\/espaceval.ch\/de\/author\/tpage\/\"}]}<\/script>\n<!-- \/ Yoast SEO plugin. -->","yoast_head_json":{"title":"Nouveaut\u00e9 - Midi Tonus | Val-de-Travers | Automne 2022","description":"Midi Tonus est un concept existant d\u00e9j\u00e0 depuis plusieurs ann\u00e9es et qui consiste \u00e0 offrir \u00e0 la population, de nombreuses activit\u00e9s physiques.","robots":{"index":"index","follow":"follow","max-snippet":"max-snippet:-1","max-image-preview":"max-image-preview:large","max-video-preview":"max-video-preview:-1"},"canonical":"https:\/\/espaceval.ch\/de\/information-midi-tonus-de-retour\/","og_locale":"de_DE","og_type":"article","og_title":"Nouveaut\u00e9 - Midi Tonus | Val-de-Travers | Automne 2022","og_description":"Midi Tonus est un concept existant d\u00e9j\u00e0 depuis plusieurs ann\u00e9es et qui consiste \u00e0 offrir \u00e0 la population, de nombreuses activit\u00e9s physiques.","og_url":"https:\/\/espaceval.ch\/de\/information-midi-tonus-de-retour\/","og_site_name":"espaceVAL","article_published_time":"2022-08-19T20:00:05+00:00","article_modified_time":"2022-12-22T14:57:00+00:00","og_image":[{"width":960,"height":600,"url":"https:\/\/espaceval.ch\/wp-content\/uploads\/2022\/08\/Midi-Tonus-Val-de-Travers-2.jpg","type":"image\/jpeg"}],"author":"espaceVAL","twitter_card":"summary_large_image","twitter_misc":{"Verfasst von":"espaceVAL","Gesch\u00e4tzte Lesezeit":"2\u00a0Minuten"},"schema":{"@context":"https:\/\/schema.org","@graph":[{"@type":"WebPage","@id":"https:\/\/espaceval.ch\/de\/information-midi-tonus-de-retour\/","url":"https:\/\/espaceval.ch\/de\/information-midi-tonus-de-retour\/","name":"Nouveaut\u00e9 - Midi Tonus | Val-de-Travers | Automne 2022","isPartOf":{"@id":"https:\/\/espaceval.ch\/de\/#website"},"primaryImageOfPage":{"@id":"https:\/\/espaceval.ch\/de\/information-midi-tonus-de-retour\/#primaryimage"},"image":{"@id":"https:\/\/espaceval.ch\/de\/information-midi-tonus-de-retour\/#primaryimage"},"thumbnailUrl":"https:\/\/espaceval.ch\/wp-content\/uploads\/2022\/08\/Midi-Tonus-Val-de-Travers-2.jpg","datePublished":"2022-08-19T20:00:05+00:00","dateModified":"2022-12-22T14:57:00+00:00","author":{"@id":"https:\/\/espaceval.ch\/de\/#\/schema\/person\/dd22f242f1b18501ae5a3b4ed941822b"},"description":"Midi Tonus est un concept existant d\u00e9j\u00e0 depuis plusieurs ann\u00e9es et qui consiste \u00e0 offrir \u00e0 la population, de nombreuses activit\u00e9s physiques.","breadcrumb":{"@id":"https:\/\/espaceval.ch\/de\/information-midi-tonus-de-retour\/#breadcrumb"},"inLanguage":"de","potentialAction":[{"@type":"ReadAction","target":["https:\/\/espaceval.ch\/de\/information-midi-tonus-de-retour\/"]}]},{"@type":"ImageObject","inLanguage":"de","@id":"https:\/\/espaceval.ch\/de\/information-midi-tonus-de-retour\/#primaryimage","url":"https:\/\/espaceval.ch\/wp-content\/uploads\/2022\/08\/Midi-Tonus-Val-de-Travers-2.jpg","contentUrl":"https:\/\/espaceval.ch\/wp-content\/uploads\/2022\/08\/Midi-Tonus-Val-de-Travers-2.jpg","width":960,"height":600},{"@type":"BreadcrumbList","@id":"https:\/\/espaceval.ch\/de\/information-midi-tonus-de-retour\/#breadcrumb","itemListElement":[{"@type":"ListItem","position":1,"name":"Accueil","item":"https:\/\/espaceval.ch\/de\/"},{"@type":"ListItem","position":2,"name":"Nouveaut\u00e9 &#8211; Midi Tonus de retour"}]},{"@type":"WebSite","@id":"https:\/\/espaceval.ch\/de\/#website","url":"https:\/\/espaceval.ch\/de\/","name":"espaceVAL","description":"Vitalit\u00e9 | Activit\u00e9 | Loisirs","potentialAction":[{"@type":"SearchAction","target":{"@type":"EntryPoint","urlTemplate":"https:\/\/espaceval.ch\/de\/?s={search_term_string}"},"query-input":{"@type":"PropertyValueSpecification","valueRequired":true,"valueName":"search_term_string"}}],"inLanguage":"de"},{"@type":"Person","@id":"https:\/\/espaceval.ch\/de\/#\/schema\/person\/dd22f242f1b18501ae5a3b4ed941822b","name":"espaceVAL","image":{"@type":"ImageObject","inLanguage":"de","@id":"https:\/\/espaceval.ch\/de\/#\/schema\/person\/image\/","url":"https:\/\/secure.gravatar.com\/avatar\/87b3bc56f2fe224bdc10a24865523d0bd8f784e13f8c5e0d6b1921e68f16e737?s=96&d=mm&r=g","contentUrl":"https:\/\/secure.gravatar.com\/avatar\/87b3bc56f2fe224bdc10a24865523d0bd8f784e13f8c5e0d6b1921e68f16e737?s=96&d=mm&r=g","caption":"espaceVAL"},"url":"https:\/\/espaceval.ch\/de\/author\/tpage\/"}]}},"_links":{"self":[{"href":"https:\/\/espaceval.ch\/de\/wp-json\/wp\/v2\/posts\/6613","targetHints":{"allow":["GET"]}}],"collection":[{"href":"https:\/\/espaceval.ch\/de\/wp-json\/wp\/v2\/posts"}],"about":[{"href":"https:\/\/espaceval.ch\/de\/wp-json\/wp\/v2\/types\/post"}],"author":[{"embeddable":true,"href":"https:\/\/espaceval.ch\/de\/wp-json\/wp\/v2\/users\/3"}],"replies":[{"embeddable":true,"href":"https:\/\/espaceval.ch\/de\/wp-json\/wp\/v2\/comments?post=6613"}],"version-history":[{"count":8,"href":"https:\/\/espaceval.ch\/de\/wp-json\/wp\/v2\/posts\/6613\/revisions"}],"predecessor-version":[{"id":6718,"href":"https:\/\/espaceval.ch\/de\/wp-json\/wp\/v2\/posts\/6613\/revisions\/6718"}],"wp:featuredmedia":[{"embeddable":true,"href":"https:\/\/espaceval.ch\/de\/wp-json\/wp\/v2\/media\/6617"}],"wp:attachment":[{"href":"https:\/\/espaceval.ch\/de\/wp-json\/wp\/v2\/media?parent=6613"}],"wp:term":[{"taxonomy":"category","embeddable":true,"href":"https:\/\/espaceval.ch\/de\/wp-json\/wp\/v2\/categories?post=6613"},{"taxonomy":"post_tag","embeddable":true,"href":"https:\/\/espaceval.ch\/de\/wp-json\/wp\/v2\/tags?post=6613"}],"curies":[{"name":"wp","href":"https:\/\/api.w.org\/{rel}","templated":true}]}}