{"id":6524,"date":"2022-08-03T08:50:32","date_gmt":"2022-08-03T08:50:32","guid":{"rendered":"https:\/\/espaceval.ch\/?p=6524"},"modified":"2022-08-29T06:29:55","modified_gmt":"2022-08-29T06:29:55","slug":"cargo-bar-club-5eme-session","status":"publish","type":"post","link":"https:\/\/espaceval.ch\/de\/cargo-bar-club-5eme-session\/","title":{"rendered":"Cargo Bar Club &#8211; 5\u00e8me session"},"content":{"rendered":"<p>[et_pb_section fb_built=&#8220;1&#8243; fullwidth=&#8220;on&#8220; admin_label=&#8220;Call to Action&#8220; _builder_version=&#8220;4.17.4&#8243; module_alignment=&#8220;center&#8220; animation_style=&#8220;slide&#8220; animation_direction=&#8220;bottom&#8220; animation_intensity_slide=&#8220;6%&#8220; animation_starting_opacity=&#8220;100%&#8220; locked=&#8220;off&#8220; global_colors_info=&#8220;{}&#8220;][et_pb_fullwidth_header title=&#8220;Cargo Bar Club&#8220; button_one_url=&#8220;https:\/\/www.ecole-club.ch\/Offre\/Aquafitness-eau-non-profonde-VdT&#8211;E_1433423_1402&#8243; button_two_url=&#8220;https:\/\/www.ecole-club.ch\/Offre\/Aquafitness-eau-non-profonde-VdT&#8211;E_1433423_1402#\/book0#toppage&#8220; content_max_width=&#8220;800px&#8220; _builder_version=&#8220;4.16&#8243; title_level=&#8220;h2&#8243; title_font=&#8220;Montserrat|300|||||||&#8220; title_font_size=&#8220;58px&#8220; title_line_height=&#8220;1.2em&#8220; content_font=&#8220;|300|||||||&#8220; content_font_size=&#8220;16px&#8220; content_line_height=&#8220;1.8em&#8220; background_color=&#8220;rgba(255, 255, 255, 0)&#8220; use_background_color_gradient=&#8220;on&#8220; background_color_gradient_direction=&#8220;90deg&#8220; background_color_gradient_stops=&#8220;rgba(0,0,0,0.75) 0%|rgba(0,0,0,0) 100%&#8220; background_color_gradient_overlays_image=&#8220;on&#8220; background_color_gradient_start=&#8220;rgba(0,0,0,0.75)&#8220; background_color_gradient_end=&#8220;rgba(0,0,0,0)&#8220; background_image=&#8220;https:\/\/espaceval.ch\/wp-content\/uploads\/2022\/05\/Cargo-Bar-banniere.jpg&#8220; custom_button_one=&#8220;on&#8220; button_one_text_size=&#8220;16px&#8220; button_one_bg_color=&#8220;#f5a378&#8243; button_one_border_width=&#8220;10px&#8220; button_one_border_color=&#8220;#f5a378&#8243; button_one_border_radius=&#8220;0px&#8220; button_one_letter_spacing=&#8220;0px&#8220; button_one_font=&#8220;|300||on|||||&#8220; button_one_use_icon=&#8220;off&#8220; button_one_custom_margin=&#8220;|5%|||false|false&#8220; custom_button_two=&#8220;on&#8220; button_two_text_size=&#8220;16px&#8220; button_two_text_color=&#8220;#ffffff&#8220; button_two_bg_color=&#8220;#ef7a3f&#8220; button_two_border_width=&#8220;10px&#8220; button_two_border_color=&#8220;#ef7a3f&#8220; button_two_border_radius=&#8220;0px&#8220; button_two_letter_spacing=&#8220;0px&#8220; button_two_font=&#8220;|300||on|||||&#8220; button_two_use_icon=&#8220;off&#8220; button_two_custom_margin=&#8220;|||0px|false|false&#8220; custom_margin=&#8220;|||&#8220; custom_padding=&#8220;8%||8%|&#8220; button_one_letter_spacing_hover=&#8220;1px&#8220; button_two_letter_spacing_hover=&#8220;1px&#8220; global_colors_info=&#8220;{}&#8220; button_one_text_size__hover_enabled=&#8220;off&#8220; button_two_text_size__hover_enabled=&#8220;off&#8220; button_one_text_color__hover_enabled=&#8220;off&#8220; button_two_text_color__hover_enabled=&#8220;off&#8220; button_one_border_width__hover_enabled=&#8220;off&#8220; button_two_border_width__hover_enabled=&#8220;off&#8220; button_one_border_color__hover_enabled=&#8220;on|hover&#8220; button_two_border_color__hover_enabled=&#8220;on|desktop&#8220; button_one_border_radius__hover_enabled=&#8220;off&#8220; button_two_border_radius__hover_enabled=&#8220;off&#8220; button_one_letter_spacing__hover_enabled=&#8220;off|desktop&#8220; button_one_letter_spacing__hover=&#8220;1px&#8220; button_two_letter_spacing__hover_enabled=&#8220;off|hover&#8220; button_two_letter_spacing__hover=&#8220;1px&#8220; button_one_bg_color__hover_enabled=&#8220;on|hover&#8220; button_two_bg_color__hover_enabled=&#8220;on|hover&#8220; button_one_bg_color__hover=&#8220;#e53f12&#8243; button_one_bg_enable_color__hover=&#8220;on&#8220; button_one_border_color__hover=&#8220;#e53f12&#8243; button_two_bg_color__hover=&#8220;#e53f12&#8243; button_two_bg_enable_color__hover=&#8220;on&#8220; button_two_border_color__hover=&#8220;#e53f12&#8243;]<\/p>\n<h3>Bar-container avec \u00e9v\u00e9nements &#8211; 5\u00e8me session<\/h3>\n<p>[\/et_pb_fullwidth_header][\/et_pb_section][et_pb_section fb_built=&#8220;1&#8243; _builder_version=&#8220;4.16&#8243; background_color=&#8220;#f6b318&#8243; global_colors_info=&#8220;{}&#8220;][et_pb_row _builder_version=&#8220;4.16&#8243; _module_preset=&#8220;default&#8220; global_colors_info=&#8220;{}&#8220;][et_pb_column type=&#8220;4_4&#8243; _builder_version=&#8220;4.16&#8243; _module_preset=&#8220;default&#8220; global_colors_info=&#8220;{}&#8220;][et_pb_text _builder_version=&#8220;4.16&#8243; text_font=&#8220;|300|||||||&#8220; text_text_color=&#8220;#ffffff&#8220; text_font_size=&#8220;20px&#8220; text_line_height=&#8220;1.8em&#8220; header_font=&#8220;||||||||&#8220; text_orientation=&#8220;center&#8220; animation_direction=&#8220;left&#8220; locked=&#8220;off&#8220; global_colors_info=&#8220;{}&#8220;]<\/p>\n<p>Une manifestation sportive, une foire professionnelle ou une f\u00eate populaire ?<br \/> espaceVAL vous permet de participer \u00e0 toutes sortes d\u2019activit\u00e9s.<br \/>Vous pouvez m\u00eame proposer la v\u00f4tre !<\/p>\n<p>[\/et_pb_text][\/et_pb_column][\/et_pb_row][\/et_pb_section][et_pb_section fb_built=&#8220;1&#8243; _builder_version=&#8220;4.16&#8243; _module_preset=&#8220;default&#8220; custom_padding=&#8220;||0px|||&#8220; global_colors_info=&#8220;{}&#8220;][et_pb_row column_structure=&#8220;1_2,1_2&#8243; _builder_version=&#8220;4.16&#8243; _module_preset=&#8220;default&#8220; module_alignment=&#8220;center&#8220; custom_margin=&#8220;|auto||201px||&#8220; custom_padding=&#8220;|0px||||&#8220; global_colors_info=&#8220;{}&#8220;][et_pb_column type=&#8220;1_2&#8243; _builder_version=&#8220;4.16&#8243; _module_preset=&#8220;default&#8220; global_colors_info=&#8220;{}&#8220;][et_pb_text _builder_version=&#8220;4.16&#8243; header_2_font=&#8220;Montserrat|300|||||||&#8220; header_2_text_align=&#8220;left&#8220; header_2_font_size=&#8220;58px&#8220; custom_margin=&#8220;|1px|15px||false|false&#8220; header_2_font_size_tablet=&#8220;&#8220; header_2_font_size_phone=&#8220;40px&#8220; header_2_font_size_last_edited=&#8220;on|phone&#8220; global_colors_info=&#8220;{}&#8220;]<\/p>\n<h2>Le Cargo c&#8217;est quoi ?<\/h2>\n<p>[\/et_pb_text][et_pb_divider color=&#8220;#f6b318&#8243; _builder_version=&#8220;4.16&#8243; _module_preset=&#8220;default&#8220; width=&#8220;20%&#8220; global_colors_info=&#8220;{}&#8220;][\/et_pb_divider][et_pb_text _builder_version=&#8220;4.16&#8243; _module_preset=&#8220;default&#8220; width=&#8220;100%&#8220; custom_margin=&#8220;2px|||||&#8220; custom_padding=&#8220;||0px|||&#8220; global_colors_info=&#8220;{}&#8220;]<\/p>\n<p style=\"text-align: justify;\">Le Cargo sera le nouveau spot d\u2019\u00e9t\u00e9 des vallonniers d\u00e8s le 19 mai.<\/p>\n<p style=\"text-align: justify;\">Ce bar-container est un projet n\u00e9 d\u2019amis d\u00e9sireux d\u2019animer un emplacement en plein air et proposer un lieu de d\u00e9tente pour la r\u00e9gion.<\/p>\n<p style=\"text-align: justify;\">La Piscine des Combes du Val-de-Travers est un lieu incontournable pour se retrouver durant les beaux jours d\u2019\u00e9t\u00e9.<\/p>\n<p style=\"text-align: justify;\">Le Cargo viendra compl\u00e9ter l\u2019offre de l\u2019actuelle buvette qui assure des mets et boissons durant toute la journ\u00e9e pour les famille.<\/p>\n<p style=\"text-align: justify;\">Une grande vari\u00e9t\u00e9 d\u2019\u00e9v\u00e8nements auront lieu sporadiquement certains jeudis, vendredis et samedis d\u00e8s 17h30.<\/p>\n<p style=\"text-align: justify;\">Le planning sera pr\u00e9sent\u00e9 \u00e0 la semaine en fonction de la m\u00e9t\u00e9o.<\/p>\n<p style=\"text-align: justify;\">\n<p>[\/et_pb_text][\/et_pb_column][et_pb_column type=&#8220;1_2&#8243; _builder_version=&#8220;4.16&#8243; _module_preset=&#8220;default&#8220; global_colors_info=&#8220;{}&#8220;][et_pb_image src=&#8220;https:\/\/espaceval.ch\/wp-content\/uploads\/2022\/05\/278981779_2802746693352348_5684370784395837542_n.jpg&#8220; title_text=&#8220;Cargo Bar ouverture combes&#8220; _builder_version=&#8220;4.16&#8243; _module_preset=&#8220;default&#8220; width=&#8220;100%&#8220; module_alignment=&#8220;center&#8220; global_colors_info=&#8220;{}&#8220;][\/et_pb_image][\/et_pb_column][\/et_pb_row][\/et_pb_section][et_pb_section fb_built=&#8220;1&#8243; _builder_version=&#8220;4.16&#8243; _module_preset=&#8220;default&#8220; custom_padding=&#8220;||0px|||&#8220; global_colors_info=&#8220;{}&#8220;][et_pb_row _builder_version=&#8220;4.16&#8243; _module_preset=&#8220;default&#8220; custom_padding=&#8220;||0px|||&#8220; global_colors_info=&#8220;{}&#8220;][et_pb_column type=&#8220;4_4&#8243; _builder_version=&#8220;4.16&#8243; _module_preset=&#8220;default&#8220; global_colors_info=&#8220;{}&#8220;][et_pb_text _builder_version=&#8220;4.16&#8243; header_2_font=&#8220;Montserrat|300|||||||&#8220; header_2_text_align=&#8220;left&#8220; header_2_font_size=&#8220;58px&#8220; custom_margin=&#8220;|1px|15px||false|false&#8220; header_2_font_size_tablet=&#8220;&#8220; header_2_font_size_phone=&#8220;40px&#8220; header_2_font_size_last_edited=&#8220;on|phone&#8220; global_colors_info=&#8220;{}&#8220;]<\/p>\n<h2>Planning<\/h2>\n<p>[\/et_pb_text][\/et_pb_column][\/et_pb_row][et_pb_row column_structure=&#8220;1_2,1_2&#8243; _builder_version=&#8220;4.16&#8243; _module_preset=&#8220;default&#8220; module_alignment=&#8220;center&#8220; custom_margin=&#8220;|auto||200px||&#8220; global_colors_info=&#8220;{}&#8220;][et_pb_column type=&#8220;1_2&#8243; _builder_version=&#8220;4.16&#8243; _module_preset=&#8220;default&#8220; global_colors_info=&#8220;{}&#8220;][et_pb_divider color=&#8220;#f6b318&#8243; disabled_on=&#8220;on|off|off&#8220; _builder_version=&#8220;4.16&#8243; _module_preset=&#8220;default&#8220; width=&#8220;20%&#8220; global_colors_info=&#8220;{}&#8220;][\/et_pb_divider][et_pb_text _builder_version=&#8220;4.17.4&#8243; _module_preset=&#8220;default&#8220; custom_margin=&#8220;2px|||||&#8220; custom_padding=&#8220;||8px|||&#8220; global_colors_info=&#8220;{}&#8220;]<\/p>\n<p><strong>Date<\/strong> : jeudi 25 ao\u00fbt<br \/><strong>Horaire<\/strong> : d\u00e8s 18h00 &#8211; 00h00<br \/><strong>Th\u00e8me<\/strong> :<\/p>\n<div class=\"\" data-block=\"true\" data-editor=\"1fquq\" data-offset-key=\"eqnf2-0-0\">\n<div data-offset-key=\"eqnf2-0-0\" class=\"_1mf _1mj\"><span style=\"font-size: 14px;\">Le Cargo prendra un air de &#8222;GROTTO&#8220; lors du prochain Afterwork du 25 ao\u00fbt.<\/span><\/div>\n<\/div>\n<div class=\"\" data-block=\"true\" data-editor=\"1fquq\" data-offset-key=\"b5pla-0-0\">\n<div data-offset-key=\"b5pla-0-0\" class=\"_1mf _1mj\"><span data-offset-key=\"b5pla-0-0\">\u00a0<\/span><\/div>\n<\/div>\n<div class=\"\" data-block=\"true\" data-editor=\"1fquq\" data-offset-key=\"5qqij-0-0\">\n<div data-offset-key=\"5qqij-0-0\" class=\"_1mf _1mj\"><span data-offset-key=\"5qqij-0-0\">La famille Codoni nous apportera les couleurs du Tessin pour vous faire d\u00e9couvrir ou re-d\u00e9couvrir leur Risotto tessinois accompagn\u00e9 de cotechini.<\/span><\/div>\n<\/div>\n<div class=\"\" data-block=\"true\" data-editor=\"1fquq\" data-offset-key=\"f2omj-0-0\">\n<div data-offset-key=\"f2omj-0-0\" class=\"_1mf _1mj\"><span data-offset-key=\"f2omj-0-0\">\u00a0<\/span><\/div>\n<\/div>\n<div class=\"\" data-block=\"true\" data-editor=\"1fquq\" data-offset-key=\"c4mkf-0-0\">\n<div data-offset-key=\"c4mkf-0-0\" class=\"_1mf _1mj\"><span data-offset-key=\"c4mkf-0-0\">La soir\u00e9e sera anim\u00e9 par Ginette.<\/span><\/div>\n<\/div>\n<div class=\"\" data-block=\"true\" data-editor=\"1fquq\" data-offset-key=\"4dh91-0-0\">\n<div data-offset-key=\"4dh91-0-0\" class=\"_1mf _1mj\"><span data-offset-key=\"4dh91-0-0\">\u00a0<\/span><\/div>\n<\/div>\n<div class=\"\" data-block=\"true\" data-editor=\"1fquq\" data-offset-key=\"530oj-0-0\">\n<div data-offset-key=\"530oj-0-0\" class=\"_1mf _1mj\"><span data-offset-key=\"530oj-0-0\">R\u00e9servez votre portion via info@cargoestival.ch.<\/span><\/div>\n<\/div>\n<div class=\"kvgmc6g5 cxmmr5t8 oygrvhab hcukyx3x c1et5uql ii04i59q\">\n<div dir=\"auto\"><\/div>\n<\/div>\n<div class=\"cxmmr5t8 oygrvhab hcukyx3x c1et5uql o9v6fnle ii04i59q\"><\/div>\n<p>[\/et_pb_text][\/et_pb_column][et_pb_column type=&#8220;1_2&#8243; _builder_version=&#8220;4.16&#8243; _module_preset=&#8220;default&#8220; global_colors_info=&#8220;{}&#8220;][et_pb_image src=&#8220;https:\/\/espaceval.ch\/wp-content\/uploads\/2022\/08\/300057541_150762277603304_3434821559377004997_n.jpg&#8220; alt=&#8220;Cargo Bar &#8211; 25.08&#8243; title_text=&#8220;Cargo Bar &#8211; 25.08&#8243; _builder_version=&#8220;4.17.4&#8243; _module_preset=&#8220;default&#8220; global_colors_info=&#8220;{}&#8220;][\/et_pb_image][\/et_pb_column][\/et_pb_row][et_pb_row column_structure=&#8220;1_2,1_2&#8243; _builder_version=&#8220;4.16&#8243; _module_preset=&#8220;default&#8220; module_alignment=&#8220;center&#8220; custom_margin=&#8220;|auto||200px||&#8220; global_colors_info=&#8220;{}&#8220;][et_pb_column type=&#8220;1_2&#8243; _builder_version=&#8220;4.16&#8243; _module_preset=&#8220;default&#8220; global_colors_info=&#8220;{}&#8220;][et_pb_divider color=&#8220;#f6b318&#8243; disabled_on=&#8220;on|off|off&#8220; _builder_version=&#8220;4.16&#8243; _module_preset=&#8220;default&#8220; width=&#8220;20%&#8220; global_colors_info=&#8220;{}&#8220;][\/et_pb_divider][et_pb_text _builder_version=&#8220;4.17.4&#8243; _module_preset=&#8220;default&#8220; custom_margin=&#8220;2px|||||&#8220; custom_padding=&#8220;||8px|||&#8220; global_colors_info=&#8220;{}&#8220;]<\/p>\n<p><strong>Date<\/strong> : vendredi 26 ao\u00fbt<br \/><strong>Horaire<\/strong> : 18h00<br \/><strong>Th\u00e8me<\/strong> :<\/p>\n<div class=\"kvgmc6g5 cxmmr5t8 oygrvhab hcukyx3x c1et5uql ii04i59q\">\n<div dir=\"auto\">\n<div class=\"\" data-block=\"true\" data-editor=\"ej0m0\" data-offset-key=\"5tjfr-0-0\">\n<div data-offset-key=\"5tjfr-0-0\" class=\"_1mf _1mj\">\n<p>le nouveau collectif &#8222;firevibe_events&#8220; repr\u00e9sent\u00e9 par &#8222;dj_lo_ca&#8220; et &#8222;brootek&#8220; prendront les commandes des platines du Cargo.<\/p>\n<p>Venez assister \u00e0 leurs sets<\/p>\n<\/div>\n<\/div>\n<div class=\"\" data-block=\"true\" data-editor=\"ej0m0\" data-offset-key=\"763ok-0-0\">\n<div data-offset-key=\"763ok-0-0\" class=\"_1mf _1mj\"><\/div>\n<\/div>\n<\/div>\n<\/div>\n<div class=\"cxmmr5t8 oygrvhab hcukyx3x c1et5uql o9v6fnle ii04i59q\"><\/div>\n<p>[\/et_pb_text][\/et_pb_column][et_pb_column type=&#8220;1_2&#8243; _builder_version=&#8220;4.16&#8243; _module_preset=&#8220;default&#8220; global_colors_info=&#8220;{}&#8220;][et_pb_image src=&#8220;https:\/\/espaceval.ch\/wp-content\/uploads\/2022\/08\/cargo_barclub_1661427494331722.jpg&#8220; alt=&#8220;Cargo Bar 12 ao\u00fbt&#8220; title_text=&#8220;Cargo Bar &#8211; 26.08&#8243; _builder_version=&#8220;4.17.4&#8243; _module_preset=&#8220;default&#8220; hover_enabled=&#8220;0&#8243; global_colors_info=&#8220;{}&#8220; sticky_enabled=&#8220;0&#8243;][\/et_pb_image][\/et_pb_column][\/et_pb_row][et_pb_row column_structure=&#8220;1_2,1_2&#8243; _builder_version=&#8220;4.16&#8243; _module_preset=&#8220;default&#8220; module_alignment=&#8220;center&#8220; custom_margin=&#8220;|auto||200px||&#8220; global_colors_info=&#8220;{}&#8220;][et_pb_column type=&#8220;1_2&#8243; _builder_version=&#8220;4.16&#8243; _module_preset=&#8220;default&#8220; global_colors_info=&#8220;{}&#8220;][et_pb_divider color=&#8220;#f6b318&#8243; disabled_on=&#8220;on|off|off&#8220; _builder_version=&#8220;4.16&#8243; _module_preset=&#8220;default&#8220; width=&#8220;20%&#8220; global_colors_info=&#8220;{}&#8220;][\/et_pb_divider][et_pb_text _builder_version=&#8220;4.17.4&#8243; _module_preset=&#8220;default&#8220; custom_margin=&#8220;2px|||||&#8220; custom_padding=&#8220;||8px|||&#8220; global_colors_info=&#8220;{}&#8220;]<\/p>\n<p><strong>Date<\/strong> : samedi 27 ao\u00fbt<br \/><strong>Horaire<\/strong> : d\u00e8s 18h00 &#8211; 00h00<br \/><strong>Th\u00e8me<\/strong> :<\/p>\n<div class=\"kvgmc6g5 cxmmr5t8 oygrvhab hcukyx3x c1et5uql ii04i59q\">\n<div dir=\"auto\">\n<div class=\"kvgmc6g5 cxmmr5t8 oygrvhab hcukyx3x c1et5uql ii04i59q\">\n<div dir=\"auto\">\n<div class=\"\" data-block=\"true\" data-editor=\"a8mmq\" data-offset-key=\"7hk42-0-0\">Le Cargo a le privil\u00e8ge d&#8217;accueillir le duo de djs fribourgeois &#8222;Luciano&#8220; et &#8222;Ma-Desi&#8220; samedi 27 ao\u00fbt.<br \/>Ne ratez pas ce moment unique de House music.<\/div>\n<\/div>\n<\/div>\n<\/div>\n<\/div>\n<div class=\"cxmmr5t8 oygrvhab hcukyx3x c1et5uql o9v6fnle ii04i59q\"><\/div>\n<p>[\/et_pb_text][\/et_pb_column][et_pb_column type=&#8220;1_2&#8243; _builder_version=&#8220;4.16&#8243; _module_preset=&#8220;default&#8220; global_colors_info=&#8220;{}&#8220;][et_pb_image src=&#8220;https:\/\/espaceval.ch\/wp-content\/uploads\/2022\/08\/300792410_151466884199510_1267021208413379123_n.jpg&#8220; alt=&#8220;Cargo Bar &#8211; 27.08&#8243; title_text=&#8220;Cargo Bar &#8211; 27.08&#8243; _builder_version=&#8220;4.17.4&#8243; _module_preset=&#8220;default&#8220; hover_enabled=&#8220;0&#8243; global_colors_info=&#8220;{}&#8220; sticky_enabled=&#8220;0&#8243;][\/et_pb_image][\/et_pb_column][\/et_pb_row][\/et_pb_section]<\/p>\n","protected":false},"excerpt":{"rendered":"<p>5\u00e8me session d&#8217;\u00e9v\u00e9nement pour le Cargo bar du 25 au 27 ao\u00fbt d\u00e8s 18h00. Mets, boissons, musique \u00e0 la piscine des Combes.<\/p>\n","protected":false},"author":3,"featured_media":6209,"comment_status":"closed","ping_status":"open","sticky":false,"template":"","format":"standard","meta":{"_et_pb_use_builder":"on","_et_pb_old_content":"","_et_gb_content_width":"","_monsterinsights_skip_tracking":false,"_monsterinsights_sitenote_active":false,"_monsterinsights_sitenote_note":"","_monsterinsights_sitenote_category":0,"footnotes":""},"categories":[30],"tags":[],"class_list":["post-6524","post","type-post","status-publish","format-standard","has-post-thumbnail","hentry","category-manifestation-passee"],"yoast_head":"<!-- This site is optimized with the Yoast SEO plugin v25.6 - https:\/\/yoast.com\/wordpress\/plugins\/seo\/ -->\n<title>Cargo Bar Club - 5\u00e8me session 2022 |<\/title>\n<meta name=\"description\" content=\"5\u00e8me session d&#039;\u00e9v\u00e9nement pour le Cargo bar du 25 au 27 ao\u00fbt d\u00e8s 18h00. Mets, boissons, musique \u00e0 la piscine des Combes.\" \/>\n<meta name=\"robots\" content=\"index, follow, max-snippet:-1, max-image-preview:large, max-video-preview:-1\" \/>\n<link rel=\"canonical\" href=\"https:\/\/espaceval.ch\/de\/cargo-bar-club-5eme-session\/\" \/>\n<meta property=\"og:locale\" content=\"de_DE\" \/>\n<meta property=\"og:type\" content=\"article\" \/>\n<meta property=\"og:title\" content=\"Cargo Bar Club - 5\u00e8me session 2022 |\" \/>\n<meta property=\"og:description\" content=\"5\u00e8me session d&#039;\u00e9v\u00e9nement pour le Cargo bar du 25 au 27 ao\u00fbt d\u00e8s 18h00. Mets, boissons, musique \u00e0 la piscine des Combes.\" \/>\n<meta property=\"og:url\" content=\"https:\/\/espaceval.ch\/de\/cargo-bar-club-5eme-session\/\" \/>\n<meta property=\"og:site_name\" content=\"espaceVAL\" \/>\n<meta property=\"article:published_time\" content=\"2022-08-03T08:50:32+00:00\" \/>\n<meta property=\"article:modified_time\" content=\"2022-08-29T06:29:55+00:00\" \/>\n<meta property=\"og:image\" content=\"https:\/\/espaceval.ch\/wp-content\/uploads\/2022\/05\/Cargo-Bar-Club-2eme-session.jpg\" \/>\n\t<meta property=\"og:image:width\" content=\"960\" \/>\n\t<meta property=\"og:image:height\" content=\"600\" \/>\n\t<meta property=\"og:image:type\" content=\"image\/jpeg\" \/>\n<meta name=\"author\" content=\"espaceVAL\" \/>\n<meta name=\"twitter:card\" content=\"summary_large_image\" \/>\n<meta name=\"twitter:label1\" content=\"Verfasst von\" \/>\n\t<meta name=\"twitter:data1\" content=\"espaceVAL\" \/>\n\t<meta name=\"twitter:label2\" content=\"Gesch\u00e4tzte Lesezeit\" \/>\n\t<meta name=\"twitter:data2\" content=\"7\u00a0Minuten\" \/>\n<script type=\"application\/ld+json\" class=\"yoast-schema-graph\">{\"@context\":\"https:\/\/schema.org\",\"@graph\":[{\"@type\":\"WebPage\",\"@id\":\"https:\/\/espaceval.ch\/de\/cargo-bar-club-5eme-session\/\",\"url\":\"https:\/\/espaceval.ch\/de\/cargo-bar-club-5eme-session\/\",\"name\":\"Cargo Bar Club - 5\u00e8me session 2022 |\",\"isPartOf\":{\"@id\":\"https:\/\/espaceval.ch\/de\/#website\"},\"primaryImageOfPage\":{\"@id\":\"https:\/\/espaceval.ch\/de\/cargo-bar-club-5eme-session\/#primaryimage\"},\"image\":{\"@id\":\"https:\/\/espaceval.ch\/de\/cargo-bar-club-5eme-session\/#primaryimage\"},\"thumbnailUrl\":\"https:\/\/espaceval.ch\/wp-content\/uploads\/2022\/05\/Cargo-Bar-Club-2eme-session.jpg\",\"datePublished\":\"2022-08-03T08:50:32+00:00\",\"dateModified\":\"2022-08-29T06:29:55+00:00\",\"author\":{\"@id\":\"https:\/\/espaceval.ch\/de\/#\/schema\/person\/dd22f242f1b18501ae5a3b4ed941822b\"},\"description\":\"5\u00e8me session d'\u00e9v\u00e9nement pour le Cargo bar du 25 au 27 ao\u00fbt d\u00e8s 18h00. Mets, boissons, musique \u00e0 la piscine des Combes.\",\"breadcrumb\":{\"@id\":\"https:\/\/espaceval.ch\/de\/cargo-bar-club-5eme-session\/#breadcrumb\"},\"inLanguage\":\"de\",\"potentialAction\":[{\"@type\":\"ReadAction\",\"target\":[\"https:\/\/espaceval.ch\/de\/cargo-bar-club-5eme-session\/\"]}]},{\"@type\":\"ImageObject\",\"inLanguage\":\"de\",\"@id\":\"https:\/\/espaceval.ch\/de\/cargo-bar-club-5eme-session\/#primaryimage\",\"url\":\"https:\/\/espaceval.ch\/wp-content\/uploads\/2022\/05\/Cargo-Bar-Club-2eme-session.jpg\",\"contentUrl\":\"https:\/\/espaceval.ch\/wp-content\/uploads\/2022\/05\/Cargo-Bar-Club-2eme-session.jpg\",\"width\":960,\"height\":600,\"caption\":\"Cargo Bar Club 2\u00e8me session\"},{\"@type\":\"BreadcrumbList\",\"@id\":\"https:\/\/espaceval.ch\/de\/cargo-bar-club-5eme-session\/#breadcrumb\",\"itemListElement\":[{\"@type\":\"ListItem\",\"position\":1,\"name\":\"Accueil\",\"item\":\"https:\/\/espaceval.ch\/de\/\"},{\"@type\":\"ListItem\",\"position\":2,\"name\":\"Cargo Bar Club &#8211; 5\u00e8me session\"}]},{\"@type\":\"WebSite\",\"@id\":\"https:\/\/espaceval.ch\/de\/#website\",\"url\":\"https:\/\/espaceval.ch\/de\/\",\"name\":\"espaceVAL\",\"description\":\"Vitalit\u00e9 | Activit\u00e9 | Loisirs\",\"potentialAction\":[{\"@type\":\"SearchAction\",\"target\":{\"@type\":\"EntryPoint\",\"urlTemplate\":\"https:\/\/espaceval.ch\/de\/?s={search_term_string}\"},\"query-input\":{\"@type\":\"PropertyValueSpecification\",\"valueRequired\":true,\"valueName\":\"search_term_string\"}}],\"inLanguage\":\"de\"},{\"@type\":\"Person\",\"@id\":\"https:\/\/espaceval.ch\/de\/#\/schema\/person\/dd22f242f1b18501ae5a3b4ed941822b\",\"name\":\"espaceVAL\",\"image\":{\"@type\":\"ImageObject\",\"inLanguage\":\"de\",\"@id\":\"https:\/\/espaceval.ch\/de\/#\/schema\/person\/image\/\",\"url\":\"https:\/\/secure.gravatar.com\/avatar\/87b3bc56f2fe224bdc10a24865523d0bd8f784e13f8c5e0d6b1921e68f16e737?s=96&d=mm&r=g\",\"contentUrl\":\"https:\/\/secure.gravatar.com\/avatar\/87b3bc56f2fe224bdc10a24865523d0bd8f784e13f8c5e0d6b1921e68f16e737?s=96&d=mm&r=g\",\"caption\":\"espaceVAL\"},\"url\":\"https:\/\/espaceval.ch\/de\/author\/tpage\/\"}]}<\/script>\n<!-- \/ Yoast SEO plugin. -->","yoast_head_json":{"title":"Cargo Bar Club - 5\u00e8me session 2022 |","description":"5\u00e8me session d'\u00e9v\u00e9nement pour le Cargo bar du 25 au 27 ao\u00fbt d\u00e8s 18h00. Mets, boissons, musique \u00e0 la piscine des Combes.","robots":{"index":"index","follow":"follow","max-snippet":"max-snippet:-1","max-image-preview":"max-image-preview:large","max-video-preview":"max-video-preview:-1"},"canonical":"https:\/\/espaceval.ch\/de\/cargo-bar-club-5eme-session\/","og_locale":"de_DE","og_type":"article","og_title":"Cargo Bar Club - 5\u00e8me session 2022 |","og_description":"5\u00e8me session d'\u00e9v\u00e9nement pour le Cargo bar du 25 au 27 ao\u00fbt d\u00e8s 18h00. Mets, boissons, musique \u00e0 la piscine des Combes.","og_url":"https:\/\/espaceval.ch\/de\/cargo-bar-club-5eme-session\/","og_site_name":"espaceVAL","article_published_time":"2022-08-03T08:50:32+00:00","article_modified_time":"2022-08-29T06:29:55+00:00","og_image":[{"width":960,"height":600,"url":"https:\/\/espaceval.ch\/wp-content\/uploads\/2022\/05\/Cargo-Bar-Club-2eme-session.jpg","type":"image\/jpeg"}],"author":"espaceVAL","twitter_card":"summary_large_image","twitter_misc":{"Verfasst von":"espaceVAL","Gesch\u00e4tzte Lesezeit":"7\u00a0Minuten"},"schema":{"@context":"https:\/\/schema.org","@graph":[{"@type":"WebPage","@id":"https:\/\/espaceval.ch\/de\/cargo-bar-club-5eme-session\/","url":"https:\/\/espaceval.ch\/de\/cargo-bar-club-5eme-session\/","name":"Cargo Bar Club - 5\u00e8me session 2022 |","isPartOf":{"@id":"https:\/\/espaceval.ch\/de\/#website"},"primaryImageOfPage":{"@id":"https:\/\/espaceval.ch\/de\/cargo-bar-club-5eme-session\/#primaryimage"},"image":{"@id":"https:\/\/espaceval.ch\/de\/cargo-bar-club-5eme-session\/#primaryimage"},"thumbnailUrl":"https:\/\/espaceval.ch\/wp-content\/uploads\/2022\/05\/Cargo-Bar-Club-2eme-session.jpg","datePublished":"2022-08-03T08:50:32+00:00","dateModified":"2022-08-29T06:29:55+00:00","author":{"@id":"https:\/\/espaceval.ch\/de\/#\/schema\/person\/dd22f242f1b18501ae5a3b4ed941822b"},"description":"5\u00e8me session d'\u00e9v\u00e9nement pour le Cargo bar du 25 au 27 ao\u00fbt d\u00e8s 18h00. Mets, boissons, musique \u00e0 la piscine des Combes.","breadcrumb":{"@id":"https:\/\/espaceval.ch\/de\/cargo-bar-club-5eme-session\/#breadcrumb"},"inLanguage":"de","potentialAction":[{"@type":"ReadAction","target":["https:\/\/espaceval.ch\/de\/cargo-bar-club-5eme-session\/"]}]},{"@type":"ImageObject","inLanguage":"de","@id":"https:\/\/espaceval.ch\/de\/cargo-bar-club-5eme-session\/#primaryimage","url":"https:\/\/espaceval.ch\/wp-content\/uploads\/2022\/05\/Cargo-Bar-Club-2eme-session.jpg","contentUrl":"https:\/\/espaceval.ch\/wp-content\/uploads\/2022\/05\/Cargo-Bar-Club-2eme-session.jpg","width":960,"height":600,"caption":"Cargo Bar Club 2\u00e8me session"},{"@type":"BreadcrumbList","@id":"https:\/\/espaceval.ch\/de\/cargo-bar-club-5eme-session\/#breadcrumb","itemListElement":[{"@type":"ListItem","position":1,"name":"Accueil","item":"https:\/\/espaceval.ch\/de\/"},{"@type":"ListItem","position":2,"name":"Cargo Bar Club &#8211; 5\u00e8me session"}]},{"@type":"WebSite","@id":"https:\/\/espaceval.ch\/de\/#website","url":"https:\/\/espaceval.ch\/de\/","name":"espaceVAL","description":"Vitalit\u00e9 | Activit\u00e9 | Loisirs","potentialAction":[{"@type":"SearchAction","target":{"@type":"EntryPoint","urlTemplate":"https:\/\/espaceval.ch\/de\/?s={search_term_string}"},"query-input":{"@type":"PropertyValueSpecification","valueRequired":true,"valueName":"search_term_string"}}],"inLanguage":"de"},{"@type":"Person","@id":"https:\/\/espaceval.ch\/de\/#\/schema\/person\/dd22f242f1b18501ae5a3b4ed941822b","name":"espaceVAL","image":{"@type":"ImageObject","inLanguage":"de","@id":"https:\/\/espaceval.ch\/de\/#\/schema\/person\/image\/","url":"https:\/\/secure.gravatar.com\/avatar\/87b3bc56f2fe224bdc10a24865523d0bd8f784e13f8c5e0d6b1921e68f16e737?s=96&d=mm&r=g","contentUrl":"https:\/\/secure.gravatar.com\/avatar\/87b3bc56f2fe224bdc10a24865523d0bd8f784e13f8c5e0d6b1921e68f16e737?s=96&d=mm&r=g","caption":"espaceVAL"},"url":"https:\/\/espaceval.ch\/de\/author\/tpage\/"}]}},"_links":{"self":[{"href":"https:\/\/espaceval.ch\/de\/wp-json\/wp\/v2\/posts\/6524","targetHints":{"allow":["GET"]}}],"collection":[{"href":"https:\/\/espaceval.ch\/de\/wp-json\/wp\/v2\/posts"}],"about":[{"href":"https:\/\/espaceval.ch\/de\/wp-json\/wp\/v2\/types\/post"}],"author":[{"embeddable":true,"href":"https:\/\/espaceval.ch\/de\/wp-json\/wp\/v2\/users\/3"}],"replies":[{"embeddable":true,"href":"https:\/\/espaceval.ch\/de\/wp-json\/wp\/v2\/comments?post=6524"}],"version-history":[{"count":13,"href":"https:\/\/espaceval.ch\/de\/wp-json\/wp\/v2\/posts\/6524\/revisions"}],"predecessor-version":[{"id":6643,"href":"https:\/\/espaceval.ch\/de\/wp-json\/wp\/v2\/posts\/6524\/revisions\/6643"}],"wp:featuredmedia":[{"embeddable":true,"href":"https:\/\/espaceval.ch\/de\/wp-json\/wp\/v2\/media\/6209"}],"wp:attachment":[{"href":"https:\/\/espaceval.ch\/de\/wp-json\/wp\/v2\/media?parent=6524"}],"wp:term":[{"taxonomy":"category","embeddable":true,"href":"https:\/\/espaceval.ch\/de\/wp-json\/wp\/v2\/categories?post=6524"},{"taxonomy":"post_tag","embeddable":true,"href":"https:\/\/espaceval.ch\/de\/wp-json\/wp\/v2\/tags?post=6524"}],"curies":[{"name":"wp","href":"https:\/\/api.w.org\/{rel}","templated":true}]}}