{"id":6077,"date":"2022-05-17T08:46:41","date_gmt":"2022-05-17T08:46:41","guid":{"rendered":"https:\/\/espaceval.ch\/?p=6077"},"modified":"2023-12-11T07:17:35","modified_gmt":"2023-12-11T07:17:35","slug":"neuchatel-football-camp","status":"publish","type":"post","link":"https:\/\/espaceval.ch\/de\/neuchatel-football-camp\/","title":{"rendered":"Camp d&#8217;\u00e9t\u00e9 &#8211; Neuch\u00e2tel Football Camp"},"content":{"rendered":"<p>[et_pb_section fb_built=&#8220;1&#8243; fullwidth=&#8220;on&#8220; admin_label=&#8220;Call to Action&#8220; _builder_version=&#8220;4.16&#8243; animation_style=&#8220;slide&#8220; animation_direction=&#8220;bottom&#8220; animation_intensity_slide=&#8220;6%&#8220; animation_starting_opacity=&#8220;100%&#8220; locked=&#8220;off&#8220; global_colors_info=&#8220;{}&#8220;][et_pb_fullwidth_header title=&#8220;Neuch\u00e2tel Football Camp&#8220; button_one_url=&#8220;https:\/\/www.ecole-club.ch\/Offre\/Aquafitness-eau-non-profonde-VdT&#8211;E_1433423_1402&#8243; button_two_url=&#8220;https:\/\/www.ecole-club.ch\/Offre\/Aquafitness-eau-non-profonde-VdT&#8211;E_1433423_1402#\/book0#toppage&#8220; content_max_width=&#8220;800px&#8220; _builder_version=&#8220;4.16&#8243; title_level=&#8220;h2&#8243; title_font=&#8220;Montserrat|300|||||||&#8220; title_font_size=&#8220;58px&#8220; title_line_height=&#8220;1.2em&#8220; content_font=&#8220;|300|||||||&#8220; content_font_size=&#8220;16px&#8220; content_line_height=&#8220;1.8em&#8220; background_color=&#8220;rgba(255, 255, 255, 0)&#8220; use_background_color_gradient=&#8220;on&#8220; background_color_gradient_direction=&#8220;90deg&#8220; background_color_gradient_stops=&#8220;rgba(0,0,0,0.75) 0%|rgba(0,0,0,0) 100%&#8220; background_color_gradient_overlays_image=&#8220;on&#8220; background_color_gradient_start=&#8220;rgba(0,0,0,0.75)&#8220; background_color_gradient_end=&#8220;rgba(0,0,0,0)&#8220; background_image=&#8220;https:\/\/espaceval.ch\/wp-content\/uploads\/2022\/05\/Star-sports-camp-foot.jpg&#8220; custom_button_one=&#8220;on&#8220; button_one_text_size=&#8220;16px&#8220; button_one_bg_color=&#8220;#f5a378&#8243; button_one_border_width=&#8220;10px&#8220; button_one_border_color=&#8220;#f5a378&#8243; button_one_border_radius=&#8220;0px&#8220; button_one_letter_spacing=&#8220;0px&#8220; button_one_font=&#8220;|300||on|||||&#8220; button_one_use_icon=&#8220;off&#8220; button_one_custom_margin=&#8220;|5%|||false|false&#8220; custom_button_two=&#8220;on&#8220; button_two_text_size=&#8220;16px&#8220; button_two_text_color=&#8220;#ffffff&#8220; button_two_bg_color=&#8220;#ef7a3f&#8220; button_two_border_width=&#8220;10px&#8220; button_two_border_color=&#8220;#ef7a3f&#8220; button_two_border_radius=&#8220;0px&#8220; button_two_letter_spacing=&#8220;0px&#8220; button_two_font=&#8220;|300||on|||||&#8220; button_two_use_icon=&#8220;off&#8220; button_two_custom_margin=&#8220;|||0px|false|false&#8220; custom_margin=&#8220;|||&#8220; custom_padding=&#8220;8%||8%|&#8220; button_one_letter_spacing_hover=&#8220;1px&#8220; button_two_letter_spacing_hover=&#8220;1px&#8220; global_colors_info=&#8220;{}&#8220; button_one_text_size__hover_enabled=&#8220;off&#8220; button_two_text_size__hover_enabled=&#8220;off&#8220; button_one_text_color__hover_enabled=&#8220;off&#8220; button_two_text_color__hover_enabled=&#8220;off&#8220; button_one_border_width__hover_enabled=&#8220;off&#8220; button_two_border_width__hover_enabled=&#8220;off&#8220; button_one_border_color__hover_enabled=&#8220;on|hover&#8220; button_two_border_color__hover_enabled=&#8220;on|desktop&#8220; button_one_border_radius__hover_enabled=&#8220;off&#8220; button_two_border_radius__hover_enabled=&#8220;off&#8220; button_one_letter_spacing__hover_enabled=&#8220;off|desktop&#8220; button_one_letter_spacing__hover=&#8220;1px&#8220; button_two_letter_spacing__hover_enabled=&#8220;off|hover&#8220; button_two_letter_spacing__hover=&#8220;1px&#8220; button_one_bg_color__hover_enabled=&#8220;on|hover&#8220; button_two_bg_color__hover_enabled=&#8220;on|hover&#8220; button_one_bg_color__hover=&#8220;#e53f12&#8243; button_one_bg_enable_color__hover=&#8220;on&#8220; button_one_border_color__hover=&#8220;#e53f12&#8243; button_two_bg_color__hover=&#8220;#e53f12&#8243; button_two_bg_enable_color__hover=&#8220;on&#8220; button_two_border_color__hover=&#8220;#e53f12&#8243;]<\/p>\n<h3>Camp haut de gamme pour joueurs et gardiens de 10\/12 \u00e0 16 ans<\/h3>\n<p>[\/et_pb_fullwidth_header][\/et_pb_section][et_pb_section fb_built=&#8220;1&#8243; _builder_version=&#8220;4.16&#8243; background_color=&#8220;#0084a3&#8243; global_colors_info=&#8220;{}&#8220;][et_pb_row _builder_version=&#8220;4.16&#8243; _module_preset=&#8220;default&#8220; global_colors_info=&#8220;{}&#8220;][et_pb_column type=&#8220;4_4&#8243; _builder_version=&#8220;4.16&#8243; _module_preset=&#8220;default&#8220; global_colors_info=&#8220;{}&#8220;][et_pb_text _builder_version=&#8220;4.16&#8243; text_font=&#8220;|300|||||||&#8220; text_text_color=&#8220;#ffffff&#8220; text_font_size=&#8220;20px&#8220; text_line_height=&#8220;1.8em&#8220; header_font=&#8220;||||||||&#8220; text_orientation=&#8220;center&#8220; animation_direction=&#8220;left&#8220; locked=&#8220;off&#8220; global_colors_info=&#8220;{}&#8220;]<\/p>\n<p>Une manifestation sportive, une foire professionnelle ou une f\u00eate populaire ?<br \/> espaceVAL vous permet de participer \u00e0 toutes sortes d\u2019activit\u00e9s.<br \/>Vous pouvez m\u00eame proposer la v\u00f4tre !<\/p>\n<p>[\/et_pb_text][\/et_pb_column][\/et_pb_row][\/et_pb_section][et_pb_section fb_built=&#8220;1&#8243; _builder_version=&#8220;4.16&#8243; custom_padding=&#8220;0px|0px|27px|0px|false|false&#8220; global_colors_info=&#8220;{}&#8220;][et_pb_row use_custom_gutter=&#8220;on&#8220; gutter_width=&#8220;1&#8243; make_equal=&#8220;on&#8220; _builder_version=&#8220;4.16&#8243; width=&#8220;100%&#8220; max_width=&#8220;100%&#8220; custom_margin=&#8220;||||false|false&#8220; custom_padding=&#8220;0px||0px||false|false&#8220; global_colors_info=&#8220;{}&#8220;][et_pb_column type=&#8220;4_4&#8243; _builder_version=&#8220;4.16&#8243; custom_padding=&#8220;80px|5%|80px|80px|false|false&#8220; global_colors_info=&#8220;{}&#8220;][et_pb_text _builder_version=&#8220;4.16&#8243; header_2_font=&#8220;Montserrat|300|||||||&#8220; header_2_text_align=&#8220;left&#8220; header_2_font_size=&#8220;58px&#8220; custom_margin=&#8220;||15px||false|false&#8220; header_2_font_size_tablet=&#8220;&#8220; header_2_font_size_phone=&#8220;40px&#8220; header_2_font_size_last_edited=&#8220;on|phone&#8220; global_colors_info=&#8220;{}&#8220;]<\/p>\n<h2>Star Sports<\/h2>\n<p>[\/et_pb_text][et_pb_divider _builder_version=&#8220;4.16&#8243; _module_preset=&#8220;default&#8220; width=&#8220;8%&#8220; global_colors_info=&#8220;{}&#8220;][\/et_pb_divider][et_pb_text _builder_version=&#8220;4.16&#8243; _module_preset=&#8220;default&#8220; custom_margin=&#8220;2px|||||&#8220; custom_padding=&#8220;||59px|||&#8220; global_colors_info=&#8220;{}&#8220;]<\/p>\n<p><app-intromain _nghost-sbb-fajuma-c79=\"\"><\/app-intromain><\/p>\n<header _ngcontent-sbb-fajuma-c79=\"\" class=\"sbb-intromain\"><\/header>\n<header _ngcontent-sbb-fajuma-c79=\"\" class=\"sbb-intromain\">\n<div _ngcontent-sbb-fajuma-c79=\"\" class=\"intromain-inner\">\n<div _ngcontent-sbb-fajuma-c79=\"\" class=\"intromain-box\">\n<p _ngcontent-sbb-fajuma-c79=\"\" class=\"intromain-leadin\">Le Neuch\u00e2tel Football Camp (cr\u00e9\u00e9 en 2005) va vivre sa dixi\u00e8me \u00e9dition \u00e0 espaceVAL \u00e0 Couvet (NE), avec des installations sportives haut de gamme et un h\u00e9bergement h\u00f4telier. En bref, des conditions exceptionnelles pour un s\u00e9jour sportif alliant football \u00e0 plusieurs activit\u00e9s sportives et r\u00e9cr\u00e9atives. Pour les jeunes de la r\u00e9gion d\u00e8s 10 ans, possibilit\u00e9 de participer au camp \u00e0 la journ\u00e9e (Day Camp).<\/p>\n<p _ngcontent-sbb-fajuma-c79=\"\" class=\"intromain-leadin\">Nouveaut\u00e9 en 2022, un groupe &#8222;performance&#8220; pour les 12-14 ans entra\u00een\u00e9 par Alberto Manga, form\u00e9 et joueur au FC Barcelone.\u00a0<\/p>\n<\/div>\n<\/div>\n<\/header>\n<div appgridsection=\"\" class=\"u-padding-t-30 sbb-page-section\">\n<div appgridsectioninner=\"\" class=\"page-section-inner\">\n<div appgridsectionbox=\"\" class=\"page-section-box\"><\/div>\n<\/div>\n<\/div>\n<p>[\/et_pb_text][et_pb_text _builder_version=&#8220;4.16&#8243; header_2_font=&#8220;Montserrat|300|||||||&#8220; header_2_text_align=&#8220;left&#8220; header_2_font_size=&#8220;58px&#8220; custom_margin=&#8220;||15px||false|false&#8220; header_2_font_size_tablet=&#8220;&#8220; header_2_font_size_phone=&#8220;40px&#8220; header_2_font_size_last_edited=&#8220;on|phone&#8220; global_colors_info=&#8220;{}&#8220;]<\/p>\n<h2>Informations<\/h2>\n<p>[\/et_pb_text][et_pb_divider _builder_version=&#8220;4.16&#8243; _module_preset=&#8220;default&#8220; width=&#8220;8%&#8220; global_colors_info=&#8220;{}&#8220;][\/et_pb_divider][\/et_pb_column][\/et_pb_row][et_pb_row column_structure=&#8220;1_4,1_4,1_4,1_4&#8243; use_custom_gutter=&#8220;on&#8220; gutter_width=&#8220;1&#8243; make_equal=&#8220;on&#8220; _builder_version=&#8220;4.16&#8243; _module_preset=&#8220;default&#8220; width=&#8220;100%&#8220; max_width=&#8220;100%&#8220; custom_margin=&#8220;||||false|false&#8220; custom_padding=&#8220;0px||0px||false|false&#8220; global_colors_info=&#8220;{}&#8220;][et_pb_column type=&#8220;1_4&#8243; _builder_version=&#8220;4.16&#8243; _module_preset=&#8220;default&#8220; global_colors_info=&#8220;{}&#8220;][et_pb_text _builder_version=&#8220;4.16&#8243; _module_preset=&#8220;default&#8220; custom_padding=&#8220;|||3px||&#8220; global_colors_info=&#8220;{}&#8220;]<\/p>\n<h4><strong><span>Direction et encadrement<\/span><\/strong><\/h4>\n<p><strong>Direction<\/strong><\/p>\n<p>\u2013 Mauro Camozzi, charismatique figure de la r\u00e9gion<br \/>\u2013 mari\u00e9 et papa de 2 filles<br \/>\u2013 entrepreneur ind\u00e9pendant<\/p>\n<p><strong><span>Encadrement<\/span><\/strong><\/p>\n<p>\u2013 4 entra\u00eeneurs dipl\u00f4m\u00e9s (J+S, ASF, UEFA ou \u00e9quivalent)<br \/>\u2013 1 sp\u00e9cialiste gardiens<br \/>\u2013 encadrement et surveillance 24h\/24<br \/>\u2013 ratio staff\/participants de 1 pour 10 en moyenne<\/p>\n<p>[\/et_pb_text][\/et_pb_column][et_pb_column type=&#8220;1_4&#8243; _builder_version=&#8220;4.16&#8243; _module_preset=&#8220;default&#8220; global_colors_info=&#8220;{}&#8220;][et_pb_text _builder_version=&#8220;4.16&#8243; _module_preset=&#8220;default&#8220; custom_padding=&#8220;|||3px||&#8220; global_colors_info=&#8220;{}&#8220;]<\/p>\n<h4><strong><span>espaceVAL<\/span><\/strong><\/h4>\n<p><strong>Logement et repas<\/strong><\/p>\n<p>\u2013 chambres de 4 \u00e0 6 lits individuels<br \/>\u2013 repas \u00e9quilibr\u00e9s pris au restaurant du Centre<br \/>\u2013 collations et boissons incluses<\/p>\n<p><strong>Infrastructures<\/strong><\/p>\n<p>\u2013 terrain de football sur place<br \/>\u2013 piscine couverte et salles de sport sur place<br \/>\u2013 ping-pong et terrain de basket ext\u00e9rieurs<br \/>\u2013 grand \u00e9cran (si matches Euro \/ CM).<\/p>\n<p>[\/et_pb_text][\/et_pb_column][et_pb_column type=&#8220;1_4&#8243; _builder_version=&#8220;4.16&#8243; _module_preset=&#8220;default&#8220; global_colors_info=&#8220;{}&#8220;][et_pb_text _builder_version=&#8220;4.16&#8243; _module_preset=&#8220;default&#8220; custom_padding=&#8220;|||3px||&#8220; global_colors_info=&#8220;{}&#8220;]<\/p>\n<h4><strong><span>Programme<\/span><\/strong><\/h4>\n<p><strong>Programme sportif<\/strong><\/p>\n<p>Notre programme d\u2019entra\u00eenement est con\u00e7u et adapt\u00e9 pour chaque tranches d\u2019\u00e2ges et niveaux:<br \/>\u2013 groupes homog\u00e8nes de 12 joueurs environ<br \/>\u2013 8 s\u00e9ances d\u2019entra\u00eenements propos\u00e9es<br \/>\u2013 philosophie d\u2019entra\u00eenement bisannuelle de l\u2019ASF 2021\/2022<br \/>\u2013 ax\u00e9 sur la technique individuelle et la coordination<br \/>\u2013 encourage la prise de d\u00e9cision<br \/>\u2013 majorit\u00e9 de formes jou\u00e9es pour favoriser l\u2019apprentissage<br \/>\u2013 tournoi quotidien organis\u00e9 avec finales le vendredi<br \/>\u2013 transmission des valeurs de respect et fair-play<\/p>\n<p><strong>Programme r\u00e9cr\u00e9atif<\/strong><\/p>\n<p>Des temps libres et des pauses, avec acc\u00e8s \u00e0 son smartphone, selon horaire \u00e9tabli, sont propos\u00e9s:<br \/>\u2013 repos en chambre<br \/>\u2013 ping-pong, basket, salle de sports, piscine indoor, etc.<br \/>\u2013 apr\u00e8s-midi piscine ext\u00e9rieure (selon conditions m\u00e9t\u00e9o)<br \/>\u2013 visite de joueurs (sous r\u00e9serve de disponibilit\u00e9s)<\/p>\n<p>[\/et_pb_text][\/et_pb_column][et_pb_column type=&#8220;1_4&#8243; _builder_version=&#8220;4.16&#8243; _module_preset=&#8220;default&#8220; global_colors_info=&#8220;{}&#8220;][et_pb_text _builder_version=&#8220;4.16&#8243; _module_preset=&#8220;default&#8220; custom_padding=&#8220;|||3px||&#8220; global_colors_info=&#8220;{}&#8220;]<\/p>\n<h4><strong><span>Horaires<\/span><\/strong><\/h4>\n<p><span><strong>Ouverture du camp<\/strong>\u00a0*<\/span><\/p>\n<p>Les parents et les participants sont accueillis le dimanche dans le hall de l\u2019espaceVAL \u00e0 Couvet:<br \/>\u2013 r\u00e9ception entre 16h25 et 16h55<br \/>\u2013 br\u00e8ve s\u00e9ance d\u2019information entre 17h00 et 17h20<br \/>\u2013 directeur \u00e0 disposition pour toute question<\/p>\n<p><span><em>* les joueurs participant au camp sans les nuit\u00e9es (Day Camp) sont accueillis par le directeur du camp le lundi matin vers 9h00 dans le hall du Centre sportif. Horaire de la semaine: 9h00 \u00e0 18h00.<\/em><\/span><span><\/span><\/p>\n<p><strong>Cl\u00f4ture du camp<\/strong><\/p>\n<p>Le camp se termine le vendredi, les parents sont les bienvenus l\u2019apr\u00e8s-midi selon leurs disponibilit\u00e9s:<br \/>\u2013 d\u00e8s 17h00, finales du tournoi<br \/>\u2013 d\u00e8s 17h45, ap\u00e9ro offert aux parents<br \/>\u00a0 \u00a0(douches participants)<br \/>\u2013 d\u00e8s 18h00, remise des prix (fin vers 18h45)<\/p>\n<p>[\/et_pb_text][\/et_pb_column][\/et_pb_row][\/et_pb_section][et_pb_section fb_built=&#8220;1&#8243; _builder_version=&#8220;4.16&#8243; background_color=&#8220;#0084a3&#8243; custom_padding=&#8220;0px||0px|||&#8220; global_colors_info=&#8220;{}&#8220;][et_pb_row column_structure=&#8220;1_2,1_2&#8243; use_custom_gutter=&#8220;on&#8220; gutter_width=&#8220;1&#8243; make_equal=&#8220;on&#8220; _builder_version=&#8220;4.16&#8243; background_color=&#8220;#0084a3&#8243; width=&#8220;100%&#8220; max_width=&#8220;100%&#8220; custom_margin=&#8220;-2px|auto||auto|false|false&#8220; custom_padding=&#8220;0px||0px||false|false&#8220; global_colors_info=&#8220;{}&#8220;][et_pb_column type=&#8220;1_2&#8243; _builder_version=&#8220;4.16&#8243; custom_padding=&#8220;80px|5%|80px|80px|false|false&#8220; global_colors_info=&#8220;{}&#8220;][et_pb_blurb title=&#8220;Date&#8220; use_icon=&#8220;on&#8220; font_icon=&#8220;&#xe023;||divi||400&#8243; icon_color=&#8220;#ffffff&#8220; _builder_version=&#8220;4.16&#8243; header_font=&#8220;|300|||||||&#8220; header_font_size=&#8220;30px&#8220; header_line_height=&#8220;1.2em&#8220; body_font=&#8220;|300|||||||&#8220; background_layout=&#8220;dark&#8220; custom_padding=&#8220;||0px|||&#8220; global_colors_info=&#8220;{}&#8220;]<\/p>\n<p>Dimanche 03 au vendredi 08 juillet (avec nuit\u00e9es)<\/p>\n<p>Lundi 04 au vendredi 08 juillet (journ\u00e9es uniquement)<\/p>\n<p style=\"text-align: left;\">\n<p>[\/et_pb_blurb][\/et_pb_column][et_pb_column type=&#8220;1_2&#8243; _builder_version=&#8220;4.16&#8243; custom_padding=&#8220;80px|5%|80px|80px|false|false&#8220; custom_padding_tablet=&#8220;&#8220; custom_padding_phone=&#8220;0px|10%|80px|80px|false|false&#8220; custom_padding_last_edited=&#8220;on|phone&#8220; global_colors_info=&#8220;{}&#8220;][et_pb_blurb title=&#8220;Tarifs&#8220; use_icon=&#8220;on&#8220; font_icon=&#8220;&#xe015;||divi||400&#8243; icon_color=&#8220;#ffffff&#8220; _builder_version=&#8220;4.16&#8243; header_font=&#8220;|300|||||||&#8220; header_font_size=&#8220;30px&#8220; header_line_height=&#8220;1.2em&#8220; body_font=&#8220;|300|||||||&#8220; background_layout=&#8220;dark&#8220; custom_padding=&#8220;||0px|||&#8220; global_colors_info=&#8220;{}&#8220;]<\/p>\n<p style=\"text-align: left;\">La finance d\u2019inscription au camp s\u2019\u00e9l\u00e8ve \u00e0<span>\u00a0<\/span><span>CHF 580.\u2013\/semaine<\/span><span>\u00a0<\/span>(suppl\u00e9ment CHF 30.\u2013 pour les gardiens). Elle comprend l\u2019encadrement 24h\/24, les repas, go\u00fbters et boissons, le logement, les entra\u00eenements, les activit\u00e9s r\u00e9cr\u00e9atives, ainsi qu\u2019un \u00e9quipement Feel Free inclus dans le forfait, comprenant maillot, short, chaussettes, t-shirt et ballon !<\/p>\n<p style=\"text-align: left;\">En option, possibilit\u00e9 de commander un sac \u00e0 dos, des maintiens et\/ou prot\u00e8ge-tibias TIBTOP\u00ae. Pour le Day Camp, la finance d\u2019inscription se monte \u00e0 CHF 350.\u2013\/semaine (les prestations excluent les nuit\u00e9es, les petits-d\u00e9jeuners et les repas du soir).<\/p>\n<p style=\"text-align: left;\">Pour toute question, utilisez notre<span>\u00a0<\/span><span>formulaire de contact<\/span><span>\u00a0<\/span>ou appelez-nous au 079 356 44 61. Certains camps \u00e9tant complets rapidement,<span>\u00a0<\/span><span>v\u00e9rifiez nos disponibilit\u00e9s\u00a0et<strong>\u00a0<\/strong>r\u00e9servez votre place d\u00e8s que possible.<\/span><\/p>\n<p>[\/et_pb_blurb][\/et_pb_column][\/et_pb_row][\/et_pb_section][et_pb_section fb_built=&#8220;1&#8243; admin_label=&#8220;Sign Up Section&#8220; _builder_version=&#8220;4.16&#8243; background_color=&#8220;#f7f7f7&#8243; custom_padding=&#8220;0px||16px|||&#8220; global_colors_info=&#8220;{}&#8220;][et_pb_row column_structure=&#8220;1_3,1_3,1_3&#8243; use_custom_gutter=&#8220;on&#8220; gutter_width=&#8220;1&#8243; make_equal=&#8220;on&#8220; _builder_version=&#8220;4.16&#8243; _module_preset=&#8220;default&#8220; width=&#8220;100%&#8220; max_width=&#8220;100%&#8220; custom_margin=&#8220;2px|auto||auto|false|false&#8220; custom_padding=&#8220;31px||0px||false|false&#8220; global_colors_info=&#8220;{}&#8220;][et_pb_column type=&#8220;1_3&#8243; _builder_version=&#8220;4.16&#8243; _module_preset=&#8220;default&#8220; global_colors_info=&#8220;{}&#8220;][et_pb_text _builder_version=&#8220;4.16&#8243; text_font=&#8220;|300|||||||&#8220; text_font_size=&#8220;16px&#8220; header_2_font=&#8220;|300|||||||&#8220; header_2_font_size=&#8220;58px&#8220; header_2_line_height=&#8220;1.2em&#8220; global_colors_info=&#8220;{}&#8220;]<\/p>\n<h2>Organis\u00e9 par<\/h2>\n<p>[\/et_pb_text][et_pb_divider _builder_version=&#8220;4.16&#8243; _module_preset=&#8220;default&#8220; width=&#8220;8%&#8220; global_colors_info=&#8220;{}&#8220;][\/et_pb_divider][et_pb_text _builder_version=&#8220;4.16&#8243; _module_preset=&#8220;default&#8220; global_colors_info=&#8220;{}&#8220;]<\/p>\n<h2>Star Sports<\/h2>\n<p>[\/et_pb_text][\/et_pb_column][et_pb_column type=&#8220;1_3&#8243; _builder_version=&#8220;4.16&#8243; _module_preset=&#8220;default&#8220; global_colors_info=&#8220;{}&#8220;][et_pb_image src=&#8220;https:\/\/espaceval.ch\/wp-content\/uploads\/2022\/05\/Starsports_logobleu_520x520px.png&#8220; title_text=&#8220;Starsports_logobleu_520x520px&#8220; align=&#8220;center&#8220; _builder_version=&#8220;4.16&#8243; _module_preset=&#8220;default&#8220; width=&#8220;30%&#8220; module_alignment=&#8220;center&#8220; global_colors_info=&#8220;{}&#8220;][\/et_pb_image][et_pb_text _builder_version=&#8220;4.16&#8243; _module_preset=&#8220;default&#8220; global_colors_info=&#8220;{}&#8220;]<\/p>\n<p style=\"text-align: center;\"><a href=\"https:\/\/www.starsports.ch\/\">https:\/\/www.starsports.ch\/<\/a><\/p>\n<p>[\/et_pb_text][\/et_pb_column][et_pb_column type=&#8220;1_3&#8243; _builder_version=&#8220;4.16&#8243; _module_preset=&#8220;default&#8220; global_colors_info=&#8220;{}&#8220;][et_pb_text _builder_version=&#8220;4.16&#8243; header_2_font=&#8220;Montserrat|300|||||||&#8220; header_2_text_align=&#8220;left&#8220; header_2_font_size=&#8220;58px&#8220; custom_margin=&#8220;||15px||false|false&#8220; header_2_font_size_tablet=&#8220;&#8220; header_2_font_size_phone=&#8220;40px&#8220; header_2_font_size_last_edited=&#8220;on|phone&#8220; global_colors_info=&#8220;{}&#8220;]<\/p>\n<div class=\"et_pb_module et_pb_text et_pb_text_3  et_pb_text_align_left et_pb_bg_layout_light\">\n<div class=\"et_pb_text_inner\">\n<h2>Question et inscription<\/h2>\n<\/div>\n<\/div>\n<p>[\/et_pb_text][et_pb_divider _builder_version=&#8220;4.16&#8243; _module_preset=&#8220;default&#8220; width=&#8220;8%&#8220; global_colors_info=&#8220;{}&#8220;][\/et_pb_divider][et_pb_text admin_label=&#8220;Tittle &#038; Paragraph&#8220; _builder_version=&#8220;4.16&#8243; text_font=&#8220;|300|||||||&#8220; text_font_size=&#8220;16px&#8220; text_line_height=&#8220;1.8em&#8220; header_font=&#8220;||||||||&#8220; header_2_font=&#8220;Montserrat|300|||||||&#8220; header_2_font_size=&#8220;45px&#8220; header_2_letter_spacing=&#8220;3px&#8220; header_2_line_height=&#8220;1.4em&#8220; module_alignment=&#8220;center&#8220; min_height=&#8220;33.8px&#8220; custom_margin=&#8220;40px|||&#8220; custom_margin_tablet=&#8220;0px|||&#8220; custom_margin_phone=&#8220;|||&#8220; custom_margin_last_edited=&#8220;on|phone&#8220; global_colors_info=&#8220;{}&#8220;]<\/p>\n<p>Directement sur leur site : <a href=\"https:\/\/www.starsports.ch\/inscription-junior-camps\/\">https:\/\/www.starsports.ch\/inscription-junior-camps\/<\/a>\u00a0<\/p>\n<p>[\/et_pb_text][\/et_pb_column][\/et_pb_row][\/et_pb_section]<\/p>\n","protected":false},"excerpt":{"rendered":"<p>Camp haut de gamme pour joueurs et gardiens de 10\/12 \u00e0 16 ans. s\u00e9jour sportif alliant football. activit\u00e9s sportives et r\u00e9cr\u00e9atives. <\/p>\n","protected":false},"author":3,"featured_media":6083,"comment_status":"closed","ping_status":"open","sticky":false,"template":"","format":"standard","meta":{"_et_pb_use_builder":"on","_et_pb_old_content":"","_et_gb_content_width":"","_monsterinsights_skip_tracking":false,"_monsterinsights_sitenote_active":false,"_monsterinsights_sitenote_note":"","_monsterinsights_sitenote_category":0,"footnotes":""},"categories":[30],"tags":[],"class_list":["post-6077","post","type-post","status-publish","format-standard","has-post-thumbnail","hentry","category-manifestation-passee"],"yoast_head":"<!-- This site is optimized with the Yoast SEO plugin v25.6 - https:\/\/yoast.com\/wordpress\/plugins\/seo\/ -->\n<title>Camp d&#039;\u00e9t\u00e9 - Neuch\u00e2tel Football Camp - espaceVAL<\/title>\n<meta name=\"description\" content=\"Camp haut de gamme pour joueurs et gardiens de 10\/12 \u00e0 16 ans. s\u00e9jour sportif alliant football. activit\u00e9s sportives et r\u00e9cr\u00e9atives.\" \/>\n<meta name=\"robots\" content=\"index, follow, max-snippet:-1, max-image-preview:large, max-video-preview:-1\" \/>\n<link rel=\"canonical\" href=\"https:\/\/espaceval.ch\/de\/neuchatel-football-camp\/\" \/>\n<meta property=\"og:locale\" content=\"de_DE\" \/>\n<meta property=\"og:type\" content=\"article\" \/>\n<meta property=\"og:title\" content=\"Camp d&#039;\u00e9t\u00e9 - Neuch\u00e2tel Football Camp - espaceVAL\" \/>\n<meta property=\"og:description\" content=\"Camp haut de gamme pour joueurs et gardiens de 10\/12 \u00e0 16 ans. s\u00e9jour sportif alliant football. activit\u00e9s sportives et r\u00e9cr\u00e9atives.\" \/>\n<meta property=\"og:url\" content=\"https:\/\/espaceval.ch\/de\/neuchatel-football-camp\/\" \/>\n<meta property=\"og:site_name\" content=\"espaceVAL\" \/>\n<meta property=\"article:published_time\" content=\"2022-05-17T08:46:41+00:00\" \/>\n<meta property=\"article:modified_time\" content=\"2023-12-11T07:17:35+00:00\" \/>\n<meta property=\"og:image\" content=\"https:\/\/espaceval.ch\/wp-content\/uploads\/2022\/05\/Star-sports-camp.jpg\" \/>\n\t<meta property=\"og:image:width\" content=\"960\" \/>\n\t<meta property=\"og:image:height\" content=\"600\" \/>\n\t<meta property=\"og:image:type\" content=\"image\/jpeg\" \/>\n<meta name=\"author\" content=\"espaceVAL\" \/>\n<meta name=\"twitter:card\" content=\"summary_large_image\" \/>\n<meta name=\"twitter:label1\" content=\"Verfasst von\" \/>\n\t<meta name=\"twitter:data1\" content=\"espaceVAL\" \/>\n\t<meta name=\"twitter:label2\" content=\"Gesch\u00e4tzte Lesezeit\" \/>\n\t<meta name=\"twitter:data2\" content=\"10\u00a0Minuten\" \/>\n<script type=\"application\/ld+json\" class=\"yoast-schema-graph\">{\"@context\":\"https:\/\/schema.org\",\"@graph\":[{\"@type\":\"WebPage\",\"@id\":\"https:\/\/espaceval.ch\/de\/neuchatel-football-camp\/\",\"url\":\"https:\/\/espaceval.ch\/de\/neuchatel-football-camp\/\",\"name\":\"Camp d'\u00e9t\u00e9 - Neuch\u00e2tel Football Camp - espaceVAL\",\"isPartOf\":{\"@id\":\"https:\/\/espaceval.ch\/de\/#website\"},\"primaryImageOfPage\":{\"@id\":\"https:\/\/espaceval.ch\/de\/neuchatel-football-camp\/#primaryimage\"},\"image\":{\"@id\":\"https:\/\/espaceval.ch\/de\/neuchatel-football-camp\/#primaryimage\"},\"thumbnailUrl\":\"https:\/\/espaceval.ch\/wp-content\/uploads\/2022\/05\/Star-sports-camp.jpg\",\"datePublished\":\"2022-05-17T08:46:41+00:00\",\"dateModified\":\"2023-12-11T07:17:35+00:00\",\"author\":{\"@id\":\"https:\/\/espaceval.ch\/de\/#\/schema\/person\/dd22f242f1b18501ae5a3b4ed941822b\"},\"description\":\"Camp haut de gamme pour joueurs et gardiens de 10\/12 \u00e0 16 ans. s\u00e9jour sportif alliant football. activit\u00e9s sportives et r\u00e9cr\u00e9atives.\",\"breadcrumb\":{\"@id\":\"https:\/\/espaceval.ch\/de\/neuchatel-football-camp\/#breadcrumb\"},\"inLanguage\":\"de\",\"potentialAction\":[{\"@type\":\"ReadAction\",\"target\":[\"https:\/\/espaceval.ch\/de\/neuchatel-football-camp\/\"]}]},{\"@type\":\"ImageObject\",\"inLanguage\":\"de\",\"@id\":\"https:\/\/espaceval.ch\/de\/neuchatel-football-camp\/#primaryimage\",\"url\":\"https:\/\/espaceval.ch\/wp-content\/uploads\/2022\/05\/Star-sports-camp.jpg\",\"contentUrl\":\"https:\/\/espaceval.ch\/wp-content\/uploads\/2022\/05\/Star-sports-camp.jpg\",\"width\":960,\"height\":600},{\"@type\":\"BreadcrumbList\",\"@id\":\"https:\/\/espaceval.ch\/de\/neuchatel-football-camp\/#breadcrumb\",\"itemListElement\":[{\"@type\":\"ListItem\",\"position\":1,\"name\":\"Accueil\",\"item\":\"https:\/\/espaceval.ch\/de\/\"},{\"@type\":\"ListItem\",\"position\":2,\"name\":\"Camp d&rsquo;\u00e9t\u00e9 &#8211; Neuch\u00e2tel Football Camp\"}]},{\"@type\":\"WebSite\",\"@id\":\"https:\/\/espaceval.ch\/de\/#website\",\"url\":\"https:\/\/espaceval.ch\/de\/\",\"name\":\"espaceVAL\",\"description\":\"Vitalit\u00e9 | Activit\u00e9 | Loisirs\",\"potentialAction\":[{\"@type\":\"SearchAction\",\"target\":{\"@type\":\"EntryPoint\",\"urlTemplate\":\"https:\/\/espaceval.ch\/de\/?s={search_term_string}\"},\"query-input\":{\"@type\":\"PropertyValueSpecification\",\"valueRequired\":true,\"valueName\":\"search_term_string\"}}],\"inLanguage\":\"de\"},{\"@type\":\"Person\",\"@id\":\"https:\/\/espaceval.ch\/de\/#\/schema\/person\/dd22f242f1b18501ae5a3b4ed941822b\",\"name\":\"espaceVAL\",\"image\":{\"@type\":\"ImageObject\",\"inLanguage\":\"de\",\"@id\":\"https:\/\/espaceval.ch\/de\/#\/schema\/person\/image\/\",\"url\":\"https:\/\/secure.gravatar.com\/avatar\/87b3bc56f2fe224bdc10a24865523d0bd8f784e13f8c5e0d6b1921e68f16e737?s=96&d=mm&r=g\",\"contentUrl\":\"https:\/\/secure.gravatar.com\/avatar\/87b3bc56f2fe224bdc10a24865523d0bd8f784e13f8c5e0d6b1921e68f16e737?s=96&d=mm&r=g\",\"caption\":\"espaceVAL\"},\"url\":\"https:\/\/espaceval.ch\/de\/author\/tpage\/\"}]}<\/script>\n<!-- \/ Yoast SEO plugin. -->","yoast_head_json":{"title":"Camp d'\u00e9t\u00e9 - Neuch\u00e2tel Football Camp - espaceVAL","description":"Camp haut de gamme pour joueurs et gardiens de 10\/12 \u00e0 16 ans. s\u00e9jour sportif alliant football. activit\u00e9s sportives et r\u00e9cr\u00e9atives.","robots":{"index":"index","follow":"follow","max-snippet":"max-snippet:-1","max-image-preview":"max-image-preview:large","max-video-preview":"max-video-preview:-1"},"canonical":"https:\/\/espaceval.ch\/de\/neuchatel-football-camp\/","og_locale":"de_DE","og_type":"article","og_title":"Camp d'\u00e9t\u00e9 - Neuch\u00e2tel Football Camp - espaceVAL","og_description":"Camp haut de gamme pour joueurs et gardiens de 10\/12 \u00e0 16 ans. s\u00e9jour sportif alliant football. activit\u00e9s sportives et r\u00e9cr\u00e9atives.","og_url":"https:\/\/espaceval.ch\/de\/neuchatel-football-camp\/","og_site_name":"espaceVAL","article_published_time":"2022-05-17T08:46:41+00:00","article_modified_time":"2023-12-11T07:17:35+00:00","og_image":[{"width":960,"height":600,"url":"https:\/\/espaceval.ch\/wp-content\/uploads\/2022\/05\/Star-sports-camp.jpg","type":"image\/jpeg"}],"author":"espaceVAL","twitter_card":"summary_large_image","twitter_misc":{"Verfasst von":"espaceVAL","Gesch\u00e4tzte Lesezeit":"10\u00a0Minuten"},"schema":{"@context":"https:\/\/schema.org","@graph":[{"@type":"WebPage","@id":"https:\/\/espaceval.ch\/de\/neuchatel-football-camp\/","url":"https:\/\/espaceval.ch\/de\/neuchatel-football-camp\/","name":"Camp d'\u00e9t\u00e9 - Neuch\u00e2tel Football Camp - espaceVAL","isPartOf":{"@id":"https:\/\/espaceval.ch\/de\/#website"},"primaryImageOfPage":{"@id":"https:\/\/espaceval.ch\/de\/neuchatel-football-camp\/#primaryimage"},"image":{"@id":"https:\/\/espaceval.ch\/de\/neuchatel-football-camp\/#primaryimage"},"thumbnailUrl":"https:\/\/espaceval.ch\/wp-content\/uploads\/2022\/05\/Star-sports-camp.jpg","datePublished":"2022-05-17T08:46:41+00:00","dateModified":"2023-12-11T07:17:35+00:00","author":{"@id":"https:\/\/espaceval.ch\/de\/#\/schema\/person\/dd22f242f1b18501ae5a3b4ed941822b"},"description":"Camp haut de gamme pour joueurs et gardiens de 10\/12 \u00e0 16 ans. s\u00e9jour sportif alliant football. activit\u00e9s sportives et r\u00e9cr\u00e9atives.","breadcrumb":{"@id":"https:\/\/espaceval.ch\/de\/neuchatel-football-camp\/#breadcrumb"},"inLanguage":"de","potentialAction":[{"@type":"ReadAction","target":["https:\/\/espaceval.ch\/de\/neuchatel-football-camp\/"]}]},{"@type":"ImageObject","inLanguage":"de","@id":"https:\/\/espaceval.ch\/de\/neuchatel-football-camp\/#primaryimage","url":"https:\/\/espaceval.ch\/wp-content\/uploads\/2022\/05\/Star-sports-camp.jpg","contentUrl":"https:\/\/espaceval.ch\/wp-content\/uploads\/2022\/05\/Star-sports-camp.jpg","width":960,"height":600},{"@type":"BreadcrumbList","@id":"https:\/\/espaceval.ch\/de\/neuchatel-football-camp\/#breadcrumb","itemListElement":[{"@type":"ListItem","position":1,"name":"Accueil","item":"https:\/\/espaceval.ch\/de\/"},{"@type":"ListItem","position":2,"name":"Camp d&rsquo;\u00e9t\u00e9 &#8211; Neuch\u00e2tel Football Camp"}]},{"@type":"WebSite","@id":"https:\/\/espaceval.ch\/de\/#website","url":"https:\/\/espaceval.ch\/de\/","name":"espaceVAL","description":"Vitalit\u00e9 | Activit\u00e9 | Loisirs","potentialAction":[{"@type":"SearchAction","target":{"@type":"EntryPoint","urlTemplate":"https:\/\/espaceval.ch\/de\/?s={search_term_string}"},"query-input":{"@type":"PropertyValueSpecification","valueRequired":true,"valueName":"search_term_string"}}],"inLanguage":"de"},{"@type":"Person","@id":"https:\/\/espaceval.ch\/de\/#\/schema\/person\/dd22f242f1b18501ae5a3b4ed941822b","name":"espaceVAL","image":{"@type":"ImageObject","inLanguage":"de","@id":"https:\/\/espaceval.ch\/de\/#\/schema\/person\/image\/","url":"https:\/\/secure.gravatar.com\/avatar\/87b3bc56f2fe224bdc10a24865523d0bd8f784e13f8c5e0d6b1921e68f16e737?s=96&d=mm&r=g","contentUrl":"https:\/\/secure.gravatar.com\/avatar\/87b3bc56f2fe224bdc10a24865523d0bd8f784e13f8c5e0d6b1921e68f16e737?s=96&d=mm&r=g","caption":"espaceVAL"},"url":"https:\/\/espaceval.ch\/de\/author\/tpage\/"}]}},"_links":{"self":[{"href":"https:\/\/espaceval.ch\/de\/wp-json\/wp\/v2\/posts\/6077","targetHints":{"allow":["GET"]}}],"collection":[{"href":"https:\/\/espaceval.ch\/de\/wp-json\/wp\/v2\/posts"}],"about":[{"href":"https:\/\/espaceval.ch\/de\/wp-json\/wp\/v2\/types\/post"}],"author":[{"embeddable":true,"href":"https:\/\/espaceval.ch\/de\/wp-json\/wp\/v2\/users\/3"}],"replies":[{"embeddable":true,"href":"https:\/\/espaceval.ch\/de\/wp-json\/wp\/v2\/comments?post=6077"}],"version-history":[{"count":15,"href":"https:\/\/espaceval.ch\/de\/wp-json\/wp\/v2\/posts\/6077\/revisions"}],"predecessor-version":[{"id":6358,"href":"https:\/\/espaceval.ch\/de\/wp-json\/wp\/v2\/posts\/6077\/revisions\/6358"}],"wp:featuredmedia":[{"embeddable":true,"href":"https:\/\/espaceval.ch\/de\/wp-json\/wp\/v2\/media\/6083"}],"wp:attachment":[{"href":"https:\/\/espaceval.ch\/de\/wp-json\/wp\/v2\/media?parent=6077"}],"wp:term":[{"taxonomy":"category","embeddable":true,"href":"https:\/\/espaceval.ch\/de\/wp-json\/wp\/v2\/categories?post=6077"},{"taxonomy":"post_tag","embeddable":true,"href":"https:\/\/espaceval.ch\/de\/wp-json\/wp\/v2\/tags?post=6077"}],"curies":[{"name":"wp","href":"https:\/\/api.w.org\/{rel}","templated":true}]}}