{"id":5670,"date":"2022-03-02T10:42:24","date_gmt":"2022-03-02T10:42:24","guid":{"rendered":"https:\/\/espaceval.ch\/?p=5670"},"modified":"2022-04-11T06:28:36","modified_gmt":"2022-04-11T06:28:36","slug":"conference-le-requiem-de-mozart","status":"publish","type":"post","link":"https:\/\/espaceval.ch\/de\/conference-le-requiem-de-mozart\/","title":{"rendered":"Conf\u00e9rence &#8211; Le requiem de Mozart"},"content":{"rendered":"<p>[et_pb_section fb_built=&#8220;1&#8243; fullwidth=&#8220;on&#8220; admin_label=&#8220;Call to Action&#8220; _builder_version=&#8220;4.4.4&#8243; animation_style=&#8220;slide&#8220; animation_direction=&#8220;bottom&#8220; animation_intensity_slide=&#8220;6%&#8220; animation_starting_opacity=&#8220;100%&#8220; locked=&#8220;off&#8220; global_colors_info=&#8220;{}&#8220;][et_pb_fullwidth_header title=&#8220;La Requiem de Mozart&#8220; button_one_url=&#8220;https:\/\/www.ecole-club.ch\/Offre\/Aquafitness-eau-non-profonde-VdT&#8211;E_1433423_1402&#8243; button_two_url=&#8220;https:\/\/www.ecole-club.ch\/Offre\/Aquafitness-eau-non-profonde-VdT&#8211;E_1433423_1402#\/book0#toppage&#8220; content_max_width=&#8220;800px&#8220; _builder_version=&#8220;4.14.6&#8243; title_level=&#8220;h2&#8243; title_font=&#8220;Montserrat|300|||||||&#8220; title_font_size=&#8220;58px&#8220; title_line_height=&#8220;1.2em&#8220; content_font=&#8220;|300|||||||&#8220; content_font_size=&#8220;16px&#8220; content_line_height=&#8220;1.8em&#8220; background_color=&#8220;rgba(255, 255, 255, 0)&#8220; use_background_color_gradient=&#8220;on&#8220; background_color_gradient_start=&#8220;rgba(0,0,0,0.75)&#8220; background_color_gradient_end=&#8220;rgba(0,0,0,0)&#8220; background_color_gradient_direction=&#8220;90deg&#8220; background_color_gradient_overlays_image=&#8220;on&#8220; background_image=&#8220;https:\/\/espaceval.ch\/wp-content\/uploads\/2022\/03\/Requiem-Mozart-banniere.jpg&#8220; custom_button_one=&#8220;on&#8220; button_one_text_size=&#8220;16px&#8220; button_one_bg_color=&#8220;#f5a378&#8243; button_one_border_width=&#8220;10px&#8220; button_one_border_color=&#8220;#f5a378&#8243; button_one_border_radius=&#8220;0px&#8220; button_one_letter_spacing=&#8220;0px&#8220; button_one_font=&#8220;|300||on|||||&#8220; button_one_use_icon=&#8220;off&#8220; button_one_custom_margin=&#8220;|5%|||false|false&#8220; custom_button_two=&#8220;on&#8220; button_two_text_size=&#8220;16px&#8220; button_two_text_color=&#8220;#ffffff&#8220; button_two_bg_color=&#8220;#ef7a3f&#8220; button_two_border_width=&#8220;10px&#8220; button_two_border_color=&#8220;#ef7a3f&#8220; button_two_border_radius=&#8220;0px&#8220; button_two_letter_spacing=&#8220;0px&#8220; button_two_font=&#8220;|300||on|||||&#8220; button_two_use_icon=&#8220;off&#8220; button_two_custom_margin=&#8220;|||0px|false|false&#8220; custom_margin=&#8220;|||&#8220; custom_padding=&#8220;8%||8%|&#8220; button_one_letter_spacing_hover=&#8220;1px&#8220; button_two_letter_spacing_hover=&#8220;1px&#8220; global_colors_info=&#8220;{}&#8220; button_one_text_size__hover_enabled=&#8220;off&#8220; button_two_text_size__hover_enabled=&#8220;off&#8220; button_one_text_color__hover_enabled=&#8220;off&#8220; button_two_text_color__hover_enabled=&#8220;off&#8220; button_one_border_width__hover_enabled=&#8220;off&#8220; button_two_border_width__hover_enabled=&#8220;off&#8220; button_one_border_color__hover_enabled=&#8220;on|hover&#8220; button_two_border_color__hover_enabled=&#8220;on|desktop&#8220; button_one_border_radius__hover_enabled=&#8220;off&#8220; button_two_border_radius__hover_enabled=&#8220;off&#8220; button_one_letter_spacing__hover_enabled=&#8220;off|desktop&#8220; button_one_letter_spacing__hover=&#8220;1px&#8220; button_two_letter_spacing__hover_enabled=&#8220;off|hover&#8220; button_two_letter_spacing__hover=&#8220;1px&#8220; button_one_bg_color__hover_enabled=&#8220;on|hover&#8220; button_two_bg_color__hover_enabled=&#8220;on|hover&#8220; button_one_bg_color__hover=&#8220;#e53f12&#8243; button_one_bg_enable_color__hover=&#8220;on&#8220; button_one_border_color__hover=&#8220;#e53f12&#8243; button_two_bg_color__hover=&#8220;#e53f12&#8243; button_two_bg_enable_color__hover=&#8220;on&#8220; button_two_border_color__hover=&#8220;#e53f12&#8243;]<\/p>\n<h3>Conf\u00e9rence de Olivier Barrelet<\/h3>\n<p>[\/et_pb_fullwidth_header][\/et_pb_section][et_pb_section fb_built=&#8220;1&#8243; _builder_version=&#8220;4.4.4&#8243; custom_padding=&#8220;0px|0px|0px|0px|false|false&#8220; global_colors_info=&#8220;{}&#8220;][et_pb_row use_custom_gutter=&#8220;on&#8220; gutter_width=&#8220;1&#8243; make_equal=&#8220;on&#8220; _builder_version=&#8220;4.4.4&#8243; width=&#8220;100%&#8220; max_width=&#8220;100%&#8220; custom_margin=&#8220;||||false|false&#8220; custom_padding=&#8220;0px||0px||false|false&#8220; global_colors_info=&#8220;{}&#8220;][et_pb_column type=&#8220;4_4&#8243; _builder_version=&#8220;4.4.4&#8243; custom_padding=&#8220;80px|5%|80px|80px|false|false&#8220; global_colors_info=&#8220;{}&#8220;][et_pb_text _builder_version=&#8220;4.6.1&#8243; header_2_font=&#8220;Montserrat|300|||||||&#8220; header_2_text_align=&#8220;left&#8220; header_2_font_size=&#8220;58px&#8220; custom_margin=&#8220;||15px||false|false&#8220; header_2_font_size_tablet=&#8220;&#8220; header_2_font_size_phone=&#8220;40px&#8220; header_2_font_size_last_edited=&#8220;on|phone&#8220; global_colors_info=&#8220;{}&#8220;]<\/p>\n<h2>La conf\u00e9rence<\/h2>\n<p>[\/et_pb_text][et_pb_divider color=&#8220;#901913&#8243; _builder_version=&#8220;4.11.2&#8243; _module_preset=&#8220;default&#8220; width=&#8220;8%&#8220; global_colors_info=&#8220;{}&#8220;][\/et_pb_divider][et_pb_text _builder_version=&#8220;4.14.6&#8243; _module_preset=&#8220;default&#8220; custom_margin=&#8220;2px|||||&#8220; custom_padding=&#8220;||59px|||&#8220; global_colors_info=&#8220;{}&#8220;]<\/p>\n<p>La messe de Requiem de Wolfgang Amadeus Mozart, compos\u00e9e en 1791, est une \u0153uvre de la derni\u00e8re ann\u00e9e de la vie de Mozart, mais pas exactement la derni\u00e8re \u0153uvre du compositeur. Elle n&#8217;est de la main de Mozart que pour les deux tiers environ, la mort en ayant interrompu la composition. Elle reste n\u00e9anmoins une de ses \u0153uvres majeures et embl\u00e9matiques.<\/p>\n<p>Sa veuve, Constance, demanda tour \u00e0 tour \u00e0 Franz Jakob Freyst\u00e4dtler (1761-1841), Joseph Eybler et \u00e0 Franz Xaver S\u00fc\u00dfmayr de terminer la partition pour honorer la commande, percevant ainsi la r\u00e9mun\u00e9ration promise sans rembourser l&#8217;avance octroy\u00e9e, et aussi pour r\u00e9habiliter la m\u00e9moire de son mari n 1 en vue d&#8217;obtenir une pension imp\u00e9riale n 2. Le Requiem a suscit\u00e9 de nombreuses l\u00e9gendes, tant du fait des circonstances insolites de sa commande que de la difficult\u00e9 de distinguer exactement ce qui \u00e9tait ou non de la main de Mozart.<\/p>\n<p>Je commenterai et projetterai certains passages sur \u00e9cran. Il s\u2019agit d\u2019une premi\u00e8re au Val-de-Travers.<\/p>\n<p>[\/et_pb_text][\/et_pb_column][\/et_pb_row][et_pb_row column_structure=&#8220;3_5,2_5&#8243; use_custom_gutter=&#8220;on&#8220; gutter_width=&#8220;1&#8243; make_equal=&#8220;on&#8220; _builder_version=&#8220;4.4.4&#8243; width=&#8220;100%&#8220; max_width=&#8220;100%&#8220; custom_margin=&#8220;||||false|false&#8220; custom_padding=&#8220;0px||0px||false|false&#8220; global_colors_info=&#8220;{}&#8220;][et_pb_column type=&#8220;3_5&#8243; _builder_version=&#8220;4.4.4&#8243; custom_padding=&#8220;80px|5%|80px|80px|false|false&#8220; global_colors_info=&#8220;{}&#8220;][et_pb_text _builder_version=&#8220;4.11.2&#8243; header_2_font=&#8220;Montserrat|300|||||||&#8220; header_2_text_align=&#8220;left&#8220; header_2_font_size=&#8220;58px&#8220; custom_margin=&#8220;||15px||false|false&#8220; header_2_font_size_tablet=&#8220;&#8220; header_2_font_size_phone=&#8220;40px&#8220; header_2_font_size_last_edited=&#8220;on|phone&#8220; global_colors_info=&#8220;{}&#8220;]<\/p>\n<h2>Cont\u00e9 par Olivier Barrelet<\/h2>\n<p>[\/et_pb_text][et_pb_divider color=&#8220;#901913&#8243; _builder_version=&#8220;4.11.2&#8243; _module_preset=&#8220;default&#8220; width=&#8220;8%&#8220; global_colors_info=&#8220;{}&#8220;][\/et_pb_divider][et_pb_text _builder_version=&#8220;4.11.2&#8243; _module_preset=&#8220;default&#8220; custom_margin=&#8220;2px|||||&#8220; custom_padding=&#8220;||59px|||&#8220; global_colors_info=&#8220;{}&#8220;]<\/p>\n<p>N\u00e9 \u00e0 Zurich, ing\u00e9nieur de formation, avec une carri\u00e8re professionnelle internationale d\u2019ing\u00e9nieur et de conf\u00e9rencier, je me d\u00e9couvre artiste, sculpteur sur bois suite \u00e0 une profonde remise en question existentielle.<\/p>\n<p>C\u2019est ainsi que j\u2019ai tourn\u00e9 la page du monde cart\u00e9sien par excellence, pour oser me plonger dans celui de la cr\u00e9ation artistique, de la passion de la sculpture sur bois, en puisant dans mes richesses int\u00e9rieures. Le tout a commenc\u00e9 aux Etats-Unis, pour y avoir longuement v\u00e9cu, en marchant le long de l\u2019Appalachian Trail, tout en \u00e9coutant de la musique de J. S. Bach et de W.A. Mozart.<\/p>\n<p>[\/et_pb_text][\/et_pb_column][et_pb_column type=&#8220;2_5&#8243; _builder_version=&#8220;4.4.4&#8243; custom_padding=&#8220;80px|5%|80px|80px|false|false&#8220; global_colors_info=&#8220;{}&#8220;][et_pb_image src=&#8220;https:\/\/espaceval.ch\/wp-content\/uploads\/2021\/10\/Olivier-Barrelet.jpg&#8220; title_text=&#8220;Olivier Barrelet&#8220; _builder_version=&#8220;4.11.2&#8243; _module_preset=&#8220;default&#8220; width=&#8220;70%&#8220; module_alignment=&#8220;center&#8220; global_colors_info=&#8220;{}&#8220;][\/et_pb_image][\/et_pb_column][\/et_pb_row][\/et_pb_section][et_pb_section fb_built=&#8220;1&#8243; _builder_version=&#8220;4.14.6&#8243; _module_preset=&#8220;default&#8220; background_color=&#8220;#901913&#8243; custom_padding=&#8220;0px||0px|||&#8220; global_colors_info=&#8220;{}&#8220;][et_pb_row column_structure=&#8220;1_2,1_2&#8243; use_custom_gutter=&#8220;on&#8220; gutter_width=&#8220;1&#8243; make_equal=&#8220;on&#8220; _builder_version=&#8220;4.11.2&#8243; background_color=&#8220;#901913&#8243; width=&#8220;100%&#8220; max_width=&#8220;100%&#8220; custom_margin=&#8220;||||false|false&#8220; custom_padding=&#8220;0px||0px||false|false&#8220; global_colors_info=&#8220;{}&#8220;][et_pb_column type=&#8220;1_2&#8243; _builder_version=&#8220;4.4.4&#8243; custom_padding=&#8220;80px|5%|80px|80px|false|false&#8220; global_colors_info=&#8220;{}&#8220;][et_pb_blurb title=&#8220;Infos pratiques&#8220; use_icon=&#8220;on&#8220; font_icon=&#8220;&#xe023;||divi||400&#8243; icon_color=&#8220;#ffffff&#8220; _builder_version=&#8220;4.13.0&#8243; header_font=&#8220;|300|||||||&#8220; header_font_size=&#8220;30px&#8220; header_line_height=&#8220;1.2em&#8220; body_font=&#8220;|300|||||||&#8220; background_layout=&#8220;dark&#8220; custom_padding=&#8220;||0px|||&#8220; global_colors_info=&#8220;{}&#8220;]<\/p>\n<p style=\"text-align: left;\">Samedi 09 avril 2022 &#8211; 17h00<\/p>\n<p style=\"text-align: left;\">~1h30 de conf\u00e9rence<\/p>\n<p style=\"text-align: left;\">Auditorium d&#8217;espaceVAL, 1er \u00e9tage<\/p>\n<p style=\"text-align: left;\">Conf\u00e9rence gratuite &#8211; collecte \u00e0 la fin<\/p>\n<p style=\"text-align: left;\">\n<p>[\/et_pb_blurb][\/et_pb_column][et_pb_column type=&#8220;1_2&#8243; _builder_version=&#8220;4.4.4&#8243; custom_padding=&#8220;80px|5%|80px|80px|false|false&#8220; global_colors_info=&#8220;{}&#8220;][et_pb_blurb title=&#8220;Contactez Olivier Barrelet&#8220; use_icon=&#8220;on&#8220; font_icon=&#8220;&#xe010;||divi||400&#8243; icon_color=&#8220;#ffffff&#8220; _builder_version=&#8220;4.14.6&#8243; header_font=&#8220;|300|||||||&#8220; header_font_size=&#8220;30px&#8220; header_line_height=&#8220;1.2em&#8220; body_font=&#8220;|300|||||||&#8220; background_layout=&#8220;dark&#8220; custom_padding=&#8220;||0px|||&#8220; global_colors_info=&#8220;{}&#8220;]<\/p>\n<p>Mail : <span style=\"color: #ffffff;\"><a href=\"mailto:olivier@odbarrelet.ch\" style=\"color: #ffffff;\">olivier@odbarrelet.ch<\/a><\/span><\/p>\n<p>[\/et_pb_blurb][\/et_pb_column][\/et_pb_row][\/et_pb_section][et_pb_section fb_built=&#8220;1&#8243; _builder_version=&#8220;4.4.4&#8243; custom_margin=&#8220;||-2px|||&#8220; locked=&#8220;off&#8220; global_colors_info=&#8220;{}&#8220;][et_pb_row column_structure=&#8220;1_2,1_2&#8243; admin_label=&#8220;Contact Us Row&#8220; module_id=&#8220;contact&#8220; _builder_version=&#8220;4.4.4&#8243; global_colors_info=&#8220;{}&#8220;][et_pb_column type=&#8220;1_2&#8243; _builder_version=&#8220;3.25&#8243; custom_padding=&#8220;|||&#8220; global_colors_info=&#8220;{}&#8220; custom_padding__hover=&#8220;|||&#8220;][et_pb_text _builder_version=&#8220;4.4.4&#8243; header_2_font=&#8220;Montserrat|300|||||||&#8220; header_2_text_align=&#8220;left&#8220; header_2_font_size=&#8220;58px&#8220; custom_margin=&#8220;||15px||false|false&#8220; header_2_font_size_tablet=&#8220;&#8220; header_2_font_size_phone=&#8220;40px&#8220; header_2_font_size_last_edited=&#8220;on|phone&#8220; global_colors_info=&#8220;{}&#8220;]<\/p>\n<h2>Vous voulez organiser ?<\/h2>\n<p>[\/et_pb_text][et_pb_divider color=&#8220;#901913&#8243; _builder_version=&#8220;4.11.2&#8243; width=&#8220;80px&#8220; module_alignment=&#8220;left&#8220; custom_margin=&#8220;||||false|false&#8220; custom_padding=&#8220;||||false|false&#8220; global_colors_info=&#8220;{}&#8220;][\/et_pb_divider][et_pb_text admin_label=&#8220;Tittle &#038; Paragraph&#8220; _builder_version=&#8220;4.9.7&#8243; text_font=&#8220;|300|||||||&#8220; text_font_size=&#8220;16px&#8220; text_line_height=&#8220;1.8em&#8220; header_font=&#8220;||||||||&#8220; header_2_font=&#8220;Montserrat|300|||||||&#8220; header_2_font_size=&#8220;45px&#8220; header_2_letter_spacing=&#8220;3px&#8220; header_2_line_height=&#8220;1.4em&#8220; module_alignment=&#8220;center&#8220; custom_margin=&#8220;40px|||&#8220; custom_margin_tablet=&#8220;0px|||&#8220; custom_margin_phone=&#8220;|||&#8220; custom_margin_last_edited=&#8220;on|phone&#8220; global_colors_info=&#8220;{}&#8220;]<\/p>\n<p>Notre \u00e9quipe se r\u00e9jouit de pouvoir vous renseigner et r\u00e9pondre \u00e0 toutes vos questions, remarques ou autres demandes dans les plus brefs d\u00e9lais.<\/p>\n<p>[\/et_pb_text][\/et_pb_column][et_pb_column type=&#8220;1_2&#8243; _builder_version=&#8220;3.25&#8243; custom_padding=&#8220;|||&#8220; global_colors_info=&#8220;{}&#8220; custom_padding__hover=&#8220;|||&#8220;][et_pb_contact_form captcha=&#8220;off&#8220; email=&#8220;info@espaceval.ch&#8220; custom_message=&#8220;Message provenant du site internet www.espaceval.ch||et_pb_line_break_holder||||et_pb_line_break_holder||Page : Exposer dans le hall||et_pb_line_break_holder||||et_pb_line_break_holder||Pr\u00e9nom\/Nom : %%Name%%||et_pb_line_break_holder||Email : %%Email%%||et_pb_line_break_holder||||et_pb_line_break_holder||Message :||et_pb_line_break_holder||%%Message%%&#8220; submit_button_text=&#8220;Envoyer&#8220; module_id=&#8220;et_pb_contact_form_0&#8243; _builder_version=&#8220;4.13.1&#8243; _unique_id=&#8220;9ffced6a-3b17-410a-b750-22ff1fb56e24&#8243; form_field_background_color=&#8220;rgba(255,255,255,0.4)&#8220; form_field_text_color=&#8220;#000000&#8243; form_field_font=&#8220;|300|||||||&#8220; form_field_font_size=&#8220;14px&#8220; custom_button=&#8220;on&#8220; button_text_size=&#8220;16px&#8220; button_text_color=&#8220;#ffffff&#8220; button_bg_color=&#8220;#901913&#8243; button_border_width=&#8220;10px&#8220; button_border_color=&#8220;#901913&#8243; button_border_radius=&#8220;0px&#8220; button_letter_spacing=&#8220;0px&#8220; button_font=&#8220;|300||on|||||&#8220; button_use_icon=&#8220;off&#8220; border_width_all=&#8220;1px&#8220; border_color_all=&#8220;rgba(51,51,51,0.1)&#8220; form_background_color=&#8220;rgba(255,255,255,0.4)&#8220; global_colors_info=&#8220;{}&#8220; button_bg_color__hover_enabled=&#8220;on|desktop&#8220; button_bg_color__hover=&#8220;#e53f12&#8243; button_bg_enable_color__hover=&#8220;on&#8220; button_border_color__hover_enabled=&#8220;on|hover&#8220; button_border_color__hover=&#8220;#e53f12&#8243; button_text_color_hover=&#8220;#ffffff&#8220; button_bg_color_hover=&#8220;rgba(0,0,0,0.7)&#8220; button_border_color_hover=&#8220;rgba(0,0,0,0)&#8220; button_border_radius_hover=&#8220;29px&#8220; button_letter_spacing_hover=&#8220;2px&#8220;][et_pb_contact_field field_id=&#8220;Name&#8220; field_title=&#8220;Pr\u00e9nom Nom&#8220; _builder_version=&#8220;4.4.4&#8243; global_colors_info=&#8220;{}&#8220; button_text_size__hover_enabled=&#8220;off&#8220; button_one_text_size__hover_enabled=&#8220;off&#8220; button_two_text_size__hover_enabled=&#8220;off&#8220; button_text_color__hover_enabled=&#8220;off&#8220; button_one_text_color__hover_enabled=&#8220;off&#8220; button_two_text_color__hover_enabled=&#8220;off&#8220; button_border_width__hover_enabled=&#8220;off&#8220; button_one_border_width__hover_enabled=&#8220;off&#8220; button_two_border_width__hover_enabled=&#8220;off&#8220; button_border_color__hover_enabled=&#8220;off&#8220; button_one_border_color__hover_enabled=&#8220;off&#8220; button_two_border_color__hover_enabled=&#8220;off&#8220; button_border_radius__hover_enabled=&#8220;off&#8220; button_one_border_radius__hover_enabled=&#8220;off&#8220; button_two_border_radius__hover_enabled=&#8220;off&#8220; button_letter_spacing__hover_enabled=&#8220;off&#8220; button_one_letter_spacing__hover_enabled=&#8220;off&#8220; button_two_letter_spacing__hover_enabled=&#8220;off&#8220; button_bg_color__hover_enabled=&#8220;off&#8220; button_one_bg_color__hover_enabled=&#8220;off&#8220; button_two_bg_color__hover_enabled=&#8220;off&#8220;][\/et_pb_contact_field][et_pb_contact_field field_id=&#8220;Email&#8220; field_title=&#8220;Email&#8220; field_type=&#8220;email&#8220; _builder_version=&#8220;4.4.4&#8243; global_colors_info=&#8220;{}&#8220; button_text_size__hover_enabled=&#8220;off&#8220; button_one_text_size__hover_enabled=&#8220;off&#8220; button_two_text_size__hover_enabled=&#8220;off&#8220; button_text_color__hover_enabled=&#8220;off&#8220; button_one_text_color__hover_enabled=&#8220;off&#8220; button_two_text_color__hover_enabled=&#8220;off&#8220; button_border_width__hover_enabled=&#8220;off&#8220; button_one_border_width__hover_enabled=&#8220;off&#8220; button_two_border_width__hover_enabled=&#8220;off&#8220; button_border_color__hover_enabled=&#8220;off&#8220; button_one_border_color__hover_enabled=&#8220;off&#8220; button_two_border_color__hover_enabled=&#8220;off&#8220; button_border_radius__hover_enabled=&#8220;off&#8220; button_one_border_radius__hover_enabled=&#8220;off&#8220; button_two_border_radius__hover_enabled=&#8220;off&#8220; button_letter_spacing__hover_enabled=&#8220;off&#8220; button_one_letter_spacing__hover_enabled=&#8220;off&#8220; button_two_letter_spacing__hover_enabled=&#8220;off&#8220; button_bg_color__hover_enabled=&#8220;off&#8220; button_one_bg_color__hover_enabled=&#8220;off&#8220; button_two_bg_color__hover_enabled=&#8220;off&#8220;][\/et_pb_contact_field][et_pb_contact_field field_id=&#8220;Message&#8220; field_title=&#8220;Message&#8220; field_type=&#8220;text&#8220; fullwidth_field=&#8220;on&#8220; _builder_version=&#8220;3.16&#8243; global_colors_info=&#8220;{}&#8220; button_text_size__hover_enabled=&#8220;off&#8220; button_one_text_size__hover_enabled=&#8220;off&#8220; button_two_text_size__hover_enabled=&#8220;off&#8220; button_text_color__hover_enabled=&#8220;off&#8220; button_one_text_color__hover_enabled=&#8220;off&#8220; button_two_text_color__hover_enabled=&#8220;off&#8220; button_border_width__hover_enabled=&#8220;off&#8220; button_one_border_width__hover_enabled=&#8220;off&#8220; button_two_border_width__hover_enabled=&#8220;off&#8220; button_border_color__hover_enabled=&#8220;off&#8220; button_one_border_color__hover_enabled=&#8220;off&#8220; button_two_border_color__hover_enabled=&#8220;off&#8220; button_border_radius__hover_enabled=&#8220;off&#8220; button_one_border_radius__hover_enabled=&#8220;off&#8220; button_two_border_radius__hover_enabled=&#8220;off&#8220; button_letter_spacing__hover_enabled=&#8220;off&#8220; button_one_letter_spacing__hover_enabled=&#8220;off&#8220; button_two_letter_spacing__hover_enabled=&#8220;off&#8220; button_bg_color__hover_enabled=&#8220;off&#8220; button_one_bg_color__hover_enabled=&#8220;off&#8220; button_two_bg_color__hover_enabled=&#8220;off&#8220;][\/et_pb_contact_field][\/et_pb_contact_form][\/et_pb_column][\/et_pb_row][\/et_pb_section]<\/p>\n","protected":false},"excerpt":{"rendered":"<p>SONS et IMAGES durant la conf\u00e9rence.<\/p>\n<p>Projections d\u2019extraits sur \u00e9cran avec divers commentaires.<\/p>\n","protected":false},"author":3,"featured_media":5742,"comment_status":"closed","ping_status":"open","sticky":false,"template":"","format":"standard","meta":{"_et_pb_use_builder":"on","_et_pb_old_content":"","_et_gb_content_width":"","_monsterinsights_skip_tracking":false,"_monsterinsights_sitenote_active":false,"_monsterinsights_sitenote_note":"","_monsterinsights_sitenote_category":0,"footnotes":""},"categories":[30],"tags":[],"class_list":["post-5670","post","type-post","status-publish","format-standard","has-post-thumbnail","hentry","category-manifestation-passee"],"yoast_head":"<!-- This site is optimized with the Yoast SEO plugin v25.6 - https:\/\/yoast.com\/wordpress\/plugins\/seo\/ -->\n<title>Conf\u00e9rence - Le requiem de Mozart | espaceVAL | Olivier Barrelet<\/title>\n<meta name=\"description\" content=\"SONS et IMAGES durant la conf\u00e9rence. Projections d\u2019extraits sur \u00e9cran avec divers commentaires. Cont\u00e9 par Olivier Barrelet.\" \/>\n<meta name=\"robots\" content=\"index, follow, max-snippet:-1, max-image-preview:large, max-video-preview:-1\" \/>\n<link rel=\"canonical\" href=\"https:\/\/espaceval.ch\/de\/conference-le-requiem-de-mozart\/\" \/>\n<meta property=\"og:locale\" content=\"de_DE\" \/>\n<meta property=\"og:type\" content=\"article\" \/>\n<meta property=\"og:title\" content=\"Conf\u00e9rence - Le requiem de Mozart | espaceVAL | Olivier Barrelet\" \/>\n<meta property=\"og:description\" content=\"SONS et IMAGES durant la conf\u00e9rence. Projections d\u2019extraits sur \u00e9cran avec divers commentaires. Cont\u00e9 par Olivier Barrelet.\" \/>\n<meta property=\"og:url\" content=\"https:\/\/espaceval.ch\/de\/conference-le-requiem-de-mozart\/\" \/>\n<meta property=\"og:site_name\" content=\"espaceVAL\" \/>\n<meta property=\"article:published_time\" content=\"2022-03-02T10:42:24+00:00\" \/>\n<meta property=\"article:modified_time\" content=\"2022-04-11T06:28:36+00:00\" \/>\n<meta property=\"og:image\" content=\"https:\/\/espaceval.ch\/wp-content\/uploads\/2022\/03\/Conference-Mozart-espaceVAL.jpg\" \/>\n\t<meta property=\"og:image:width\" content=\"960\" \/>\n\t<meta property=\"og:image:height\" content=\"600\" \/>\n\t<meta property=\"og:image:type\" content=\"image\/jpeg\" \/>\n<meta name=\"author\" content=\"espaceVAL\" \/>\n<meta name=\"twitter:card\" content=\"summary_large_image\" \/>\n<meta name=\"twitter:label1\" content=\"Verfasst von\" \/>\n\t<meta name=\"twitter:data1\" content=\"espaceVAL\" \/>\n\t<meta name=\"twitter:label2\" content=\"Gesch\u00e4tzte Lesezeit\" \/>\n\t<meta name=\"twitter:data2\" content=\"11\u00a0Minuten\" \/>\n<script type=\"application\/ld+json\" class=\"yoast-schema-graph\">{\"@context\":\"https:\/\/schema.org\",\"@graph\":[{\"@type\":\"WebPage\",\"@id\":\"https:\/\/espaceval.ch\/de\/conference-le-requiem-de-mozart\/\",\"url\":\"https:\/\/espaceval.ch\/de\/conference-le-requiem-de-mozart\/\",\"name\":\"Conf\u00e9rence - Le requiem de Mozart | espaceVAL | Olivier Barrelet\",\"isPartOf\":{\"@id\":\"https:\/\/espaceval.ch\/de\/#website\"},\"primaryImageOfPage\":{\"@id\":\"https:\/\/espaceval.ch\/de\/conference-le-requiem-de-mozart\/#primaryimage\"},\"image\":{\"@id\":\"https:\/\/espaceval.ch\/de\/conference-le-requiem-de-mozart\/#primaryimage\"},\"thumbnailUrl\":\"https:\/\/espaceval.ch\/wp-content\/uploads\/2022\/03\/Conference-Mozart-espaceVAL.jpg\",\"datePublished\":\"2022-03-02T10:42:24+00:00\",\"dateModified\":\"2022-04-11T06:28:36+00:00\",\"author\":{\"@id\":\"https:\/\/espaceval.ch\/de\/#\/schema\/person\/dd22f242f1b18501ae5a3b4ed941822b\"},\"description\":\"SONS et IMAGES durant la conf\u00e9rence. Projections d\u2019extraits sur \u00e9cran avec divers commentaires. Cont\u00e9 par Olivier Barrelet.\",\"breadcrumb\":{\"@id\":\"https:\/\/espaceval.ch\/de\/conference-le-requiem-de-mozart\/#breadcrumb\"},\"inLanguage\":\"de\",\"potentialAction\":[{\"@type\":\"ReadAction\",\"target\":[\"https:\/\/espaceval.ch\/de\/conference-le-requiem-de-mozart\/\"]}]},{\"@type\":\"ImageObject\",\"inLanguage\":\"de\",\"@id\":\"https:\/\/espaceval.ch\/de\/conference-le-requiem-de-mozart\/#primaryimage\",\"url\":\"https:\/\/espaceval.ch\/wp-content\/uploads\/2022\/03\/Conference-Mozart-espaceVAL.jpg\",\"contentUrl\":\"https:\/\/espaceval.ch\/wp-content\/uploads\/2022\/03\/Conference-Mozart-espaceVAL.jpg\",\"width\":960,\"height\":600},{\"@type\":\"BreadcrumbList\",\"@id\":\"https:\/\/espaceval.ch\/de\/conference-le-requiem-de-mozart\/#breadcrumb\",\"itemListElement\":[{\"@type\":\"ListItem\",\"position\":1,\"name\":\"Accueil\",\"item\":\"https:\/\/espaceval.ch\/de\/\"},{\"@type\":\"ListItem\",\"position\":2,\"name\":\"Conf\u00e9rence &#8211; Le requiem de Mozart\"}]},{\"@type\":\"WebSite\",\"@id\":\"https:\/\/espaceval.ch\/de\/#website\",\"url\":\"https:\/\/espaceval.ch\/de\/\",\"name\":\"espaceVAL\",\"description\":\"Vitalit\u00e9 | Activit\u00e9 | Loisirs\",\"potentialAction\":[{\"@type\":\"SearchAction\",\"target\":{\"@type\":\"EntryPoint\",\"urlTemplate\":\"https:\/\/espaceval.ch\/de\/?s={search_term_string}\"},\"query-input\":{\"@type\":\"PropertyValueSpecification\",\"valueRequired\":true,\"valueName\":\"search_term_string\"}}],\"inLanguage\":\"de\"},{\"@type\":\"Person\",\"@id\":\"https:\/\/espaceval.ch\/de\/#\/schema\/person\/dd22f242f1b18501ae5a3b4ed941822b\",\"name\":\"espaceVAL\",\"image\":{\"@type\":\"ImageObject\",\"inLanguage\":\"de\",\"@id\":\"https:\/\/espaceval.ch\/de\/#\/schema\/person\/image\/\",\"url\":\"https:\/\/secure.gravatar.com\/avatar\/87b3bc56f2fe224bdc10a24865523d0bd8f784e13f8c5e0d6b1921e68f16e737?s=96&d=mm&r=g\",\"contentUrl\":\"https:\/\/secure.gravatar.com\/avatar\/87b3bc56f2fe224bdc10a24865523d0bd8f784e13f8c5e0d6b1921e68f16e737?s=96&d=mm&r=g\",\"caption\":\"espaceVAL\"},\"url\":\"https:\/\/espaceval.ch\/de\/author\/tpage\/\"}]}<\/script>\n<!-- \/ Yoast SEO plugin. -->","yoast_head_json":{"title":"Conf\u00e9rence - Le requiem de Mozart | espaceVAL | Olivier Barrelet","description":"SONS et IMAGES durant la conf\u00e9rence. Projections d\u2019extraits sur \u00e9cran avec divers commentaires. Cont\u00e9 par Olivier Barrelet.","robots":{"index":"index","follow":"follow","max-snippet":"max-snippet:-1","max-image-preview":"max-image-preview:large","max-video-preview":"max-video-preview:-1"},"canonical":"https:\/\/espaceval.ch\/de\/conference-le-requiem-de-mozart\/","og_locale":"de_DE","og_type":"article","og_title":"Conf\u00e9rence - Le requiem de Mozart | espaceVAL | Olivier Barrelet","og_description":"SONS et IMAGES durant la conf\u00e9rence. Projections d\u2019extraits sur \u00e9cran avec divers commentaires. Cont\u00e9 par Olivier Barrelet.","og_url":"https:\/\/espaceval.ch\/de\/conference-le-requiem-de-mozart\/","og_site_name":"espaceVAL","article_published_time":"2022-03-02T10:42:24+00:00","article_modified_time":"2022-04-11T06:28:36+00:00","og_image":[{"width":960,"height":600,"url":"https:\/\/espaceval.ch\/wp-content\/uploads\/2022\/03\/Conference-Mozart-espaceVAL.jpg","type":"image\/jpeg"}],"author":"espaceVAL","twitter_card":"summary_large_image","twitter_misc":{"Verfasst von":"espaceVAL","Gesch\u00e4tzte Lesezeit":"11\u00a0Minuten"},"schema":{"@context":"https:\/\/schema.org","@graph":[{"@type":"WebPage","@id":"https:\/\/espaceval.ch\/de\/conference-le-requiem-de-mozart\/","url":"https:\/\/espaceval.ch\/de\/conference-le-requiem-de-mozart\/","name":"Conf\u00e9rence - Le requiem de Mozart | espaceVAL | Olivier Barrelet","isPartOf":{"@id":"https:\/\/espaceval.ch\/de\/#website"},"primaryImageOfPage":{"@id":"https:\/\/espaceval.ch\/de\/conference-le-requiem-de-mozart\/#primaryimage"},"image":{"@id":"https:\/\/espaceval.ch\/de\/conference-le-requiem-de-mozart\/#primaryimage"},"thumbnailUrl":"https:\/\/espaceval.ch\/wp-content\/uploads\/2022\/03\/Conference-Mozart-espaceVAL.jpg","datePublished":"2022-03-02T10:42:24+00:00","dateModified":"2022-04-11T06:28:36+00:00","author":{"@id":"https:\/\/espaceval.ch\/de\/#\/schema\/person\/dd22f242f1b18501ae5a3b4ed941822b"},"description":"SONS et IMAGES durant la conf\u00e9rence. Projections d\u2019extraits sur \u00e9cran avec divers commentaires. Cont\u00e9 par Olivier Barrelet.","breadcrumb":{"@id":"https:\/\/espaceval.ch\/de\/conference-le-requiem-de-mozart\/#breadcrumb"},"inLanguage":"de","potentialAction":[{"@type":"ReadAction","target":["https:\/\/espaceval.ch\/de\/conference-le-requiem-de-mozart\/"]}]},{"@type":"ImageObject","inLanguage":"de","@id":"https:\/\/espaceval.ch\/de\/conference-le-requiem-de-mozart\/#primaryimage","url":"https:\/\/espaceval.ch\/wp-content\/uploads\/2022\/03\/Conference-Mozart-espaceVAL.jpg","contentUrl":"https:\/\/espaceval.ch\/wp-content\/uploads\/2022\/03\/Conference-Mozart-espaceVAL.jpg","width":960,"height":600},{"@type":"BreadcrumbList","@id":"https:\/\/espaceval.ch\/de\/conference-le-requiem-de-mozart\/#breadcrumb","itemListElement":[{"@type":"ListItem","position":1,"name":"Accueil","item":"https:\/\/espaceval.ch\/de\/"},{"@type":"ListItem","position":2,"name":"Conf\u00e9rence &#8211; Le requiem de Mozart"}]},{"@type":"WebSite","@id":"https:\/\/espaceval.ch\/de\/#website","url":"https:\/\/espaceval.ch\/de\/","name":"espaceVAL","description":"Vitalit\u00e9 | Activit\u00e9 | Loisirs","potentialAction":[{"@type":"SearchAction","target":{"@type":"EntryPoint","urlTemplate":"https:\/\/espaceval.ch\/de\/?s={search_term_string}"},"query-input":{"@type":"PropertyValueSpecification","valueRequired":true,"valueName":"search_term_string"}}],"inLanguage":"de"},{"@type":"Person","@id":"https:\/\/espaceval.ch\/de\/#\/schema\/person\/dd22f242f1b18501ae5a3b4ed941822b","name":"espaceVAL","image":{"@type":"ImageObject","inLanguage":"de","@id":"https:\/\/espaceval.ch\/de\/#\/schema\/person\/image\/","url":"https:\/\/secure.gravatar.com\/avatar\/87b3bc56f2fe224bdc10a24865523d0bd8f784e13f8c5e0d6b1921e68f16e737?s=96&d=mm&r=g","contentUrl":"https:\/\/secure.gravatar.com\/avatar\/87b3bc56f2fe224bdc10a24865523d0bd8f784e13f8c5e0d6b1921e68f16e737?s=96&d=mm&r=g","caption":"espaceVAL"},"url":"https:\/\/espaceval.ch\/de\/author\/tpage\/"}]}},"_links":{"self":[{"href":"https:\/\/espaceval.ch\/de\/wp-json\/wp\/v2\/posts\/5670","targetHints":{"allow":["GET"]}}],"collection":[{"href":"https:\/\/espaceval.ch\/de\/wp-json\/wp\/v2\/posts"}],"about":[{"href":"https:\/\/espaceval.ch\/de\/wp-json\/wp\/v2\/types\/post"}],"author":[{"embeddable":true,"href":"https:\/\/espaceval.ch\/de\/wp-json\/wp\/v2\/users\/3"}],"replies":[{"embeddable":true,"href":"https:\/\/espaceval.ch\/de\/wp-json\/wp\/v2\/comments?post=5670"}],"version-history":[{"count":9,"href":"https:\/\/espaceval.ch\/de\/wp-json\/wp\/v2\/posts\/5670\/revisions"}],"predecessor-version":[{"id":5743,"href":"https:\/\/espaceval.ch\/de\/wp-json\/wp\/v2\/posts\/5670\/revisions\/5743"}],"wp:featuredmedia":[{"embeddable":true,"href":"https:\/\/espaceval.ch\/de\/wp-json\/wp\/v2\/media\/5742"}],"wp:attachment":[{"href":"https:\/\/espaceval.ch\/de\/wp-json\/wp\/v2\/media?parent=5670"}],"wp:term":[{"taxonomy":"category","embeddable":true,"href":"https:\/\/espaceval.ch\/de\/wp-json\/wp\/v2\/categories?post=5670"},{"taxonomy":"post_tag","embeddable":true,"href":"https:\/\/espaceval.ch\/de\/wp-json\/wp\/v2\/tags?post=5670"}],"curies":[{"name":"wp","href":"https:\/\/api.w.org\/{rel}","templated":true}]}}