{"id":4513,"date":"2021-08-13T11:55:48","date_gmt":"2021-08-13T11:55:48","guid":{"rendered":"https:\/\/espaceval.ch\/?p=4513"},"modified":"2021-08-16T07:43:42","modified_gmt":"2021-08-16T07:43:42","slug":"programme-de-durabilite-swisstainable","status":"publish","type":"post","link":"https:\/\/espaceval.ch\/de\/programme-de-durabilite-swisstainable\/","title":{"rendered":"Programme de durabilit\u00e9"},"content":{"rendered":"<p>[et_pb_section fb_built=&#8220;1&#8243; fullwidth=&#8220;on&#8220; _builder_version=&#8220;4.6.1&#8243; _module_preset=&#8220;default&#8220;][et_pb_fullwidth_header title=&#8220;Programme de durabilit\u00e9 \u00e0 espaceVAL&#8220; subhead=&#8220;13 ao\u00fbt 2021&#8243; button_one_url=&#8220;https:\/\/webceg.ne.ch\/gelore_web\/gelore2_ne.pack_gelore2_web2.gelore_web4_accueil?p_societes=4&#038;p_cat=INF_SPO&#038;p_cat2=CSR&#038;p_cat3=&#038;p_cat4=&#038;p_cat5= &#8220; button_two_url=&#8220;https:\/\/espaceval.ch\/reservation-salle\/&#8220; content_max_width=&#8220;800px&#8220; module_id=&#8220;salle&#8220; _builder_version=&#8220;4.6.1&#8243; title_level=&#8220;h2&#8243; title_font=&#8220;Montserrat|300|||||||&#8220; title_font_size=&#8220;58px&#8220; title_line_height=&#8220;1.2em&#8220; content_font=&#8220;||||||||&#8220; content_font_size=&#8220;20px&#8220; content_line_height=&#8220;1.8em&#8220; background_color=&#8220;#ef7a3f&#8220; background_color_gradient_direction=&#8220;90deg&#8220; background_enable_image=&#8220;off&#8220; custom_button_one=&#8220;on&#8220; button_one_text_size=&#8220;16px&#8220; button_one_bg_color=&#8220;#372658&#8243; button_one_border_width=&#8220;10px&#8220; button_one_border_color=&#8220;#372658&#8243; button_one_border_radius=&#8220;0px&#8220; button_one_letter_spacing=&#8220;0px&#8220; button_one_font=&#8220;|300||on|||||&#8220; button_one_use_icon=&#8220;off&#8220; button_one_rel=&#8220;off|off|off|off|off&#8220; button_one_custom_margin=&#8220;|5%|||false|false&#8220; custom_button_two=&#8220;on&#8220; button_two_text_size=&#8220;16px&#8220; button_two_text_color=&#8220;#ffffff&#8220; button_two_bg_color=&#8220;#60528d&#8220; button_two_border_width=&#8220;10px&#8220; button_two_border_color=&#8220;#60528d&#8220; button_two_border_radius=&#8220;0px&#8220; button_two_letter_spacing=&#8220;0px&#8220; button_two_font=&#8220;|300||on|||||&#8220; button_two_use_icon=&#8220;off&#8220; button_two_custom_margin=&#8220;|||0px|false|false&#8220; custom_margin=&#8220;|||&#8220; custom_padding=&#8220;8%||8%|&#8220; link_option_url_new_window=&#8220;on&#8220; button_one_letter_spacing_hover=&#8220;1px&#8220; button_two_letter_spacing_hover=&#8220;1px&#8220; button_one_text_size__hover_enabled=&#8220;off&#8220; button_two_text_size__hover_enabled=&#8220;off&#8220; button_one_text_color__hover_enabled=&#8220;off&#8220; button_two_text_color__hover_enabled=&#8220;off&#8220; button_one_border_width__hover_enabled=&#8220;off&#8220; button_two_border_width__hover_enabled=&#8220;off&#8220; button_one_border_color__hover_enabled=&#8220;on|hover&#8220; button_two_border_color__hover_enabled=&#8220;on|hover&#8220; button_one_border_radius__hover_enabled=&#8220;off&#8220; button_two_border_radius__hover_enabled=&#8220;off&#8220; button_one_letter_spacing__hover_enabled=&#8220;off|desktop&#8220; button_one_letter_spacing__hover=&#8220;1px&#8220; button_two_letter_spacing__hover_enabled=&#8220;off|hover&#8220; button_two_letter_spacing__hover=&#8220;1px&#8220; button_one_bg_color__hover_enabled=&#8220;on|hover&#8220; button_two_bg_color__hover_enabled=&#8220;on|hover&#8220; button_one_bg_color__hover=&#8220;#60528d&#8220; button_one_bg_enable_color__hover=&#8220;on&#8220; button_one_border_color__hover=&#8220;#60528d&#8220; button_two_bg_color__hover=&#8220;#372658&#8243; button_two_bg_enable_color__hover=&#8220;on&#8220; button_two_border_color__hover=&#8220;#372658&#8243;][\/et_pb_fullwidth_header][\/et_pb_section][et_pb_section fb_built=&#8220;1&#8243; disabled_on=&#8220;off|off|off&#8220; _builder_version=&#8220;4.9.4&#8243;][et_pb_row _builder_version=&#8220;4.6.1&#8243; _module_preset=&#8220;default&#8220;][et_pb_column type=&#8220;4_4&#8243; _builder_version=&#8220;4.6.1&#8243; _module_preset=&#8220;default&#8220;][et_pb_image src=&#8220;https:\/\/espaceval.ch\/wp-content\/uploads\/2021\/08\/125_20q_01_swisstainable_1_committed_RGB.png&#8220; alt=&#8220;swisstainable espaceVAL&#8220; title_text=&#8220;swisstainable espaceVAL&#8220; _builder_version=&#8220;4.9.7&#8243; _module_preset=&#8220;default&#8220; width=&#8220;30%&#8220; module_alignment=&#8220;center&#8220;][\/et_pb_image][\/et_pb_column][\/et_pb_row][et_pb_row _builder_version=&#8220;4.4.4&#8243;][et_pb_column type=&#8220;4_4&#8243; _builder_version=&#8220;4.4.4&#8243;][et_pb_text _builder_version=&#8220;4.9.7&#8243; text_font=&#8220;|300|||||||&#8220; text_font_size=&#8220;16px&#8220; text_line_height=&#8220;1.8em&#8220; header_font=&#8220;||||||||&#8220; custom_padding=&#8220;||0px|||&#8220; animation_direction=&#8220;left&#8220;]<\/p>\n<div data-block=\"true\" data-editor=\"6dl6q\" data-offset-key=\"fd6se-0-0\"><\/div>\n<div data-block=\"true\" data-editor=\"6dl6q\" data-offset-key=\"fd6se-0-0\">\n<p><span style=\"font-size: 16px;\"><b>espaceVAL s&#8217;engage pour le futur<\/b><\/span><\/p>\n<p><span style=\"font-size: 16px;\">Dans le cadre du programme &#8222;Swisstainable&#8220; de &#8222;Suisse Tourisme&#8220;, espaceVAL lance 3 projets de durabilit\u00e9 pour la p\u00e9riode 2021 &#8211; 2025 :<\/span><\/p>\n<ul>\n<li><span style=\"font-size: 16px;\"><\/span>Am\u00e9lioration de l&#8217;information sur l&#8217;offre de transports pour les personnes s\u00e9journant \u00e0 l&#8217;h\u00e9bergement et promotion de la mobilit\u00e9 douce en mettant \u00e0 disposition des bornes de recharges pour v\u00e9los \u00e9lectriques (ainsi que pour les v\u00e9hicules) et un local \u00e9quip\u00e9 pour les v\u00e9los (nettoyage, r\u00e9paration)<\/li>\n<li>D\u00e9velopper l&#8217;offre de la caf\u00e9t\u00e9ria avec des produits locaux<\/li>\n<li>R\u00e9duction de la consommation d&#8217;eau<\/li>\n<\/ul>\n<p>&nbsp;<\/p>\n<p>Plus d&#8217;informations : <a href=\"https:\/\/www.stnet.ch\/fr\/swisstainable\/programme\/\">https:\/\/www.stnet.ch\/fr\/swisstainable\/programme\/<\/a><\/p>\n<p>&nbsp;<\/p>\n<\/div>\n<p>[\/et_pb_text][\/et_pb_column][\/et_pb_row][\/et_pb_section]<\/p>\n","protected":false},"excerpt":{"rendered":"<p>espaceVAL s&#8217;engage pour le futur dans le cadre du programme &#8222;swisstainable&#8220; de &#8222;Suisse Tourisme&#8220;. 3 projets pour 2025.<\/p>\n","protected":false},"author":3,"featured_media":4515,"comment_status":"open","ping_status":"open","sticky":false,"template":"","format":"standard","meta":{"_et_pb_use_builder":"on","_et_pb_old_content":"","_et_gb_content_width":"","_monsterinsights_skip_tracking":false,"_monsterinsights_sitenote_active":false,"_monsterinsights_sitenote_note":"","_monsterinsights_sitenote_category":0,"footnotes":""},"categories":[13],"tags":[],"class_list":["post-4513","post","type-post","status-publish","format-standard","has-post-thumbnail","hentry","category-actualite"],"yoast_head":"<!-- This site is optimized with the Yoast SEO plugin v25.6 - https:\/\/yoast.com\/wordpress\/plugins\/seo\/ -->\n<title>Programme de durabilit\u00e9 - espaceVAL<\/title>\n<meta name=\"description\" content=\"espaceVAL s&#039;engage pour le futur dans le cadre du programme &quot;swisstainable&quot; de &quot;Suisse Tourisme&quot;. 3 projets pour 2025.\" \/>\n<meta name=\"robots\" content=\"index, follow, max-snippet:-1, max-image-preview:large, max-video-preview:-1\" \/>\n<link rel=\"canonical\" href=\"https:\/\/espaceval.ch\/de\/programme-de-durabilite-swisstainable\/\" \/>\n<meta property=\"og:locale\" content=\"de_DE\" \/>\n<meta property=\"og:type\" content=\"article\" \/>\n<meta property=\"og:title\" content=\"Programme de durabilit\u00e9 - espaceVAL\" \/>\n<meta property=\"og:description\" content=\"espaceVAL s&#039;engage pour le futur dans le cadre du programme &quot;swisstainable&quot; de &quot;Suisse Tourisme&quot;. 3 projets pour 2025.\" \/>\n<meta property=\"og:url\" content=\"https:\/\/espaceval.ch\/de\/programme-de-durabilite-swisstainable\/\" \/>\n<meta property=\"og:site_name\" content=\"espaceVAL\" \/>\n<meta property=\"article:published_time\" content=\"2021-08-13T11:55:48+00:00\" \/>\n<meta property=\"article:modified_time\" content=\"2021-08-16T07:43:42+00:00\" \/>\n<meta property=\"og:image\" content=\"https:\/\/espaceval.ch\/wp-content\/uploads\/2021\/08\/125_20q_01_swisstainable_1_committed_RGB.png\" \/>\n\t<meta property=\"og:image:width\" content=\"817\" \/>\n\t<meta property=\"og:image:height\" content=\"817\" \/>\n\t<meta property=\"og:image:type\" content=\"image\/png\" \/>\n<meta name=\"author\" content=\"espaceVAL\" \/>\n<meta name=\"twitter:card\" content=\"summary_large_image\" \/>\n<meta name=\"twitter:label1\" content=\"Verfasst von\" \/>\n\t<meta name=\"twitter:data1\" content=\"espaceVAL\" \/>\n\t<meta name=\"twitter:label2\" content=\"Gesch\u00e4tzte Lesezeit\" \/>\n\t<meta name=\"twitter:data2\" content=\"3\u00a0Minuten\" \/>\n<script type=\"application\/ld+json\" class=\"yoast-schema-graph\">{\"@context\":\"https:\/\/schema.org\",\"@graph\":[{\"@type\":\"WebPage\",\"@id\":\"https:\/\/espaceval.ch\/de\/programme-de-durabilite-swisstainable\/\",\"url\":\"https:\/\/espaceval.ch\/de\/programme-de-durabilite-swisstainable\/\",\"name\":\"Programme de durabilit\u00e9 - espaceVAL\",\"isPartOf\":{\"@id\":\"https:\/\/espaceval.ch\/de\/#website\"},\"primaryImageOfPage\":{\"@id\":\"https:\/\/espaceval.ch\/de\/programme-de-durabilite-swisstainable\/#primaryimage\"},\"image\":{\"@id\":\"https:\/\/espaceval.ch\/de\/programme-de-durabilite-swisstainable\/#primaryimage\"},\"thumbnailUrl\":\"https:\/\/espaceval.ch\/wp-content\/uploads\/2021\/08\/125_20q_01_swisstainable_1_committed_RGB.png\",\"datePublished\":\"2021-08-13T11:55:48+00:00\",\"dateModified\":\"2021-08-16T07:43:42+00:00\",\"author\":{\"@id\":\"https:\/\/espaceval.ch\/de\/#\/schema\/person\/dd22f242f1b18501ae5a3b4ed941822b\"},\"description\":\"espaceVAL s'engage pour le futur dans le cadre du programme \\\"swisstainable\\\" de \\\"Suisse Tourisme\\\". 3 projets pour 2025.\",\"breadcrumb\":{\"@id\":\"https:\/\/espaceval.ch\/de\/programme-de-durabilite-swisstainable\/#breadcrumb\"},\"inLanguage\":\"de\",\"potentialAction\":[{\"@type\":\"ReadAction\",\"target\":[\"https:\/\/espaceval.ch\/de\/programme-de-durabilite-swisstainable\/\"]}]},{\"@type\":\"ImageObject\",\"inLanguage\":\"de\",\"@id\":\"https:\/\/espaceval.ch\/de\/programme-de-durabilite-swisstainable\/#primaryimage\",\"url\":\"https:\/\/espaceval.ch\/wp-content\/uploads\/2021\/08\/125_20q_01_swisstainable_1_committed_RGB.png\",\"contentUrl\":\"https:\/\/espaceval.ch\/wp-content\/uploads\/2021\/08\/125_20q_01_swisstainable_1_committed_RGB.png\",\"width\":817,\"height\":817,\"caption\":\"swisstainable espaceVAL\"},{\"@type\":\"BreadcrumbList\",\"@id\":\"https:\/\/espaceval.ch\/de\/programme-de-durabilite-swisstainable\/#breadcrumb\",\"itemListElement\":[{\"@type\":\"ListItem\",\"position\":1,\"name\":\"Accueil\",\"item\":\"https:\/\/espaceval.ch\/de\/\"},{\"@type\":\"ListItem\",\"position\":2,\"name\":\"Programme de durabilit\u00e9\"}]},{\"@type\":\"WebSite\",\"@id\":\"https:\/\/espaceval.ch\/de\/#website\",\"url\":\"https:\/\/espaceval.ch\/de\/\",\"name\":\"espaceVAL\",\"description\":\"Vitalit\u00e9 | Activit\u00e9 | Loisirs\",\"potentialAction\":[{\"@type\":\"SearchAction\",\"target\":{\"@type\":\"EntryPoint\",\"urlTemplate\":\"https:\/\/espaceval.ch\/de\/?s={search_term_string}\"},\"query-input\":{\"@type\":\"PropertyValueSpecification\",\"valueRequired\":true,\"valueName\":\"search_term_string\"}}],\"inLanguage\":\"de\"},{\"@type\":\"Person\",\"@id\":\"https:\/\/espaceval.ch\/de\/#\/schema\/person\/dd22f242f1b18501ae5a3b4ed941822b\",\"name\":\"espaceVAL\",\"image\":{\"@type\":\"ImageObject\",\"inLanguage\":\"de\",\"@id\":\"https:\/\/espaceval.ch\/de\/#\/schema\/person\/image\/\",\"url\":\"https:\/\/secure.gravatar.com\/avatar\/87b3bc56f2fe224bdc10a24865523d0bd8f784e13f8c5e0d6b1921e68f16e737?s=96&d=mm&r=g\",\"contentUrl\":\"https:\/\/secure.gravatar.com\/avatar\/87b3bc56f2fe224bdc10a24865523d0bd8f784e13f8c5e0d6b1921e68f16e737?s=96&d=mm&r=g\",\"caption\":\"espaceVAL\"},\"url\":\"https:\/\/espaceval.ch\/de\/author\/tpage\/\"}]}<\/script>\n<!-- \/ Yoast SEO plugin. -->","yoast_head_json":{"title":"Programme de durabilit\u00e9 - espaceVAL","description":"espaceVAL s'engage pour le futur dans le cadre du programme \"swisstainable\" de \"Suisse Tourisme\". 3 projets pour 2025.","robots":{"index":"index","follow":"follow","max-snippet":"max-snippet:-1","max-image-preview":"max-image-preview:large","max-video-preview":"max-video-preview:-1"},"canonical":"https:\/\/espaceval.ch\/de\/programme-de-durabilite-swisstainable\/","og_locale":"de_DE","og_type":"article","og_title":"Programme de durabilit\u00e9 - espaceVAL","og_description":"espaceVAL s'engage pour le futur dans le cadre du programme \"swisstainable\" de \"Suisse Tourisme\". 3 projets pour 2025.","og_url":"https:\/\/espaceval.ch\/de\/programme-de-durabilite-swisstainable\/","og_site_name":"espaceVAL","article_published_time":"2021-08-13T11:55:48+00:00","article_modified_time":"2021-08-16T07:43:42+00:00","og_image":[{"width":817,"height":817,"url":"https:\/\/espaceval.ch\/wp-content\/uploads\/2021\/08\/125_20q_01_swisstainable_1_committed_RGB.png","type":"image\/png"}],"author":"espaceVAL","twitter_card":"summary_large_image","twitter_misc":{"Verfasst von":"espaceVAL","Gesch\u00e4tzte Lesezeit":"3\u00a0Minuten"},"schema":{"@context":"https:\/\/schema.org","@graph":[{"@type":"WebPage","@id":"https:\/\/espaceval.ch\/de\/programme-de-durabilite-swisstainable\/","url":"https:\/\/espaceval.ch\/de\/programme-de-durabilite-swisstainable\/","name":"Programme de durabilit\u00e9 - espaceVAL","isPartOf":{"@id":"https:\/\/espaceval.ch\/de\/#website"},"primaryImageOfPage":{"@id":"https:\/\/espaceval.ch\/de\/programme-de-durabilite-swisstainable\/#primaryimage"},"image":{"@id":"https:\/\/espaceval.ch\/de\/programme-de-durabilite-swisstainable\/#primaryimage"},"thumbnailUrl":"https:\/\/espaceval.ch\/wp-content\/uploads\/2021\/08\/125_20q_01_swisstainable_1_committed_RGB.png","datePublished":"2021-08-13T11:55:48+00:00","dateModified":"2021-08-16T07:43:42+00:00","author":{"@id":"https:\/\/espaceval.ch\/de\/#\/schema\/person\/dd22f242f1b18501ae5a3b4ed941822b"},"description":"espaceVAL s'engage pour le futur dans le cadre du programme \"swisstainable\" de \"Suisse Tourisme\". 3 projets pour 2025.","breadcrumb":{"@id":"https:\/\/espaceval.ch\/de\/programme-de-durabilite-swisstainable\/#breadcrumb"},"inLanguage":"de","potentialAction":[{"@type":"ReadAction","target":["https:\/\/espaceval.ch\/de\/programme-de-durabilite-swisstainable\/"]}]},{"@type":"ImageObject","inLanguage":"de","@id":"https:\/\/espaceval.ch\/de\/programme-de-durabilite-swisstainable\/#primaryimage","url":"https:\/\/espaceval.ch\/wp-content\/uploads\/2021\/08\/125_20q_01_swisstainable_1_committed_RGB.png","contentUrl":"https:\/\/espaceval.ch\/wp-content\/uploads\/2021\/08\/125_20q_01_swisstainable_1_committed_RGB.png","width":817,"height":817,"caption":"swisstainable espaceVAL"},{"@type":"BreadcrumbList","@id":"https:\/\/espaceval.ch\/de\/programme-de-durabilite-swisstainable\/#breadcrumb","itemListElement":[{"@type":"ListItem","position":1,"name":"Accueil","item":"https:\/\/espaceval.ch\/de\/"},{"@type":"ListItem","position":2,"name":"Programme de durabilit\u00e9"}]},{"@type":"WebSite","@id":"https:\/\/espaceval.ch\/de\/#website","url":"https:\/\/espaceval.ch\/de\/","name":"espaceVAL","description":"Vitalit\u00e9 | Activit\u00e9 | Loisirs","potentialAction":[{"@type":"SearchAction","target":{"@type":"EntryPoint","urlTemplate":"https:\/\/espaceval.ch\/de\/?s={search_term_string}"},"query-input":{"@type":"PropertyValueSpecification","valueRequired":true,"valueName":"search_term_string"}}],"inLanguage":"de"},{"@type":"Person","@id":"https:\/\/espaceval.ch\/de\/#\/schema\/person\/dd22f242f1b18501ae5a3b4ed941822b","name":"espaceVAL","image":{"@type":"ImageObject","inLanguage":"de","@id":"https:\/\/espaceval.ch\/de\/#\/schema\/person\/image\/","url":"https:\/\/secure.gravatar.com\/avatar\/87b3bc56f2fe224bdc10a24865523d0bd8f784e13f8c5e0d6b1921e68f16e737?s=96&d=mm&r=g","contentUrl":"https:\/\/secure.gravatar.com\/avatar\/87b3bc56f2fe224bdc10a24865523d0bd8f784e13f8c5e0d6b1921e68f16e737?s=96&d=mm&r=g","caption":"espaceVAL"},"url":"https:\/\/espaceval.ch\/de\/author\/tpage\/"}]}},"_links":{"self":[{"href":"https:\/\/espaceval.ch\/de\/wp-json\/wp\/v2\/posts\/4513","targetHints":{"allow":["GET"]}}],"collection":[{"href":"https:\/\/espaceval.ch\/de\/wp-json\/wp\/v2\/posts"}],"about":[{"href":"https:\/\/espaceval.ch\/de\/wp-json\/wp\/v2\/types\/post"}],"author":[{"embeddable":true,"href":"https:\/\/espaceval.ch\/de\/wp-json\/wp\/v2\/users\/3"}],"replies":[{"embeddable":true,"href":"https:\/\/espaceval.ch\/de\/wp-json\/wp\/v2\/comments?post=4513"}],"version-history":[{"count":7,"href":"https:\/\/espaceval.ch\/de\/wp-json\/wp\/v2\/posts\/4513\/revisions"}],"predecessor-version":[{"id":4537,"href":"https:\/\/espaceval.ch\/de\/wp-json\/wp\/v2\/posts\/4513\/revisions\/4537"}],"wp:featuredmedia":[{"embeddable":true,"href":"https:\/\/espaceval.ch\/de\/wp-json\/wp\/v2\/media\/4515"}],"wp:attachment":[{"href":"https:\/\/espaceval.ch\/de\/wp-json\/wp\/v2\/media?parent=4513"}],"wp:term":[{"taxonomy":"category","embeddable":true,"href":"https:\/\/espaceval.ch\/de\/wp-json\/wp\/v2\/categories?post=4513"},{"taxonomy":"post_tag","embeddable":true,"href":"https:\/\/espaceval.ch\/de\/wp-json\/wp\/v2\/tags?post=4513"}],"curies":[{"name":"wp","href":"https:\/\/api.w.org\/{rel}","templated":true}]}}