{"id":4090,"date":"2021-06-17T07:12:52","date_gmt":"2021-06-17T07:12:52","guid":{"rendered":"https:\/\/espaceval.ch\/?p=4090"},"modified":"2022-04-26T08:07:32","modified_gmt":"2022-04-26T08:07:32","slug":"fete-de-la-piscine-des-combes","status":"publish","type":"post","link":"https:\/\/espaceval.ch\/de\/fete-de-la-piscine-des-combes\/","title":{"rendered":"F\u00eate de la piscine des Combes &#8211; 2021"},"content":{"rendered":"<p>[et_pb_section fb_built=&#8220;1&#8243; fullwidth=&#8220;on&#8220; admin_label=&#8220;Call to Action&#8220; _builder_version=&#8220;4.4.4&#8243; animation_style=&#8220;slide&#8220; animation_direction=&#8220;bottom&#8220; animation_intensity_slide=&#8220;6%&#8220; animation_starting_opacity=&#8220;100%&#8220; locked=&#8220;off&#8220; global_colors_info=&#8220;{}&#8220;][et_pb_fullwidth_header title=&#8220;F\u00eate de la piscine des Combes&#8220; button_one_url=&#8220;https:\/\/www.ecole-club.ch\/Offre\/Aquafitness-eau-non-profonde-VdT&#8211;E_1433423_1402&#8243; button_two_url=&#8220;https:\/\/www.ecole-club.ch\/Offre\/Aquafitness-eau-non-profonde-VdT&#8211;E_1433423_1402#\/book0#toppage&#8220; content_max_width=&#8220;800px&#8220; _builder_version=&#8220;4.9.4&#8243; title_level=&#8220;h2&#8243; title_font=&#8220;Montserrat|300|||||||&#8220; title_font_size=&#8220;58px&#8220; title_line_height=&#8220;1.2em&#8220; content_font=&#8220;|300|||||||&#8220; content_font_size=&#8220;16px&#8220; content_line_height=&#8220;1.8em&#8220; background_color=&#8220;rgba(255, 255, 255, 0)&#8220; use_background_color_gradient=&#8220;on&#8220; background_color_gradient_start=&#8220;rgba(0,0,0,0.75)&#8220; background_color_gradient_end=&#8220;rgba(0,0,0,0)&#8220; background_color_gradient_direction=&#8220;90deg&#8220; background_color_gradient_overlays_image=&#8220;on&#8220; background_image=&#8220;https:\/\/espaceval.ch\/wp-content\/uploads\/2021\/06\/cool.jpg&#8220; custom_button_one=&#8220;on&#8220; button_one_text_size=&#8220;16px&#8220; button_one_bg_color=&#8220;#f5a378&#8243; button_one_border_width=&#8220;10px&#8220; button_one_border_color=&#8220;#f5a378&#8243; button_one_border_radius=&#8220;0px&#8220; button_one_letter_spacing=&#8220;0px&#8220; button_one_font=&#8220;|300||on|||||&#8220; button_one_use_icon=&#8220;off&#8220; button_one_custom_margin=&#8220;|5%|||false|false&#8220; custom_button_two=&#8220;on&#8220; button_two_text_size=&#8220;16px&#8220; button_two_text_color=&#8220;#ffffff&#8220; button_two_bg_color=&#8220;#ef7a3f&#8220; button_two_border_width=&#8220;10px&#8220; button_two_border_color=&#8220;#ef7a3f&#8220; button_two_border_radius=&#8220;0px&#8220; button_two_letter_spacing=&#8220;0px&#8220; button_two_font=&#8220;|300||on|||||&#8220; button_two_use_icon=&#8220;off&#8220; button_two_custom_margin=&#8220;|||0px|false|false&#8220; custom_margin=&#8220;|||&#8220; custom_padding=&#8220;8%||8%|&#8220; button_one_letter_spacing_hover=&#8220;1px&#8220; button_two_letter_spacing_hover=&#8220;1px&#8220; global_colors_info=&#8220;{}&#8220; button_one_text_size__hover_enabled=&#8220;off&#8220; button_two_text_size__hover_enabled=&#8220;off&#8220; button_one_text_color__hover_enabled=&#8220;off&#8220; button_two_text_color__hover_enabled=&#8220;off&#8220; button_one_border_width__hover_enabled=&#8220;off&#8220; button_two_border_width__hover_enabled=&#8220;off&#8220; button_one_border_color__hover_enabled=&#8220;on|hover&#8220; button_two_border_color__hover_enabled=&#8220;on|desktop&#8220; button_one_border_radius__hover_enabled=&#8220;off&#8220; button_two_border_radius__hover_enabled=&#8220;off&#8220; button_one_letter_spacing__hover_enabled=&#8220;off|desktop&#8220; button_one_letter_spacing__hover=&#8220;1px&#8220; button_two_letter_spacing__hover_enabled=&#8220;off|hover&#8220; button_two_letter_spacing__hover=&#8220;1px&#8220; button_one_bg_color__hover_enabled=&#8220;on|hover&#8220; button_two_bg_color__hover_enabled=&#8220;on|hover&#8220; button_one_bg_color__hover=&#8220;#e53f12&#8243; button_one_bg_enable_color__hover=&#8220;on&#8220; button_one_border_color__hover=&#8220;#e53f12&#8243; button_two_bg_color__hover=&#8220;#e53f12&#8243; button_two_bg_enable_color__hover=&#8220;on&#8220; button_two_border_color__hover=&#8220;#e53f12&#8243;]<\/p>\n<p>Samedi 10 juillet 2021<\/p>\n<p>[\/et_pb_fullwidth_header][\/et_pb_section][et_pb_section fb_built=&#8220;1&#8243; _builder_version=&#8220;4.14.6&#8243; background_color=&#8220;#64bfb2&#8243; hover_enabled=&#8220;0&#8243; global_colors_info=&#8220;{}&#8220; sticky_enabled=&#8220;0&#8243;][et_pb_row _builder_version=&#8220;4.8.2&#8243; _module_preset=&#8220;default&#8220; global_colors_info=&#8220;{}&#8220;][et_pb_column type=&#8220;4_4&#8243; _builder_version=&#8220;4.8.2&#8243; _module_preset=&#8220;default&#8220; global_colors_info=&#8220;{}&#8220;][et_pb_text _builder_version=&#8220;4.4.4&#8243; text_font=&#8220;|300|||||||&#8220; text_text_color=&#8220;#ffffff&#8220; text_font_size=&#8220;20px&#8220; text_line_height=&#8220;1.8em&#8220; header_font=&#8220;||||||||&#8220; text_orientation=&#8220;center&#8220; animation_direction=&#8220;left&#8220; locked=&#8220;off&#8220; global_colors_info=&#8220;{}&#8220;]<\/p>\n<p>Une manifestation sportive, une foire professionnelle ou une f\u00eate populaire ?<br \/> espaceVAL vous permet de participer \u00e0 toutes sortes d\u2019activit\u00e9s.<br \/>Vous pouvez m\u00eame proposer la v\u00f4tre !<\/p>\n<p>[\/et_pb_text][\/et_pb_column][\/et_pb_row][\/et_pb_section][et_pb_section fb_built=&#8220;1&#8243; _builder_version=&#8220;4.4.4&#8243; custom_padding=&#8220;0px|0px|0px|0px|false|false&#8220; global_colors_info=&#8220;{}&#8220;][et_pb_row column_structure=&#8220;2_5,3_5&#8243; use_custom_gutter=&#8220;on&#8220; gutter_width=&#8220;1&#8243; make_equal=&#8220;on&#8220; _builder_version=&#8220;4.4.4&#8243; width=&#8220;100%&#8220; max_width=&#8220;100%&#8220; custom_margin=&#8220;||||false|false&#8220; custom_padding=&#8220;0px|200px|0px|200px|false|false&#8220; global_colors_info=&#8220;{}&#8220;][et_pb_column type=&#8220;2_5&#8243; _builder_version=&#8220;4.4.4&#8243; custom_padding=&#8220;80px|5%|80px|80px|false|false&#8220; global_colors_info=&#8220;{}&#8220;][et_pb_text _builder_version=&#8220;4.6.1&#8243; header_2_font=&#8220;Montserrat|300|||||||&#8220; header_2_text_align=&#8220;left&#8220; header_2_font_size=&#8220;58px&#8220; custom_margin=&#8220;||15px||false|false&#8220; header_2_font_size_tablet=&#8220;&#8220; header_2_font_size_phone=&#8220;40px&#8220; header_2_font_size_last_edited=&#8220;on|phone&#8220; global_colors_info=&#8220;{}&#8220;]<\/p>\n<h2>Des activit\u00e9s toute la journ\u00e9e<\/h2>\n<p>[\/et_pb_text][et_pb_divider _builder_version=&#8220;4.6.1&#8243; _module_preset=&#8220;default&#8220; width=&#8220;8%&#8220; global_colors_info=&#8220;{}&#8220;][\/et_pb_divider][et_pb_text _builder_version=&#8220;4.9.4&#8243; _module_preset=&#8220;default&#8220; custom_margin=&#8220;2px|||||&#8220; custom_padding=&#8220;||59px|||&#8220; global_colors_info=&#8220;{}&#8220;]<\/p>\n<p style=\"text-align: justify;\">Cette ann\u00e9e la piscine des Combes organise avec diff\u00e9rents partenaires de nombreuses activit\u00e9s toute la journ\u00e9e. Pour petits et grands, sport ou d\u00e9tente, il y en a pout tous les go\u00fbts.<\/p>\n<p>[\/et_pb_text][et_pb_text _builder_version=&#8220;4.6.1&#8243; header_2_font=&#8220;Montserrat|300|||||||&#8220; header_2_text_align=&#8220;left&#8220; header_2_font_size=&#8220;58px&#8220; custom_margin=&#8220;||15px||false|false&#8220; header_2_font_size_tablet=&#8220;&#8220; header_2_font_size_phone=&#8220;40px&#8220; header_2_font_size_last_edited=&#8220;on|phone&#8220; global_colors_info=&#8220;{}&#8220;]<\/p>\n<h2>Restaurez-vous\u00a0<\/h2>\n<p>[\/et_pb_text][et_pb_divider _builder_version=&#8220;4.6.1&#8243; _module_preset=&#8220;default&#8220; width=&#8220;8%&#8220; global_colors_info=&#8220;{}&#8220;][\/et_pb_divider][et_pb_text _builder_version=&#8220;4.9.4&#8243; _module_preset=&#8220;default&#8220; custom_margin=&#8220;2px|||||&#8220; custom_padding=&#8220;||59px|||&#8220; global_colors_info=&#8220;{}&#8220;]<\/p>\n<p><strong>A la buvette<\/strong><\/p>\n<p>Petite restauration toute la journ\u00e9e<\/p>\n<p>Matchs de l&#8217;Euro Foot diffus\u00e9s<\/p>\n<p>&nbsp;<\/p>\n<p><strong>A la tente du VBC<\/strong><\/p>\n<p>cocktails sans alcool<strong><\/strong><\/p>\n<p>&nbsp;<\/p>\n<p>[\/et_pb_text][\/et_pb_column][et_pb_column type=&#8220;3_5&#8243; _builder_version=&#8220;4.4.4&#8243; custom_padding=&#8220;80px|5%|80px|80px|false|false&#8220; global_colors_info=&#8220;{}&#8220;][et_pb_image src=&#8220;https:\/\/espaceval.ch\/wp-content\/uploads\/2021\/07\/Fete-de-la-piscine-des-Combes-V3.jpg&#8220; title_text=&#8220;F\u00eate de la piscine des Combes 10&#8243; _builder_version=&#8220;4.9.4&#8243; _module_preset=&#8220;default&#8220; width=&#8220;90%&#8220; module_alignment=&#8220;center&#8220; global_colors_info=&#8220;{}&#8220;][\/et_pb_image][\/et_pb_column][\/et_pb_row][et_pb_row use_custom_gutter=&#8220;on&#8220; gutter_width=&#8220;1&#8243; make_equal=&#8220;on&#8220; _builder_version=&#8220;4.4.4&#8243; width=&#8220;100%&#8220; max_width=&#8220;100%&#8220; custom_margin=&#8220;||||false|false&#8220; custom_padding=&#8220;0px|200px|0px|200px|false|false&#8220; global_colors_info=&#8220;{}&#8220;][et_pb_column type=&#8220;4_4&#8243; _builder_version=&#8220;4.4.4&#8243; custom_padding=&#8220;80px|5%|80px|80px|false|false&#8220; global_colors_info=&#8220;{}&#8220;][et_pb_text _builder_version=&#8220;4.6.1&#8243; header_2_font=&#8220;Montserrat|300|||||||&#8220; header_2_text_align=&#8220;left&#8220; header_2_font_size=&#8220;58px&#8220; custom_margin=&#8220;||15px||false|false&#8220; header_2_font_size_tablet=&#8220;&#8220; header_2_font_size_phone=&#8220;40px&#8220; header_2_font_size_last_edited=&#8220;on|phone&#8220; global_colors_info=&#8220;{}&#8220;]<\/p>\n<h2>Planning de la journ\u00e9e<\/h2>\n<p>[\/et_pb_text][et_pb_divider _builder_version=&#8220;4.6.1&#8243; _module_preset=&#8220;default&#8220; width=&#8220;8%&#8220; global_colors_info=&#8220;{}&#8220;][\/et_pb_divider][\/et_pb_column][\/et_pb_row][et_pb_row column_structure=&#8220;1_2,1_2&#8243; use_custom_gutter=&#8220;on&#8220; gutter_width=&#8220;1&#8243; make_equal=&#8220;on&#8220; _builder_version=&#8220;4.4.4&#8243; width=&#8220;100%&#8220; max_width=&#8220;100%&#8220; custom_margin=&#8220;||||false|false&#8220; custom_padding=&#8220;0px|200px|0px|200px|false|false&#8220; global_colors_info=&#8220;{}&#8220;][et_pb_column type=&#8220;1_2&#8243; _builder_version=&#8220;4.4.4&#8243; custom_padding=&#8220;80px|5%|80px|80px|false|false&#8220; global_colors_info=&#8220;{}&#8220;][et_pb_text _builder_version=&#8220;4.9.4&#8243; header_2_font=&#8220;Montserrat|300|||||||&#8220; header_2_text_align=&#8220;left&#8220; header_2_font_size=&#8220;58px&#8220; custom_margin=&#8220;||15px||false|false&#8220; header_2_font_size_tablet=&#8220;&#8220; header_2_font_size_phone=&#8220;40px&#8220; header_2_font_size_last_edited=&#8220;on|phone&#8220; global_colors_info=&#8220;{}&#8220;]<\/p>\n<h3>Tournoi beach volley<\/h3>\n<p>[\/et_pb_text][et_pb_divider _builder_version=&#8220;4.6.1&#8243; _module_preset=&#8220;default&#8220; width=&#8220;8%&#8220; global_colors_info=&#8220;{}&#8220;][\/et_pb_divider][et_pb_text _builder_version=&#8220;4.9.4&#8243; _module_preset=&#8220;default&#8220; custom_margin=&#8220;2px|||||&#8220; custom_padding=&#8220;||8px|||&#8220; global_colors_info=&#8220;{}&#8220;]<\/p>\n<h4>Organis\u00e9 par le VBC Valtra<\/h4>\n<h4><strong>Lieu<\/strong> : terrain de beach<br \/><strong>Horaire<\/strong> : 13h45 explications, 14h00 d\u00e9but, ~17h00 finale<br \/><strong>Inscriptions<\/strong> : jusqu&#8217;\u00e0 13h30, tente VBC directement avec le lien ci-dessous<\/h4>\n<h4><b>Nombre de personnes <\/b>: 4 \u00e0 7 joueurs\/joueuses (minimum 1 adulte)<br \/><strong>Nombre d&#8217;\u00e9quipe<\/strong> : min 6, max 12<br \/><strong>Autre<\/strong>\u00a0: Concours services de volley, avec ballon de beach pour le vainqueur \u00e0 la cl\u00e9.<\/h4>\n<p>[\/et_pb_text][et_pb_button button_url=&#8220;https:\/\/docs.google.com\/forms\/d\/e\/1FAIpQLSewGaj7cUBLbvU0gnegA3XwexWaqCYA-ZVmYwVxcMFlU3H0fg\/viewform?fbclid=IwAR0_L7tqqijQo4gzRUBfxo5VFLMA-TCPVZFI9fL4DSVhYqM3Up1xAd66yC4&#8243; button_text=&#8220;Inscription&#8220; _builder_version=&#8220;4.9.4&#8243; _module_preset=&#8220;default&#8220; global_colors_info=&#8220;{}&#8220;][\/et_pb_button][et_pb_text _builder_version=&#8220;4.9.4&#8243; header_2_font=&#8220;Montserrat|300|||||||&#8220; header_2_text_align=&#8220;left&#8220; header_2_font_size=&#8220;58px&#8220; custom_margin=&#8220;||15px||false|false&#8220; custom_padding=&#8220;15px|||||&#8220; header_2_font_size_tablet=&#8220;&#8220; header_2_font_size_phone=&#8220;40px&#8220; header_2_font_size_last_edited=&#8220;on|phone&#8220; global_colors_info=&#8220;{}&#8220;]<\/p>\n<h3>Initiation aquagym<\/h3>\n<p>[\/et_pb_text][et_pb_divider _builder_version=&#8220;4.6.1&#8243; _module_preset=&#8220;default&#8220; width=&#8220;8%&#8220; global_colors_info=&#8220;{}&#8220;][\/et_pb_divider][et_pb_text _builder_version=&#8220;4.8.2&#8243; _module_preset=&#8220;default&#8220; custom_margin=&#8220;2px|||||&#8220; custom_padding=&#8220;||59px|||&#8220; global_colors_info=&#8220;{}&#8220;]<\/p>\n<h4>Organis\u00e9 par Aquation<\/h4>\n<h4><strong>Lieu<\/strong> : petit bassin<br \/><strong>Horaire<\/strong> : 11h00 &#8211; 11h30 et 11h45 &#8211; 12h15<br \/><strong>Inscriptions<\/strong> : sur place \u00e0 la caisse<br \/><b>Nombre de personnes <\/b>: max 20 personnes<\/h4>\n<p>[\/et_pb_text][et_pb_text _builder_version=&#8220;4.9.4&#8243; header_2_font=&#8220;Montserrat|300|||||||&#8220; header_2_text_align=&#8220;left&#8220; header_2_font_size=&#8220;58px&#8220; custom_margin=&#8220;||15px||false|false&#8220; header_2_font_size_tablet=&#8220;&#8220; header_2_font_size_phone=&#8220;40px&#8220; header_2_font_size_last_edited=&#8220;on|phone&#8220; global_colors_info=&#8220;{}&#8220;]<\/p>\n<h3>Gymkhana aquatique<\/h3>\n<p>[\/et_pb_text][et_pb_divider _builder_version=&#8220;4.6.1&#8243; _module_preset=&#8220;default&#8220; width=&#8220;8%&#8220; global_colors_info=&#8220;{}&#8220;][\/et_pb_divider][et_pb_text _builder_version=&#8220;4.8.2&#8243; _module_preset=&#8220;default&#8220; custom_margin=&#8220;2px|||||&#8220; custom_padding=&#8220;||59px|||&#8220; global_colors_info=&#8220;{}&#8220;]<\/p>\n<h4>Organis\u00e9 par Centre SAS<\/h4>\n<h4><strong>Lieu<\/strong> : petit bassin<br \/><strong>Horaire<\/strong> : 15h00 &#8211; 17h30<br \/><strong>Inscriptions<\/strong> : pas n\u00e9cessaire<br \/><b>Nombre de personnes <\/b>: 1 personne \u00e0 la fois<\/h4>\n<p>[\/et_pb_text][et_pb_text _builder_version=&#8220;4.9.4&#8243; header_2_font=&#8220;Montserrat|300|||||||&#8220; header_2_text_align=&#8220;left&#8220; header_2_font_size=&#8220;58px&#8220; custom_margin=&#8220;||15px||false|false&#8220; header_2_font_size_tablet=&#8220;&#8220; header_2_font_size_phone=&#8220;40px&#8220; header_2_font_size_last_edited=&#8220;on|phone&#8220; global_colors_info=&#8220;{}&#8220;]<\/p>\n<h3>Contes pour enfants<\/h3>\n<p>[\/et_pb_text][et_pb_divider _builder_version=&#8220;4.6.1&#8243; _module_preset=&#8220;default&#8220; width=&#8220;8%&#8220; global_colors_info=&#8220;{}&#8220;][\/et_pb_divider][et_pb_text _builder_version=&#8220;4.8.2&#8243; _module_preset=&#8220;default&#8220; custom_margin=&#8220;2px|||||&#8220; custom_padding=&#8220;||59px|||&#8220; global_colors_info=&#8220;{}&#8220;]<\/p>\n<h4>Organis\u00e9 par La Louvr\u00e9e<\/h4>\n<h4><strong>Lieu<\/strong> : c\u00f4t\u00e9 nord-est du bassin<br \/><strong>Horaire<\/strong> : 11h30 et 14h30<br \/><strong>Inscriptions<\/strong> : pas n\u00e9cessaire<br \/><b>Nombre de personnes <\/b>: pas de limite<\/h4>\n<p>[\/et_pb_text][et_pb_text _builder_version=&#8220;4.9.4&#8243; header_2_font=&#8220;Montserrat|300|||||||&#8220; header_2_text_align=&#8220;left&#8220; header_2_font_size=&#8220;58px&#8220; custom_margin=&#8220;||15px||false|false&#8220; header_2_font_size_tablet=&#8220;&#8220; header_2_font_size_phone=&#8220;40px&#8220; header_2_font_size_last_edited=&#8220;on|phone&#8220; global_colors_info=&#8220;{}&#8220;]<\/p>\n<h3>Ch\u00e2teau gonflable<\/h3>\n<p>[\/et_pb_text][et_pb_divider _builder_version=&#8220;4.6.1&#8243; _module_preset=&#8220;default&#8220; width=&#8220;8%&#8220; global_colors_info=&#8220;{}&#8220;][\/et_pb_divider][et_pb_text _builder_version=&#8220;4.8.2&#8243; _module_preset=&#8220;default&#8220; custom_margin=&#8220;2px|||||&#8220; custom_padding=&#8220;||59px|||&#8220; global_colors_info=&#8220;{}&#8220;]<\/p>\n<h4><strong>Lieu<\/strong> : c\u00f4t\u00e9 sud-ouest du bassin<br \/><strong>Horaire<\/strong> : Toute la journ\u00e9e<br \/><strong>Inscriptions<\/strong> : pas n\u00e9cessaire<br \/><b>Nombre de personnes <\/b>: pas de limite<br \/><strong>Autre<\/strong> : enfants de 3 \u00e0 10 ans<\/h4>\n<p>[\/et_pb_text][\/et_pb_column][et_pb_column type=&#8220;1_2&#8243; _builder_version=&#8220;4.4.4&#8243; custom_padding=&#8220;80px|5%|80px|80px|false|false&#8220; global_colors_info=&#8220;{}&#8220;][et_pb_text _builder_version=&#8220;4.9.4&#8243; header_2_font=&#8220;Montserrat|300|||||||&#8220; header_2_text_align=&#8220;left&#8220; header_2_font_size=&#8220;58px&#8220; custom_margin=&#8220;||15px||false|false&#8220; header_2_font_size_tablet=&#8220;&#8220; header_2_font_size_phone=&#8220;40px&#8220; header_2_font_size_last_edited=&#8220;on|phone&#8220; global_colors_info=&#8220;{}&#8220;]<\/p>\n<h3>Bubble foot<\/h3>\n<p>[\/et_pb_text][et_pb_divider _builder_version=&#8220;4.6.1&#8243; _module_preset=&#8220;default&#8220; width=&#8220;8%&#8220; global_colors_info=&#8220;{}&#8220;][\/et_pb_divider][et_pb_text _builder_version=&#8220;4.9.4&#8243; _module_preset=&#8220;default&#8220; custom_margin=&#8220;2px|||||&#8220; custom_padding=&#8220;0px||59px|||&#8220; global_colors_info=&#8220;{}&#8220;]<\/p>\n<h4>Organis\u00e9 par Centre SAS<\/h4>\n<h4><strong>Lieu<\/strong> : terrain de foot<br \/><strong>Horaire<\/strong> : 13h00 \u00e0 14h00, matchs de 10 minutes<br \/><strong>Inscriptions<\/strong> : pas n\u00e9cessaire<br \/><b>Nombre de personnes <\/b>: \u00e9quipes de 3-5 personnes<\/h4>\n<p>&nbsp;<\/p>\n<p>&nbsp;<\/p>\n<p>[\/et_pb_text][et_pb_text _builder_version=&#8220;4.9.4&#8243; header_2_font=&#8220;Montserrat|300|||||||&#8220; header_2_text_align=&#8220;left&#8220; header_2_font_size=&#8220;58px&#8220; custom_margin=&#8220;||15px||false|false&#8220; header_2_font_size_tablet=&#8220;&#8220; header_2_font_size_phone=&#8220;40px&#8220; header_2_font_size_last_edited=&#8220;on|phone&#8220; global_colors_info=&#8220;{}&#8220;]<\/p>\n<h3>Boot Camp<\/h3>\n<p>[\/et_pb_text][et_pb_divider _builder_version=&#8220;4.6.1&#8243; _module_preset=&#8220;default&#8220; width=&#8220;8%&#8220; global_colors_info=&#8220;{}&#8220;][\/et_pb_divider][et_pb_text _builder_version=&#8220;4.9.4&#8243; _module_preset=&#8220;default&#8220; custom_margin=&#8220;2px|||||&#8220; custom_padding=&#8220;0px||59px|||&#8220; global_colors_info=&#8220;{}&#8220;]<\/p>\n<h4>Organis\u00e9 par Centre SAS<\/h4>\n<h4><strong>Lieu<\/strong> : terrain de foot<br \/><strong>Horaire<\/strong> : 10h00 \u00e0 10h45 &#8211; 11h00 \u00e0 11h45, sessions de 40 \u00e0 45 minutes<br \/><strong>Inscriptions<\/strong> : pas n\u00e9cessaire<br \/><b>Nombre de personnes <\/b>: max 20 personnes<\/h4>\n<p>&nbsp;<\/p>\n<p>[\/et_pb_text][et_pb_text _builder_version=&#8220;4.9.4&#8243; header_2_font=&#8220;Montserrat|300|||||||&#8220; header_2_text_align=&#8220;left&#8220; header_2_font_size=&#8220;58px&#8220; custom_margin=&#8220;||15px||false|false&#8220; header_2_font_size_tablet=&#8220;&#8220; header_2_font_size_phone=&#8220;40px&#8220; header_2_font_size_last_edited=&#8220;on|phone&#8220; global_colors_info=&#8220;{}&#8220;]<\/p>\n<h3>Bapt\u00eame de plong\u00e9e<\/h3>\n<p>[\/et_pb_text][et_pb_divider _builder_version=&#8220;4.6.1&#8243; _module_preset=&#8220;default&#8220; width=&#8220;8%&#8220; global_colors_info=&#8220;{}&#8220;][\/et_pb_divider][et_pb_text _builder_version=&#8220;4.8.2&#8243; _module_preset=&#8220;default&#8220; custom_margin=&#8220;2px|||||&#8220; custom_padding=&#8220;||59px|||&#8220; global_colors_info=&#8220;{}&#8220;]<\/p>\n<h4>Organis\u00e9 par le Club de plong\u00e9e Hydrotec<\/h4>\n<h4><strong>Lieu<\/strong> : petit et grand bassin<br \/><strong>Horaire<\/strong> : d\u00e8s 10h00 \u00e0 ~ 16h00<br \/><strong>Inscriptions<\/strong> : sur place, au bord du bassin<br \/><b>Nombre de personnes <\/b>: 2 \u00e0 la fois<br \/><strong>Informations<\/strong> : D\u00e8s 10 ans et en bonne sant\u00e9. Dur\u00e9e totale de ~30min (10-15 minutes de plong\u00e9es sous l&#8217;eau + Photo souvenir offerte)<\/h4>\n<p>[\/et_pb_text][et_pb_text _builder_version=&#8220;4.9.4&#8243; header_2_font=&#8220;Montserrat|300|||||||&#8220; header_2_text_align=&#8220;left&#8220; header_2_font_size=&#8220;58px&#8220; custom_margin=&#8220;||15px||false|false&#8220; header_2_font_size_tablet=&#8220;&#8220; header_2_font_size_phone=&#8220;40px&#8220; header_2_font_size_last_edited=&#8220;on|phone&#8220; global_colors_info=&#8220;{}&#8220;]<\/p>\n<h3>Massages<\/h3>\n<p>[\/et_pb_text][et_pb_divider _builder_version=&#8220;4.6.1&#8243; _module_preset=&#8220;default&#8220; width=&#8220;8%&#8220; global_colors_info=&#8220;{}&#8220;][\/et_pb_divider][et_pb_text _builder_version=&#8220;4.9.4&#8243; _module_preset=&#8220;default&#8220; custom_margin=&#8220;2px|||||&#8220; custom_padding=&#8220;||59px|||&#8220; global_colors_info=&#8220;{}&#8220;]<\/p>\n<h4>Organis\u00e9 par Feu de Soie<\/h4>\n<h4><strong>Lieu<\/strong> : c\u00f4t\u00e9 de la buvette<br \/><strong>Horaire<\/strong> : 9h30 &#8211; 17h30<br \/><strong>Inscriptions<\/strong> : pas n\u00e9cessaire<br \/><b>Nombre de personnes <\/b>: 1 personne \u00e0 la fois<\/h4>\n<p>[\/et_pb_text][\/et_pb_column][\/et_pb_row][et_pb_row _builder_version=&#8220;4.9.4&#8243; _module_preset=&#8220;default&#8220; global_colors_info=&#8220;{}&#8220;][et_pb_column type=&#8220;4_4&#8243; _builder_version=&#8220;4.9.4&#8243; _module_preset=&#8220;default&#8220; global_colors_info=&#8220;{}&#8220;][et_pb_image src=&#8220;https:\/\/espaceval.ch\/wp-content\/uploads\/2021\/06\/Plan-fete-piscine.png&#8220; title_text=&#8220;Plan f\u00eate piscine&#8220; _builder_version=&#8220;4.9.4&#8243; _module_preset=&#8220;default&#8220; width=&#8220;70%&#8220; module_alignment=&#8220;center&#8220; global_colors_info=&#8220;{}&#8220;][\/et_pb_image][\/et_pb_column][\/et_pb_row][\/et_pb_section][et_pb_section fb_built=&#8220;1&#8243; _builder_version=&#8220;4.14.6&#8243; background_color=&#8220;#64bfb2&#8243; hover_enabled=&#8220;0&#8243; global_colors_info=&#8220;{}&#8220; sticky_enabled=&#8220;0&#8243; custom_padding=&#8220;0px||0px|||&#8220;][et_pb_row column_structure=&#8220;1_2,1_2&#8243; use_custom_gutter=&#8220;on&#8220; gutter_width=&#8220;1&#8243; make_equal=&#8220;on&#8220; _builder_version=&#8220;4.14.6&#8243; background_color=&#8220;#64bfb2&#8243; width=&#8220;100%&#8220; max_width=&#8220;100%&#8220; custom_margin=&#8220;||||false|false&#8220; custom_padding=&#8220;0px||0px||false|false&#8220; hover_enabled=&#8220;0&#8243; global_colors_info=&#8220;{}&#8220; sticky_enabled=&#8220;0&#8243;][et_pb_column type=&#8220;1_2&#8243; _builder_version=&#8220;4.4.4&#8243; custom_padding=&#8220;80px|5%|80px|80px|false|false&#8220; global_colors_info=&#8220;{}&#8220;][et_pb_blurb title=&#8220;Les dates&#8220; use_icon=&#8220;on&#8220; font_icon=&#8220;&#xe023;||divi||400&#8243; icon_color=&#8220;#ffffff&#8220; _builder_version=&#8220;4.13.0&#8243; header_font=&#8220;|300|||||||&#8220; header_font_size=&#8220;30px&#8220; header_line_height=&#8220;1.2em&#8220; body_font=&#8220;|300|||||||&#8220; background_layout=&#8220;dark&#8220; custom_padding=&#8220;||0px|||&#8220; global_colors_info=&#8220;{}&#8220;]<\/p>\n<p style=\"text-align: left;\">Samedi 10 juillet : d\u00e8s l&#8217;ouverture \u00e0 9h30<\/p>\n<p style=\"text-align: left;\">En cas de mauvais temps, la f\u00eate est d\u00e9plac\u00e9e au samedi 10 juillet<\/p>\n<p style=\"text-align: left;\">\n<p>[\/et_pb_blurb][\/et_pb_column][et_pb_column type=&#8220;1_2&#8243; _builder_version=&#8220;4.4.4&#8243; custom_padding=&#8220;80px|5%|80px|80px|false|false&#8220; custom_padding_tablet=&#8220;&#8220; custom_padding_phone=&#8220;0px|10%|80px|80px|false|false&#8220; custom_padding_last_edited=&#8220;on|phone&#8220; global_colors_info=&#8220;{}&#8220;][et_pb_blurb title=&#8220;Tarifs&#8220; use_icon=&#8220;on&#8220; font_icon=&#8220;&#xe015;||divi||400&#8243; icon_color=&#8220;#ffffff&#8220; _builder_version=&#8220;4.13.0&#8243; header_font=&#8220;|300|||||||&#8220; header_font_size=&#8220;30px&#8220; header_line_height=&#8220;1.2em&#8220; body_font=&#8220;|300|||||||&#8220; background_layout=&#8220;dark&#8220; custom_padding=&#8220;||0px|||&#8220; global_colors_info=&#8220;{}&#8220;]<\/p>\n<p>Entr\u00e9e piscine des Combes (voir tarifs)<br \/>Massages : gratuit<br \/>Contes pour enfants : gratuit<br \/>Aquagym : gratuit<br \/>Bubble foot : gratuit<br \/>Gymkhana aquatique : gratuit<br \/>Tournois beach volley : 10- adulte, 8.- \u00e9tudiant et 5.- enfant<br \/>Bapt\u00eame de plong\u00e9e : 15.-<\/p>\n<p>[\/et_pb_blurb][\/et_pb_column][\/et_pb_row][\/et_pb_section][et_pb_section fb_built=&#8220;1&#8243; admin_label=&#8220;Sign Up Section&#8220; _builder_version=&#8220;4.4.4&#8243; background_color=&#8220;#f7f7f7&#8243; custom_padding=&#8220;70px||16px|||&#8220; global_colors_info=&#8220;{}&#8220;][et_pb_row _builder_version=&#8220;4.4.4&#8243; custom_padding=&#8220;||8px|||&#8220; global_colors_info=&#8220;{}&#8220;][et_pb_column type=&#8220;4_4&#8243; _builder_version=&#8220;4.4.4&#8243; global_colors_info=&#8220;{}&#8220;][et_pb_text _builder_version=&#8220;4.6.1&#8243; text_font=&#8220;|300|||||||&#8220; text_font_size=&#8220;16px&#8220; header_2_font=&#8220;|300|||||||&#8220; header_2_font_size=&#8220;58px&#8220; header_2_line_height=&#8220;1.2em&#8220; global_colors_info=&#8220;{}&#8220;]<\/p>\n<h2>En partenariat avec :<\/h2>\n<p>[\/et_pb_text][\/et_pb_column][\/et_pb_row][et_pb_row column_structure=&#8220;1_3,1_3,1_3&#8243; _builder_version=&#8220;4.9.4&#8243; _module_preset=&#8220;default&#8220; global_colors_info=&#8220;{}&#8220;][et_pb_column type=&#8220;1_3&#8243; _builder_version=&#8220;4.9.4&#8243; _module_preset=&#8220;default&#8220; global_colors_info=&#8220;{}&#8220;][et_pb_image src=&#8220;https:\/\/espaceval.ch\/wp-content\/uploads\/2021\/06\/FEU-DE-SOIE-2.png&#8220; title_text=&#8220;Logo FEU DE SOIE&#8220; url=&#8220;https:\/\/espaceval.ch\/bien-etre\/&#8220; align=&#8220;center&#8220; _builder_version=&#8220;4.9.4&#8243; _module_preset=&#8220;default&#8220; width=&#8220;70%&#8220; global_colors_info=&#8220;{}&#8220;][\/et_pb_image][\/et_pb_column][et_pb_column type=&#8220;1_3&#8243; _builder_version=&#8220;4.9.4&#8243; _module_preset=&#8220;default&#8220; global_colors_info=&#8220;{}&#8220;][et_pb_image src=&#8220;https:\/\/espaceval.ch\/wp-content\/uploads\/2020\/11\/logo-SAS.jpg&#8220; title_text=&#8220;logo SAS&#8220; url=&#8220;https:\/\/espaceval.ch\/centre-sas-fitness\/&#8220; align=&#8220;center&#8220; _builder_version=&#8220;4.9.4&#8243; _module_preset=&#8220;default&#8220; width=&#8220;90%&#8220; global_colors_info=&#8220;{}&#8220;][\/et_pb_image][\/et_pb_column][et_pb_column type=&#8220;1_3&#8243; _builder_version=&#8220;4.9.4&#8243; _module_preset=&#8220;default&#8220; global_colors_info=&#8220;{}&#8220;][et_pb_image src=&#8220;https:\/\/espaceval.ch\/wp-content\/uploads\/2021\/04\/158712569272MkU.png&#8220; title_text=&#8220;logo vbc&#8220; url=&#8220;https:\/\/www.vbcvaldetravers.ch\/&#8220; align=&#8220;center&#8220; _builder_version=&#8220;4.9.4&#8243; _module_preset=&#8220;default&#8220; global_colors_info=&#8220;{}&#8220;][\/et_pb_image][\/et_pb_column][\/et_pb_row][et_pb_row column_structure=&#8220;1_3,1_3,1_3&#8243; _builder_version=&#8220;4.9.4&#8243; _module_preset=&#8220;default&#8220; global_colors_info=&#8220;{}&#8220;][et_pb_column type=&#8220;1_3&#8243; _builder_version=&#8220;4.9.4&#8243; _module_preset=&#8220;default&#8220; global_colors_info=&#8220;{}&#8220;][et_pb_image src=&#8220;https:\/\/espaceval.ch\/wp-content\/uploads\/2021\/06\/logo-aquation-240x88px.png&#8220; title_text=&#8220;logo aquation&#8220; url=&#8220;https:\/\/www.aquation.ch\/&#8220; _builder_version=&#8220;4.9.4&#8243; _module_preset=&#8220;default&#8220; global_colors_info=&#8220;{}&#8220;][\/et_pb_image][\/et_pb_column][et_pb_column type=&#8220;1_3&#8243; _builder_version=&#8220;4.9.4&#8243; _module_preset=&#8220;default&#8220; global_colors_info=&#8220;{}&#8220;][et_pb_image src=&#8220;https:\/\/espaceval.ch\/wp-content\/uploads\/2021\/06\/image_1113806_20140730_ob_aa4b4c_louvree-logo.jpg&#8220; title_text=&#8220;La Louvr\u00e9e logo&#8220; url=&#8220;http:\/\/conteursdelalouvree.over-blog.com\/&#8220; align=&#8220;center&#8220; _builder_version=&#8220;4.9.4&#8243; _module_preset=&#8220;default&#8220; global_colors_info=&#8220;{}&#8220;][\/et_pb_image][\/et_pb_column][et_pb_column type=&#8220;1_3&#8243; _builder_version=&#8220;4.9.4&#8243; _module_preset=&#8220;default&#8220; global_colors_info=&#8220;{}&#8220;][et_pb_image src=&#8220;https:\/\/espaceval.ch\/wp-content\/uploads\/2021\/06\/66045850_324575938451626_2039207535352741888_n.jpg&#8220; title_text=&#8220;Club de plong\u00e9e hydrotec&#8220; url=&#8220;https:\/\/www.facebook.com\/Club-de-Plong%C3%A9e-Hydrotec-321245372118016\/&#8220; align=&#8220;center&#8220; _builder_version=&#8220;4.9.4&#8243; _module_preset=&#8220;default&#8220; width=&#8220;45%&#8220; global_colors_info=&#8220;{}&#8220;][\/et_pb_image][\/et_pb_column][\/et_pb_row][\/et_pb_section]<\/p>\n","protected":false},"excerpt":{"rendered":"<p>Activit\u00e9s toute la journ\u00e9e pour cette 4\u00e8me \u00e9dition. Bapt\u00eame de plong\u00e9e, tournois de volley, matchs de l&#8217;euro et autre.<\/p>\n","protected":false},"author":3,"featured_media":4366,"comment_status":"closed","ping_status":"open","sticky":false,"template":"","format":"standard","meta":{"_et_pb_use_builder":"on","_et_pb_old_content":"","_et_gb_content_width":"","_monsterinsights_skip_tracking":false,"_monsterinsights_sitenote_active":false,"_monsterinsights_sitenote_note":"","_monsterinsights_sitenote_category":0,"footnotes":""},"categories":[28,30],"tags":[],"class_list":["post-4090","post","type-post","status-publish","format-standard","has-post-thumbnail","hentry","category-activites-passees","category-manifestation-passee"],"yoast_head":"<!-- This site is optimized with the Yoast SEO plugin v25.6 - https:\/\/yoast.com\/wordpress\/plugins\/seo\/ -->\n<title>F\u00eate de la piscine des Combes - 2021 2021 | Activit\u00e9s | Ch\u00e2teau gonflable<\/title>\n<meta name=\"description\" content=\"Activit\u00e9s toute la journ\u00e9e pour cette 4\u00e8me \u00e9dition. Bapt\u00eame de plong\u00e9e, tournois de volley, matchs de l&#039;euro et autre.\" \/>\n<meta name=\"robots\" content=\"index, follow, max-snippet:-1, max-image-preview:large, max-video-preview:-1\" \/>\n<link rel=\"canonical\" href=\"https:\/\/espaceval.ch\/de\/fete-de-la-piscine-des-combes\/\" \/>\n<meta property=\"og:locale\" content=\"de_DE\" \/>\n<meta property=\"og:type\" content=\"article\" \/>\n<meta property=\"og:title\" content=\"F\u00eate de la piscine des Combes - 2021 2021 | Activit\u00e9s | Ch\u00e2teau gonflable\" \/>\n<meta property=\"og:description\" content=\"Activit\u00e9s toute la journ\u00e9e pour cette 4\u00e8me \u00e9dition. Bapt\u00eame de plong\u00e9e, tournois de volley, matchs de l&#039;euro et autre.\" \/>\n<meta property=\"og:url\" content=\"https:\/\/espaceval.ch\/de\/fete-de-la-piscine-des-combes\/\" \/>\n<meta property=\"og:site_name\" content=\"espaceVAL\" \/>\n<meta property=\"article:published_time\" content=\"2021-06-17T07:12:52+00:00\" \/>\n<meta property=\"article:modified_time\" content=\"2022-04-26T08:07:32+00:00\" \/>\n<meta property=\"og:image\" content=\"https:\/\/espaceval.ch\/wp-content\/uploads\/2021\/06\/Fete-piscine-des-Combes-site-1.jpg\" \/>\n\t<meta property=\"og:image:width\" content=\"320\" \/>\n\t<meta property=\"og:image:height\" content=\"200\" \/>\n\t<meta property=\"og:image:type\" content=\"image\/jpeg\" \/>\n<meta name=\"author\" content=\"espaceVAL\" \/>\n<meta name=\"twitter:card\" content=\"summary_large_image\" \/>\n<meta name=\"twitter:label1\" content=\"Verfasst von\" \/>\n\t<meta name=\"twitter:data1\" content=\"espaceVAL\" \/>\n\t<meta name=\"twitter:label2\" content=\"Gesch\u00e4tzte Lesezeit\" \/>\n\t<meta name=\"twitter:data2\" content=\"14\u00a0Minuten\" \/>\n<script type=\"application\/ld+json\" class=\"yoast-schema-graph\">{\"@context\":\"https:\/\/schema.org\",\"@graph\":[{\"@type\":\"WebPage\",\"@id\":\"https:\/\/espaceval.ch\/de\/fete-de-la-piscine-des-combes\/\",\"url\":\"https:\/\/espaceval.ch\/de\/fete-de-la-piscine-des-combes\/\",\"name\":\"F\u00eate de la piscine des Combes - 2021 2021 | Activit\u00e9s | Ch\u00e2teau gonflable\",\"isPartOf\":{\"@id\":\"https:\/\/espaceval.ch\/de\/#website\"},\"primaryImageOfPage\":{\"@id\":\"https:\/\/espaceval.ch\/de\/fete-de-la-piscine-des-combes\/#primaryimage\"},\"image\":{\"@id\":\"https:\/\/espaceval.ch\/de\/fete-de-la-piscine-des-combes\/#primaryimage\"},\"thumbnailUrl\":\"https:\/\/espaceval.ch\/wp-content\/uploads\/2021\/06\/Fete-piscine-des-Combes-site-1.jpg\",\"datePublished\":\"2021-06-17T07:12:52+00:00\",\"dateModified\":\"2022-04-26T08:07:32+00:00\",\"author\":{\"@id\":\"https:\/\/espaceval.ch\/de\/#\/schema\/person\/dd22f242f1b18501ae5a3b4ed941822b\"},\"description\":\"Activit\u00e9s toute la journ\u00e9e pour cette 4\u00e8me \u00e9dition. Bapt\u00eame de plong\u00e9e, tournois de volley, matchs de l'euro et autre.\",\"breadcrumb\":{\"@id\":\"https:\/\/espaceval.ch\/de\/fete-de-la-piscine-des-combes\/#breadcrumb\"},\"inLanguage\":\"de\",\"potentialAction\":[{\"@type\":\"ReadAction\",\"target\":[\"https:\/\/espaceval.ch\/de\/fete-de-la-piscine-des-combes\/\"]}]},{\"@type\":\"ImageObject\",\"inLanguage\":\"de\",\"@id\":\"https:\/\/espaceval.ch\/de\/fete-de-la-piscine-des-combes\/#primaryimage\",\"url\":\"https:\/\/espaceval.ch\/wp-content\/uploads\/2021\/06\/Fete-piscine-des-Combes-site-1.jpg\",\"contentUrl\":\"https:\/\/espaceval.ch\/wp-content\/uploads\/2021\/06\/Fete-piscine-des-Combes-site-1.jpg\",\"width\":320,\"height\":200},{\"@type\":\"BreadcrumbList\",\"@id\":\"https:\/\/espaceval.ch\/de\/fete-de-la-piscine-des-combes\/#breadcrumb\",\"itemListElement\":[{\"@type\":\"ListItem\",\"position\":1,\"name\":\"Accueil\",\"item\":\"https:\/\/espaceval.ch\/de\/\"},{\"@type\":\"ListItem\",\"position\":2,\"name\":\"F\u00eate de la piscine des Combes &#8211; 2021\"}]},{\"@type\":\"WebSite\",\"@id\":\"https:\/\/espaceval.ch\/de\/#website\",\"url\":\"https:\/\/espaceval.ch\/de\/\",\"name\":\"espaceVAL\",\"description\":\"Vitalit\u00e9 | Activit\u00e9 | Loisirs\",\"potentialAction\":[{\"@type\":\"SearchAction\",\"target\":{\"@type\":\"EntryPoint\",\"urlTemplate\":\"https:\/\/espaceval.ch\/de\/?s={search_term_string}\"},\"query-input\":{\"@type\":\"PropertyValueSpecification\",\"valueRequired\":true,\"valueName\":\"search_term_string\"}}],\"inLanguage\":\"de\"},{\"@type\":\"Person\",\"@id\":\"https:\/\/espaceval.ch\/de\/#\/schema\/person\/dd22f242f1b18501ae5a3b4ed941822b\",\"name\":\"espaceVAL\",\"image\":{\"@type\":\"ImageObject\",\"inLanguage\":\"de\",\"@id\":\"https:\/\/espaceval.ch\/de\/#\/schema\/person\/image\/\",\"url\":\"https:\/\/secure.gravatar.com\/avatar\/87b3bc56f2fe224bdc10a24865523d0bd8f784e13f8c5e0d6b1921e68f16e737?s=96&d=mm&r=g\",\"contentUrl\":\"https:\/\/secure.gravatar.com\/avatar\/87b3bc56f2fe224bdc10a24865523d0bd8f784e13f8c5e0d6b1921e68f16e737?s=96&d=mm&r=g\",\"caption\":\"espaceVAL\"},\"url\":\"https:\/\/espaceval.ch\/de\/author\/tpage\/\"}]}<\/script>\n<!-- \/ Yoast SEO plugin. -->","yoast_head_json":{"title":"F\u00eate de la piscine des Combes - 2021 2021 | Activit\u00e9s | Ch\u00e2teau gonflable","description":"Activit\u00e9s toute la journ\u00e9e pour cette 4\u00e8me \u00e9dition. Bapt\u00eame de plong\u00e9e, tournois de volley, matchs de l'euro et autre.","robots":{"index":"index","follow":"follow","max-snippet":"max-snippet:-1","max-image-preview":"max-image-preview:large","max-video-preview":"max-video-preview:-1"},"canonical":"https:\/\/espaceval.ch\/de\/fete-de-la-piscine-des-combes\/","og_locale":"de_DE","og_type":"article","og_title":"F\u00eate de la piscine des Combes - 2021 2021 | Activit\u00e9s | Ch\u00e2teau gonflable","og_description":"Activit\u00e9s toute la journ\u00e9e pour cette 4\u00e8me \u00e9dition. Bapt\u00eame de plong\u00e9e, tournois de volley, matchs de l'euro et autre.","og_url":"https:\/\/espaceval.ch\/de\/fete-de-la-piscine-des-combes\/","og_site_name":"espaceVAL","article_published_time":"2021-06-17T07:12:52+00:00","article_modified_time":"2022-04-26T08:07:32+00:00","og_image":[{"width":320,"height":200,"url":"https:\/\/espaceval.ch\/wp-content\/uploads\/2021\/06\/Fete-piscine-des-Combes-site-1.jpg","type":"image\/jpeg"}],"author":"espaceVAL","twitter_card":"summary_large_image","twitter_misc":{"Verfasst von":"espaceVAL","Gesch\u00e4tzte Lesezeit":"14\u00a0Minuten"},"schema":{"@context":"https:\/\/schema.org","@graph":[{"@type":"WebPage","@id":"https:\/\/espaceval.ch\/de\/fete-de-la-piscine-des-combes\/","url":"https:\/\/espaceval.ch\/de\/fete-de-la-piscine-des-combes\/","name":"F\u00eate de la piscine des Combes - 2021 2021 | Activit\u00e9s | Ch\u00e2teau gonflable","isPartOf":{"@id":"https:\/\/espaceval.ch\/de\/#website"},"primaryImageOfPage":{"@id":"https:\/\/espaceval.ch\/de\/fete-de-la-piscine-des-combes\/#primaryimage"},"image":{"@id":"https:\/\/espaceval.ch\/de\/fete-de-la-piscine-des-combes\/#primaryimage"},"thumbnailUrl":"https:\/\/espaceval.ch\/wp-content\/uploads\/2021\/06\/Fete-piscine-des-Combes-site-1.jpg","datePublished":"2021-06-17T07:12:52+00:00","dateModified":"2022-04-26T08:07:32+00:00","author":{"@id":"https:\/\/espaceval.ch\/de\/#\/schema\/person\/dd22f242f1b18501ae5a3b4ed941822b"},"description":"Activit\u00e9s toute la journ\u00e9e pour cette 4\u00e8me \u00e9dition. Bapt\u00eame de plong\u00e9e, tournois de volley, matchs de l'euro et autre.","breadcrumb":{"@id":"https:\/\/espaceval.ch\/de\/fete-de-la-piscine-des-combes\/#breadcrumb"},"inLanguage":"de","potentialAction":[{"@type":"ReadAction","target":["https:\/\/espaceval.ch\/de\/fete-de-la-piscine-des-combes\/"]}]},{"@type":"ImageObject","inLanguage":"de","@id":"https:\/\/espaceval.ch\/de\/fete-de-la-piscine-des-combes\/#primaryimage","url":"https:\/\/espaceval.ch\/wp-content\/uploads\/2021\/06\/Fete-piscine-des-Combes-site-1.jpg","contentUrl":"https:\/\/espaceval.ch\/wp-content\/uploads\/2021\/06\/Fete-piscine-des-Combes-site-1.jpg","width":320,"height":200},{"@type":"BreadcrumbList","@id":"https:\/\/espaceval.ch\/de\/fete-de-la-piscine-des-combes\/#breadcrumb","itemListElement":[{"@type":"ListItem","position":1,"name":"Accueil","item":"https:\/\/espaceval.ch\/de\/"},{"@type":"ListItem","position":2,"name":"F\u00eate de la piscine des Combes &#8211; 2021"}]},{"@type":"WebSite","@id":"https:\/\/espaceval.ch\/de\/#website","url":"https:\/\/espaceval.ch\/de\/","name":"espaceVAL","description":"Vitalit\u00e9 | Activit\u00e9 | Loisirs","potentialAction":[{"@type":"SearchAction","target":{"@type":"EntryPoint","urlTemplate":"https:\/\/espaceval.ch\/de\/?s={search_term_string}"},"query-input":{"@type":"PropertyValueSpecification","valueRequired":true,"valueName":"search_term_string"}}],"inLanguage":"de"},{"@type":"Person","@id":"https:\/\/espaceval.ch\/de\/#\/schema\/person\/dd22f242f1b18501ae5a3b4ed941822b","name":"espaceVAL","image":{"@type":"ImageObject","inLanguage":"de","@id":"https:\/\/espaceval.ch\/de\/#\/schema\/person\/image\/","url":"https:\/\/secure.gravatar.com\/avatar\/87b3bc56f2fe224bdc10a24865523d0bd8f784e13f8c5e0d6b1921e68f16e737?s=96&d=mm&r=g","contentUrl":"https:\/\/secure.gravatar.com\/avatar\/87b3bc56f2fe224bdc10a24865523d0bd8f784e13f8c5e0d6b1921e68f16e737?s=96&d=mm&r=g","caption":"espaceVAL"},"url":"https:\/\/espaceval.ch\/de\/author\/tpage\/"}]}},"_links":{"self":[{"href":"https:\/\/espaceval.ch\/de\/wp-json\/wp\/v2\/posts\/4090","targetHints":{"allow":["GET"]}}],"collection":[{"href":"https:\/\/espaceval.ch\/de\/wp-json\/wp\/v2\/posts"}],"about":[{"href":"https:\/\/espaceval.ch\/de\/wp-json\/wp\/v2\/types\/post"}],"author":[{"embeddable":true,"href":"https:\/\/espaceval.ch\/de\/wp-json\/wp\/v2\/users\/3"}],"replies":[{"embeddable":true,"href":"https:\/\/espaceval.ch\/de\/wp-json\/wp\/v2\/comments?post=4090"}],"version-history":[{"count":46,"href":"https:\/\/espaceval.ch\/de\/wp-json\/wp\/v2\/posts\/4090\/revisions"}],"predecessor-version":[{"id":5978,"href":"https:\/\/espaceval.ch\/de\/wp-json\/wp\/v2\/posts\/4090\/revisions\/5978"}],"wp:featuredmedia":[{"embeddable":true,"href":"https:\/\/espaceval.ch\/de\/wp-json\/wp\/v2\/media\/4366"}],"wp:attachment":[{"href":"https:\/\/espaceval.ch\/de\/wp-json\/wp\/v2\/media?parent=4090"}],"wp:term":[{"taxonomy":"category","embeddable":true,"href":"https:\/\/espaceval.ch\/de\/wp-json\/wp\/v2\/categories?post=4090"},{"taxonomy":"post_tag","embeddable":true,"href":"https:\/\/espaceval.ch\/de\/wp-json\/wp\/v2\/tags?post=4090"}],"curies":[{"name":"wp","href":"https:\/\/api.w.org\/{rel}","templated":true}]}}