{"id":4048,"date":"2021-06-10T11:58:06","date_gmt":"2021-06-10T11:58:06","guid":{"rendered":"https:\/\/espaceval.ch\/?p=4048"},"modified":"2021-06-11T08:25:24","modified_gmt":"2021-06-11T08:25:24","slug":"1er-anniversaire","status":"publish","type":"post","link":"https:\/\/espaceval.ch\/de\/1er-anniversaire\/","title":{"rendered":"1er anniversaire"},"content":{"rendered":"<p>[et_pb_section fb_built=&#8220;1&#8243; fullwidth=&#8220;on&#8220; _builder_version=&#8220;4.6.1&#8243; _module_preset=&#8220;default&#8220;][et_pb_fullwidth_header title=&#8220;1er anniversaire d&#8217;espaceVAL&#8220; subhead=&#8220;11 juin 2021&#8243; button_one_url=&#8220;https:\/\/webceg.ne.ch\/gelore_web\/gelore2_ne.pack_gelore2_web2.gelore_web4_accueil?p_societes=4&#038;p_cat=INF_SPO&#038;p_cat2=CSR&#038;p_cat3=&#038;p_cat4=&#038;p_cat5= &#8220; button_two_url=&#8220;https:\/\/espaceval.ch\/reservation-salle\/&#8220; content_max_width=&#8220;800px&#8220; module_id=&#8220;salle&#8220; _builder_version=&#8220;4.6.1&#8243; title_level=&#8220;h2&#8243; title_font=&#8220;Montserrat|300|||||||&#8220; title_font_size=&#8220;58px&#8220; title_line_height=&#8220;1.2em&#8220; content_font=&#8220;||||||||&#8220; content_font_size=&#8220;20px&#8220; content_line_height=&#8220;1.8em&#8220; background_color=&#8220;#ef7a3f&#8220; background_color_gradient_direction=&#8220;90deg&#8220; background_enable_image=&#8220;off&#8220; custom_button_one=&#8220;on&#8220; button_one_text_size=&#8220;16px&#8220; button_one_bg_color=&#8220;#372658&#8243; button_one_border_width=&#8220;10px&#8220; button_one_border_color=&#8220;#372658&#8243; button_one_border_radius=&#8220;0px&#8220; button_one_letter_spacing=&#8220;0px&#8220; button_one_font=&#8220;|300||on|||||&#8220; button_one_use_icon=&#8220;off&#8220; button_one_rel=&#8220;off|off|off|off|off&#8220; button_one_custom_margin=&#8220;|5%|||false|false&#8220; custom_button_two=&#8220;on&#8220; button_two_text_size=&#8220;16px&#8220; button_two_text_color=&#8220;#ffffff&#8220; button_two_bg_color=&#8220;#60528d&#8220; button_two_border_width=&#8220;10px&#8220; button_two_border_color=&#8220;#60528d&#8220; button_two_border_radius=&#8220;0px&#8220; button_two_letter_spacing=&#8220;0px&#8220; button_two_font=&#8220;|300||on|||||&#8220; button_two_use_icon=&#8220;off&#8220; button_two_custom_margin=&#8220;|||0px|false|false&#8220; custom_margin=&#8220;|||&#8220; custom_padding=&#8220;8%||8%|&#8220; link_option_url_new_window=&#8220;on&#8220; button_one_letter_spacing_hover=&#8220;1px&#8220; button_two_letter_spacing_hover=&#8220;1px&#8220; button_one_text_size__hover_enabled=&#8220;off&#8220; button_two_text_size__hover_enabled=&#8220;off&#8220; button_one_text_color__hover_enabled=&#8220;off&#8220; button_two_text_color__hover_enabled=&#8220;off&#8220; button_one_border_width__hover_enabled=&#8220;off&#8220; button_two_border_width__hover_enabled=&#8220;off&#8220; button_one_border_color__hover_enabled=&#8220;on|hover&#8220; button_two_border_color__hover_enabled=&#8220;on|hover&#8220; button_one_border_radius__hover_enabled=&#8220;off&#8220; button_two_border_radius__hover_enabled=&#8220;off&#8220; button_one_letter_spacing__hover_enabled=&#8220;off|desktop&#8220; button_one_letter_spacing__hover=&#8220;1px&#8220; button_two_letter_spacing__hover_enabled=&#8220;off|hover&#8220; button_two_letter_spacing__hover=&#8220;1px&#8220; button_one_bg_color__hover_enabled=&#8220;on|hover&#8220; button_two_bg_color__hover_enabled=&#8220;on|hover&#8220; button_one_bg_color__hover=&#8220;#60528d&#8220; button_one_bg_enable_color__hover=&#8220;on&#8220; button_one_border_color__hover=&#8220;#60528d&#8220; button_two_bg_color__hover=&#8220;#372658&#8243; button_two_bg_enable_color__hover=&#8220;on&#8220; button_two_border_color__hover=&#8220;#372658&#8243;][\/et_pb_fullwidth_header][\/et_pb_section][et_pb_section fb_built=&#8220;1&#8243; disabled_on=&#8220;off|off|off&#8220; _builder_version=&#8220;4.7.4&#8243;][et_pb_row _builder_version=&#8220;4.4.4&#8243;][et_pb_column type=&#8220;4_4&#8243; _builder_version=&#8220;4.4.4&#8243;][et_pb_image src=&#8220;https:\/\/espaceval.ch\/wp-content\/uploads\/2021\/06\/Offre-anniversaire-espaceVAL-site-TV.png&#8220; title_text=&#8220;Offre anniversaire espaceVAL &#8211; 2021&#8243; _builder_version=&#8220;4.9.4&#8243; _module_preset=&#8220;default&#8220; width=&#8220;70%&#8220; module_alignment=&#8220;center&#8220;][\/et_pb_image][et_pb_text _builder_version=&#8220;4.9.4&#8243; text_font=&#8220;|300|||||||&#8220; text_font_size=&#8220;16px&#8220; text_line_height=&#8220;1.8em&#8220; header_font=&#8220;||||||||&#8220; animation_direction=&#8220;left&#8220;]<\/p>\n<p class=\"_04xlpA direction-ltr align-justify para-style-body\">Voila d\u00e9j\u00e0 une ann\u00e9e que le &#8222;Centre Sportif du Val-de-Travers&#8220; est devenu &#8222;espaceVAL&#8220;.<\/p>\n<p class=\"_04xlpA direction-ltr align-justify para-style-body\">De nombreuses nouveaut\u00e9s et travaux ont \u00e9t\u00e9 entrepris depuis plus d&#8217;une ann\u00e9e afin de redynamiser le centre :<\/p>\n<ul>\n<li class=\"_04xlpA direction-ltr align-justify para-style-body\">Nouveau logo et nouvelle identit\u00e9<\/li>\n<li class=\"_04xlpA direction-ltr align-justify para-style-body\">Nouveau site internet<\/li>\n<li class=\"_04xlpA direction-ltr align-justify para-style-body\">Nouvelle r\u00e9ception caf\u00e9t\u00e9ria<\/li>\n<li class=\"_04xlpA direction-ltr align-justify para-style-body\">Nouveaux produits \u00e0 la caf\u00e9t\u00e9ria<\/li>\n<li class=\"_04xlpA direction-ltr align-justify para-style-body\">Sas d&#8217;entr\u00e9e install\u00e9<\/li>\n<li class=\"_04xlpA direction-ltr align-justify para-style-body\">Nouvelle buvette dans le hall pour les manifestations<\/li>\n<li class=\"_04xlpA direction-ltr align-justify para-style-body\">Nouveaux luminaires dans le hall<\/li>\n<li class=\"_04xlpA direction-ltr align-justify para-style-body\">Nouvelles prestations &#8222;Loisirs&#8220; pour les enfants et les adultes<\/li>\n<li>Nouvel espace pour les ateliers et cours &#8222;Loisirs&#8220;<\/li>\n<li class=\"_04xlpA direction-ltr align-justify para-style-body\">Nouvelles prestations &#8222;Activit\u00e9&#8220; \u00e0 la piscine<\/li>\n<li class=\"_04xlpA direction-ltr align-justify para-style-body\">Une vingtaine de nouveaux cours collectifs et prestations li\u00e9s au sport et au bien-\u00eatre<\/li>\n<li class=\"_04xlpA direction-ltr align-justify para-style-body\">Nouveau fitness g\u00e9r\u00e9 par l&#8217;entreprise priv\u00e9e &#8222;Centre SAS&#8220;<\/li>\n<li class=\"_04xlpA direction-ltr align-justify para-style-body\">Nouvelle salle de poids libres<\/li>\n<li class=\"_04xlpA direction-ltr align-justify para-style-body\">Nouvel aire de stationnement pour les camping-car<\/li>\n<li class=\"_04xlpA direction-ltr align-justify para-style-body\">Facilit\u00e9s de paiements pour tous les abonnements<\/li>\n<li class=\"_04xlpA direction-ltr align-justify para-style-body\">Am\u00e9lioration de notre pr\u00e9sence sur internet<\/li>\n<li class=\"_04xlpA direction-ltr align-justify para-style-body\">Meilleure communication via nos r\u00e9seaux sociaux notamment<\/li>\n<\/ul>\n<p>Toutes ces nouveaut\u00e9s et am\u00e9liorations afin de repositionner le centre comme un espace hautement polyvalent et de permettre \u00e0 tout un chacun la meilleure exp\u00e9rience possible.<\/p>\n<p>EspaceVAL continuera de d\u00e9velopper son r\u00e9seau de partenaires afin de vous faire profiter d&#8217;une large palette de prestations pour les adultes et les enfants sans oublier l&#8217;organisation de manifestations sportives et populaires. De nombreuses nouveaut\u00e9s et projets sont en pr\u00e9paration. Restez \u00e0 l&#8217;\u00e9coute.<\/p>\n<p>Nous tenons \u00e0 remercier notre fid\u00e8le client\u00e8le ainsi que nos nombreux par partenaires pour le soutien apport\u00e9.<\/p>\n<p>&nbsp;<\/p>\n<p class=\"_04xlpA direction-ltr align-justify para-style-body\">\n<p>[\/et_pb_text][\/et_pb_column][\/et_pb_row][\/et_pb_section]<\/p>\n","protected":false},"excerpt":{"rendered":"<p>Voila une ann\u00e9e que le \u00ab Centre Sportif du Val-de-Travers \u00bb est devenu \u00ab espaceVAL \u00bb. De nombreuses nouveaut\u00e9s et travaux depuis plus de 1 an.<\/p>\n","protected":false},"author":3,"featured_media":4055,"comment_status":"open","ping_status":"open","sticky":false,"template":"","format":"standard","meta":{"_et_pb_use_builder":"on","_et_pb_old_content":"","_et_gb_content_width":"","_monsterinsights_skip_tracking":false,"_monsterinsights_sitenote_active":false,"_monsterinsights_sitenote_note":"","_monsterinsights_sitenote_category":0,"footnotes":""},"categories":[13,20],"tags":[],"class_list":["post-4048","post","type-post","status-publish","format-standard","has-post-thumbnail","hentry","category-actualite","category-informations"],"yoast_head":"<!-- This site is optimized with the Yoast SEO plugin v25.6 - https:\/\/yoast.com\/wordpress\/plugins\/seo\/ -->\n<title>1er anniversaire - espaceVAL<\/title>\n<meta name=\"description\" content=\"Voila une ann\u00e9e que le \u00ab Centre Sportif du Val-de-Travers \u00bb est devenu \u00ab espaceVAL \u00bb. De nombreuses nouveaut\u00e9s et travaux depuis plus de 1 an\" \/>\n<meta name=\"robots\" content=\"index, follow, max-snippet:-1, max-image-preview:large, max-video-preview:-1\" \/>\n<link rel=\"canonical\" href=\"https:\/\/espaceval.ch\/de\/1er-anniversaire\/\" \/>\n<meta property=\"og:locale\" content=\"de_DE\" \/>\n<meta property=\"og:type\" content=\"article\" \/>\n<meta property=\"og:title\" content=\"1er anniversaire - espaceVAL\" \/>\n<meta property=\"og:description\" content=\"Voila une ann\u00e9e que le \u00ab Centre Sportif du Val-de-Travers \u00bb est devenu \u00ab espaceVAL \u00bb. De nombreuses nouveaut\u00e9s et travaux depuis plus de 1 an\" \/>\n<meta property=\"og:url\" content=\"https:\/\/espaceval.ch\/de\/1er-anniversaire\/\" \/>\n<meta property=\"og:site_name\" content=\"espaceVAL\" \/>\n<meta property=\"article:published_time\" content=\"2021-06-10T11:58:06+00:00\" \/>\n<meta property=\"article:modified_time\" content=\"2021-06-11T08:25:24+00:00\" \/>\n<meta property=\"og:image\" content=\"https:\/\/espaceval.ch\/wp-content\/uploads\/2021\/06\/1-an.png\" \/>\n\t<meta property=\"og:image:width\" content=\"320\" \/>\n\t<meta property=\"og:image:height\" content=\"200\" \/>\n\t<meta property=\"og:image:type\" content=\"image\/png\" \/>\n<meta name=\"author\" content=\"espaceVAL\" \/>\n<meta name=\"twitter:card\" content=\"summary_large_image\" \/>\n<meta name=\"twitter:label1\" content=\"Verfasst von\" \/>\n\t<meta name=\"twitter:data1\" content=\"espaceVAL\" \/>\n\t<meta name=\"twitter:label2\" content=\"Gesch\u00e4tzte Lesezeit\" \/>\n\t<meta name=\"twitter:data2\" content=\"4\u00a0Minuten\" \/>\n<script type=\"application\/ld+json\" class=\"yoast-schema-graph\">{\"@context\":\"https:\/\/schema.org\",\"@graph\":[{\"@type\":\"WebPage\",\"@id\":\"https:\/\/espaceval.ch\/de\/1er-anniversaire\/\",\"url\":\"https:\/\/espaceval.ch\/de\/1er-anniversaire\/\",\"name\":\"1er anniversaire - espaceVAL\",\"isPartOf\":{\"@id\":\"https:\/\/espaceval.ch\/de\/#website\"},\"primaryImageOfPage\":{\"@id\":\"https:\/\/espaceval.ch\/de\/1er-anniversaire\/#primaryimage\"},\"image\":{\"@id\":\"https:\/\/espaceval.ch\/de\/1er-anniversaire\/#primaryimage\"},\"thumbnailUrl\":\"https:\/\/espaceval.ch\/wp-content\/uploads\/2021\/06\/1-an.png\",\"datePublished\":\"2021-06-10T11:58:06+00:00\",\"dateModified\":\"2021-06-11T08:25:24+00:00\",\"author\":{\"@id\":\"https:\/\/espaceval.ch\/de\/#\/schema\/person\/dd22f242f1b18501ae5a3b4ed941822b\"},\"description\":\"Voila une ann\u00e9e que le \u00ab Centre Sportif du Val-de-Travers \u00bb est devenu \u00ab espaceVAL \u00bb. De nombreuses nouveaut\u00e9s et travaux depuis plus de 1 an\",\"breadcrumb\":{\"@id\":\"https:\/\/espaceval.ch\/de\/1er-anniversaire\/#breadcrumb\"},\"inLanguage\":\"de\",\"potentialAction\":[{\"@type\":\"ReadAction\",\"target\":[\"https:\/\/espaceval.ch\/de\/1er-anniversaire\/\"]}]},{\"@type\":\"ImageObject\",\"inLanguage\":\"de\",\"@id\":\"https:\/\/espaceval.ch\/de\/1er-anniversaire\/#primaryimage\",\"url\":\"https:\/\/espaceval.ch\/wp-content\/uploads\/2021\/06\/1-an.png\",\"contentUrl\":\"https:\/\/espaceval.ch\/wp-content\/uploads\/2021\/06\/1-an.png\",\"width\":320,\"height\":200},{\"@type\":\"BreadcrumbList\",\"@id\":\"https:\/\/espaceval.ch\/de\/1er-anniversaire\/#breadcrumb\",\"itemListElement\":[{\"@type\":\"ListItem\",\"position\":1,\"name\":\"Accueil\",\"item\":\"https:\/\/espaceval.ch\/de\/\"},{\"@type\":\"ListItem\",\"position\":2,\"name\":\"1er anniversaire\"}]},{\"@type\":\"WebSite\",\"@id\":\"https:\/\/espaceval.ch\/de\/#website\",\"url\":\"https:\/\/espaceval.ch\/de\/\",\"name\":\"espaceVAL\",\"description\":\"Vitalit\u00e9 | Activit\u00e9 | Loisirs\",\"potentialAction\":[{\"@type\":\"SearchAction\",\"target\":{\"@type\":\"EntryPoint\",\"urlTemplate\":\"https:\/\/espaceval.ch\/de\/?s={search_term_string}\"},\"query-input\":{\"@type\":\"PropertyValueSpecification\",\"valueRequired\":true,\"valueName\":\"search_term_string\"}}],\"inLanguage\":\"de\"},{\"@type\":\"Person\",\"@id\":\"https:\/\/espaceval.ch\/de\/#\/schema\/person\/dd22f242f1b18501ae5a3b4ed941822b\",\"name\":\"espaceVAL\",\"image\":{\"@type\":\"ImageObject\",\"inLanguage\":\"de\",\"@id\":\"https:\/\/espaceval.ch\/de\/#\/schema\/person\/image\/\",\"url\":\"https:\/\/secure.gravatar.com\/avatar\/87b3bc56f2fe224bdc10a24865523d0bd8f784e13f8c5e0d6b1921e68f16e737?s=96&d=mm&r=g\",\"contentUrl\":\"https:\/\/secure.gravatar.com\/avatar\/87b3bc56f2fe224bdc10a24865523d0bd8f784e13f8c5e0d6b1921e68f16e737?s=96&d=mm&r=g\",\"caption\":\"espaceVAL\"},\"url\":\"https:\/\/espaceval.ch\/de\/author\/tpage\/\"}]}<\/script>\n<!-- \/ Yoast SEO plugin. -->","yoast_head_json":{"title":"1er anniversaire - espaceVAL","description":"Voila une ann\u00e9e que le \u00ab Centre Sportif du Val-de-Travers \u00bb est devenu \u00ab espaceVAL \u00bb. De nombreuses nouveaut\u00e9s et travaux depuis plus de 1 an","robots":{"index":"index","follow":"follow","max-snippet":"max-snippet:-1","max-image-preview":"max-image-preview:large","max-video-preview":"max-video-preview:-1"},"canonical":"https:\/\/espaceval.ch\/de\/1er-anniversaire\/","og_locale":"de_DE","og_type":"article","og_title":"1er anniversaire - espaceVAL","og_description":"Voila une ann\u00e9e que le \u00ab Centre Sportif du Val-de-Travers \u00bb est devenu \u00ab espaceVAL \u00bb. De nombreuses nouveaut\u00e9s et travaux depuis plus de 1 an","og_url":"https:\/\/espaceval.ch\/de\/1er-anniversaire\/","og_site_name":"espaceVAL","article_published_time":"2021-06-10T11:58:06+00:00","article_modified_time":"2021-06-11T08:25:24+00:00","og_image":[{"width":320,"height":200,"url":"https:\/\/espaceval.ch\/wp-content\/uploads\/2021\/06\/1-an.png","type":"image\/png"}],"author":"espaceVAL","twitter_card":"summary_large_image","twitter_misc":{"Verfasst von":"espaceVAL","Gesch\u00e4tzte Lesezeit":"4\u00a0Minuten"},"schema":{"@context":"https:\/\/schema.org","@graph":[{"@type":"WebPage","@id":"https:\/\/espaceval.ch\/de\/1er-anniversaire\/","url":"https:\/\/espaceval.ch\/de\/1er-anniversaire\/","name":"1er anniversaire - espaceVAL","isPartOf":{"@id":"https:\/\/espaceval.ch\/de\/#website"},"primaryImageOfPage":{"@id":"https:\/\/espaceval.ch\/de\/1er-anniversaire\/#primaryimage"},"image":{"@id":"https:\/\/espaceval.ch\/de\/1er-anniversaire\/#primaryimage"},"thumbnailUrl":"https:\/\/espaceval.ch\/wp-content\/uploads\/2021\/06\/1-an.png","datePublished":"2021-06-10T11:58:06+00:00","dateModified":"2021-06-11T08:25:24+00:00","author":{"@id":"https:\/\/espaceval.ch\/de\/#\/schema\/person\/dd22f242f1b18501ae5a3b4ed941822b"},"description":"Voila une ann\u00e9e que le \u00ab Centre Sportif du Val-de-Travers \u00bb est devenu \u00ab espaceVAL \u00bb. De nombreuses nouveaut\u00e9s et travaux depuis plus de 1 an","breadcrumb":{"@id":"https:\/\/espaceval.ch\/de\/1er-anniversaire\/#breadcrumb"},"inLanguage":"de","potentialAction":[{"@type":"ReadAction","target":["https:\/\/espaceval.ch\/de\/1er-anniversaire\/"]}]},{"@type":"ImageObject","inLanguage":"de","@id":"https:\/\/espaceval.ch\/de\/1er-anniversaire\/#primaryimage","url":"https:\/\/espaceval.ch\/wp-content\/uploads\/2021\/06\/1-an.png","contentUrl":"https:\/\/espaceval.ch\/wp-content\/uploads\/2021\/06\/1-an.png","width":320,"height":200},{"@type":"BreadcrumbList","@id":"https:\/\/espaceval.ch\/de\/1er-anniversaire\/#breadcrumb","itemListElement":[{"@type":"ListItem","position":1,"name":"Accueil","item":"https:\/\/espaceval.ch\/de\/"},{"@type":"ListItem","position":2,"name":"1er anniversaire"}]},{"@type":"WebSite","@id":"https:\/\/espaceval.ch\/de\/#website","url":"https:\/\/espaceval.ch\/de\/","name":"espaceVAL","description":"Vitalit\u00e9 | Activit\u00e9 | Loisirs","potentialAction":[{"@type":"SearchAction","target":{"@type":"EntryPoint","urlTemplate":"https:\/\/espaceval.ch\/de\/?s={search_term_string}"},"query-input":{"@type":"PropertyValueSpecification","valueRequired":true,"valueName":"search_term_string"}}],"inLanguage":"de"},{"@type":"Person","@id":"https:\/\/espaceval.ch\/de\/#\/schema\/person\/dd22f242f1b18501ae5a3b4ed941822b","name":"espaceVAL","image":{"@type":"ImageObject","inLanguage":"de","@id":"https:\/\/espaceval.ch\/de\/#\/schema\/person\/image\/","url":"https:\/\/secure.gravatar.com\/avatar\/87b3bc56f2fe224bdc10a24865523d0bd8f784e13f8c5e0d6b1921e68f16e737?s=96&d=mm&r=g","contentUrl":"https:\/\/secure.gravatar.com\/avatar\/87b3bc56f2fe224bdc10a24865523d0bd8f784e13f8c5e0d6b1921e68f16e737?s=96&d=mm&r=g","caption":"espaceVAL"},"url":"https:\/\/espaceval.ch\/de\/author\/tpage\/"}]}},"_links":{"self":[{"href":"https:\/\/espaceval.ch\/de\/wp-json\/wp\/v2\/posts\/4048","targetHints":{"allow":["GET"]}}],"collection":[{"href":"https:\/\/espaceval.ch\/de\/wp-json\/wp\/v2\/posts"}],"about":[{"href":"https:\/\/espaceval.ch\/de\/wp-json\/wp\/v2\/types\/post"}],"author":[{"embeddable":true,"href":"https:\/\/espaceval.ch\/de\/wp-json\/wp\/v2\/users\/3"}],"replies":[{"embeddable":true,"href":"https:\/\/espaceval.ch\/de\/wp-json\/wp\/v2\/comments?post=4048"}],"version-history":[{"count":11,"href":"https:\/\/espaceval.ch\/de\/wp-json\/wp\/v2\/posts\/4048\/revisions"}],"predecessor-version":[{"id":4088,"href":"https:\/\/espaceval.ch\/de\/wp-json\/wp\/v2\/posts\/4048\/revisions\/4088"}],"wp:featuredmedia":[{"embeddable":true,"href":"https:\/\/espaceval.ch\/de\/wp-json\/wp\/v2\/media\/4055"}],"wp:attachment":[{"href":"https:\/\/espaceval.ch\/de\/wp-json\/wp\/v2\/media?parent=4048"}],"wp:term":[{"taxonomy":"category","embeddable":true,"href":"https:\/\/espaceval.ch\/de\/wp-json\/wp\/v2\/categories?post=4048"},{"taxonomy":"post_tag","embeddable":true,"href":"https:\/\/espaceval.ch\/de\/wp-json\/wp\/v2\/tags?post=4048"}],"curies":[{"name":"wp","href":"https:\/\/api.w.org\/{rel}","templated":true}]}}