{"id":11597,"date":"2025-07-15T12:12:25","date_gmt":"2025-07-15T12:12:25","guid":{"rendered":"https:\/\/espaceval.ch\/?p=11597"},"modified":"2026-03-02T14:28:03","modified_gmt":"2026-03-02T14:28:03","slug":"forum-des-associations-du-val-de-travers","status":"publish","type":"post","link":"https:\/\/espaceval.ch\/de\/forum-des-associations-du-val-de-travers\/","title":{"rendered":"Forum des associations du Val-de-Travers"},"content":{"rendered":"<p>[et_pb_section fb_built=&#8220;1&#8243; fullwidth=&#8220;on&#8220; admin_label=&#8220;Call to Action&#8220; _builder_version=&#8220;4.16&#8243; animation_style=&#8220;slide&#8220; animation_direction=&#8220;bottom&#8220; animation_intensity_slide=&#8220;6%&#8220; animation_starting_opacity=&#8220;100%&#8220; locked=&#8220;off&#8220; global_colors_info=&#8220;{}&#8220;][et_pb_fullwidth_header title=&#8220;Forum des associations&#8220; button_one_url=&#8220;https:\/\/www.ecole-club.ch\/Offre\/Aquafitness-eau-non-profonde-VdT&#8211;E_1433423_1402&#8243; button_two_url=&#8220;https:\/\/www.ecole-club.ch\/Offre\/Aquafitness-eau-non-profonde-VdT&#8211;E_1433423_1402#\/book0#toppage&#8220; content_max_width=&#8220;800px&#8220; _builder_version=&#8220;4.27.2&#8243; title_level=&#8220;h2&#8243; title_font=&#8220;Montserrat|300|||||||&#8220; title_font_size=&#8220;58px&#8220; title_line_height=&#8220;1.2em&#8220; content_font=&#8220;|300|||||||&#8220; content_font_size=&#8220;16px&#8220; content_line_height=&#8220;1.8em&#8220; background_color=&#8220;rgba(255, 255, 255, 0)&#8220; use_background_color_gradient=&#8220;on&#8220; background_color_gradient_direction=&#8220;90deg&#8220; background_color_gradient_stops=&#8220;rgba(0,0,0,0.75) 0%|rgba(0,0,0,0) 100%&#8220; background_color_gradient_overlays_image=&#8220;on&#8220; background_color_gradient_start=&#8220;rgba(0,0,0,0.75)&#8220; background_color_gradient_end=&#8220;rgba(0,0,0,0)&#8220; background_image=&#8220;https:\/\/espaceval.ch\/wp-content\/uploads\/2025\/07\/Forum-des-associations-2025.jpg&#8220; custom_button_one=&#8220;on&#8220; button_one_text_size=&#8220;16px&#8220; button_one_bg_color=&#8220;#f5a378&#8243; button_one_border_width=&#8220;10px&#8220; button_one_border_color=&#8220;#f5a378&#8243; button_one_border_radius=&#8220;0px&#8220; button_one_letter_spacing=&#8220;0px&#8220; button_one_font=&#8220;|300||on|||||&#8220; button_one_use_icon=&#8220;off&#8220; button_one_custom_margin=&#8220;|5%|||false|false&#8220; custom_button_two=&#8220;on&#8220; button_two_text_size=&#8220;16px&#8220; button_two_text_color=&#8220;#ffffff&#8220; button_two_bg_color=&#8220;#ef7a3f&#8220; button_two_border_width=&#8220;10px&#8220; button_two_border_color=&#8220;#ef7a3f&#8220; button_two_border_radius=&#8220;0px&#8220; button_two_letter_spacing=&#8220;0px&#8220; button_two_font=&#8220;|300||on|||||&#8220; button_two_use_icon=&#8220;off&#8220; button_two_custom_margin=&#8220;|||0px|false|false&#8220; custom_margin=&#8220;|||&#8220; custom_padding=&#8220;8%||8%|&#8220; button_one_letter_spacing_hover=&#8220;1px&#8220; button_two_letter_spacing_hover=&#8220;1px&#8220; global_colors_info=&#8220;{}&#8220; button_one_text_size__hover_enabled=&#8220;off&#8220; button_two_text_size__hover_enabled=&#8220;off&#8220; button_one_text_color__hover_enabled=&#8220;off&#8220; button_two_text_color__hover_enabled=&#8220;off&#8220; button_one_border_width__hover_enabled=&#8220;off&#8220; button_two_border_width__hover_enabled=&#8220;off&#8220; button_one_border_color__hover_enabled=&#8220;on|hover&#8220; button_two_border_color__hover_enabled=&#8220;on|desktop&#8220; button_one_border_radius__hover_enabled=&#8220;off&#8220; button_two_border_radius__hover_enabled=&#8220;off&#8220; button_one_letter_spacing__hover_enabled=&#8220;off|desktop&#8220; button_one_letter_spacing__hover=&#8220;1px&#8220; button_two_letter_spacing__hover_enabled=&#8220;off|hover&#8220; button_two_letter_spacing__hover=&#8220;1px&#8220; button_one_bg_color__hover_enabled=&#8220;on|hover&#8220; button_two_bg_color__hover_enabled=&#8220;on|hover&#8220; button_one_bg_color__hover=&#8220;#e53f12&#8243; button_one_bg_enable_color__hover=&#8220;on&#8220; button_one_border_color__hover=&#8220;#e53f12&#8243; button_two_bg_color__hover=&#8220;#e53f12&#8243; button_two_bg_enable_color__hover=&#8220;on&#8220; button_two_border_color__hover=&#8220;#e53f12&#8243;]<\/p>\n<h3>Culture, loisirs, sports, coh\u00e9sion sociale<\/h3>\n<p>[\/et_pb_fullwidth_header][\/et_pb_section][et_pb_section fb_built=&#8220;1&#8243; _builder_version=&#8220;4.27.2&#8243; background_color=&#8220;#f37b1a&#8220; global_colors_info=&#8220;{}&#8220;][et_pb_row _builder_version=&#8220;4.16&#8243; _module_preset=&#8220;default&#8220; global_colors_info=&#8220;{}&#8220;][et_pb_column type=&#8220;4_4&#8243; _builder_version=&#8220;4.16&#8243; _module_preset=&#8220;default&#8220; global_colors_info=&#8220;{}&#8220;][et_pb_text _builder_version=&#8220;4.16&#8243; text_font=&#8220;|300|||||||&#8220; text_text_color=&#8220;#ffffff&#8220; text_font_size=&#8220;20px&#8220; text_line_height=&#8220;1.8em&#8220; header_font=&#8220;||||||||&#8220; text_orientation=&#8220;center&#8220; animation_direction=&#8220;left&#8220; locked=&#8220;off&#8220; global_colors_info=&#8220;{}&#8220;]<\/p>\n<p>Une manifestation sportive, une foire professionnelle ou une f\u00eate populaire ?<br \/> espaceVAL vous permet de participer \u00e0 toutes sortes d\u2019activit\u00e9s.<br \/>Vous pouvez m\u00eame proposer la v\u00f4tre !<\/p>\n<p>[\/et_pb_text][\/et_pb_column][\/et_pb_row][\/et_pb_section][et_pb_section fb_built=&#8220;1&#8243; _builder_version=&#8220;4.16&#8243; custom_padding=&#8220;0px|0px|0px|0px|false|false&#8220; global_colors_info=&#8220;{}&#8220;][et_pb_row column_structure=&#8220;3_5,2_5&#8243; use_custom_gutter=&#8220;on&#8220; gutter_width=&#8220;1&#8243; make_equal=&#8220;on&#8220; _builder_version=&#8220;4.16&#8243; width=&#8220;100%&#8220; max_width=&#8220;100%&#8220; custom_margin=&#8220;||||false|false&#8220; custom_padding=&#8220;0px||0px||false|false&#8220; global_colors_info=&#8220;{}&#8220;][et_pb_column type=&#8220;3_5&#8243; _builder_version=&#8220;4.16&#8243; custom_padding=&#8220;80px|5%|80px|80px|false|false&#8220; global_colors_info=&#8220;{}&#8220;][et_pb_text _builder_version=&#8220;4.16&#8243; header_2_font=&#8220;Montserrat|300|||||||&#8220; header_2_text_align=&#8220;left&#8220; header_2_font_size=&#8220;58px&#8220; custom_margin=&#8220;||15px||false|false&#8220; header_2_font_size_tablet=&#8220;&#8220; header_2_font_size_phone=&#8220;40px&#8220; header_2_font_size_last_edited=&#8220;on|phone&#8220; global_colors_info=&#8220;{}&#8220;]<\/p>\n<h2>1er forum des associations du Val-de-Travers<\/h2>\n<p>[\/et_pb_text][et_pb_divider _builder_version=&#8220;4.16&#8243; _module_preset=&#8220;default&#8220; width=&#8220;8%&#8220; global_colors_info=&#8220;{}&#8220;][\/et_pb_divider][et_pb_text _builder_version=&#8220;4.27.2&#8243; _module_preset=&#8220;default&#8220; custom_margin=&#8220;2px|||||&#8220; custom_padding=&#8220;||59px|||&#8220; global_colors_info=&#8220;{}&#8220;]<\/p>\n<p>Le temps d&#8217;une journ\u00e9e unique et rassembl\u00e9e dans le hall d&#8217;espaceVAL, plus d\u2019une trentaine d\u2019associations du Val-de-Travers vous feront d\u00e9couvrir leurs activit\u00e9s. <strong>Sport, culture, loisirs et coh\u00e9sion sociale<\/strong> : il y en aura pour tous les go\u00fbts et tous les \u00e2ges.<\/p>\n<p>Une occasion id\u00e9ale pour d\u00e9couvrir de nouvelles passions, rencontrer les b\u00e9n\u00e9voles engag\u00e9s et, pourquoi pas s\u2019impliquer \u00e0 son tour dans la vie associative de la r\u00e9gion.<\/p>\n<p>[\/et_pb_text][et_pb_text _builder_version=&#8220;4.16&#8243; header_2_font=&#8220;Montserrat|300|||||||&#8220; header_2_text_align=&#8220;left&#8220; header_2_font_size=&#8220;58px&#8220; custom_margin=&#8220;||15px||false|false&#8220; header_2_font_size_tablet=&#8220;&#8220; header_2_font_size_phone=&#8220;40px&#8220; header_2_font_size_last_edited=&#8220;on|phone&#8220; global_colors_info=&#8220;{}&#8220;]<\/p>\n<h2>Des initiations pour tout le monde<\/h2>\n<p>[\/et_pb_text][et_pb_divider _builder_version=&#8220;4.16&#8243; _module_preset=&#8220;default&#8220; width=&#8220;8%&#8220; global_colors_info=&#8220;{}&#8220;][\/et_pb_divider][et_pb_text _builder_version=&#8220;4.27.2&#8243; _module_preset=&#8220;default&#8220; custom_margin=&#8220;2px|||||&#8220; custom_padding=&#8220;||59px|||&#8220; global_colors_info=&#8220;{}&#8220;]<\/p>\n<p data-start=\"185\" data-end=\"433\">Tout au long de la journ\u00e9e, une vingtaine d\u2019associations locales vous proposeront des initiations vari\u00e9es pour tous les \u00e2ges. Que ce soit en salle, en ext\u00e9rieur ou \u00e0 la piscine, il y aura mille fa\u00e7ons de bouger, d\u00e9couvrir et s\u2019amuser !<\/p>\n<p data-start=\"435\" data-end=\"662\">Pensez \u00e0 venir \u00e9quip\u00e9 : pr\u00e9voyez une tenue de sport pour les activit\u00e9s en int\u00e9rieur et\/ou en ext\u00e9rieur, ainsi que des affaires de piscine si vous souhaitez participer \u00e0 l\u2019atelier du club de natation.<\/p>\n<p data-start=\"664\" data-end=\"850\"><strong data-start=\"667\" data-end=\"693\">Et ce n\u2019est pas tout !<\/strong> En participant \u00e0 <strong data-start=\"711\" data-end=\"738\">au moins cinq activit\u00e9s<\/strong>, vous aurez la chance de <strong data-start=\"764\" data-end=\"794\">remporter de superbes prix<\/strong>.<\/p>\n<p>[\/et_pb_text][et_pb_text _builder_version=&#8220;4.16&#8243; header_2_font=&#8220;Montserrat|300|||||||&#8220; header_2_text_align=&#8220;left&#8220; header_2_font_size=&#8220;58px&#8220; custom_margin=&#8220;||15px||false|false&#8220; header_2_font_size_tablet=&#8220;&#8220; header_2_font_size_phone=&#8220;40px&#8220; header_2_font_size_last_edited=&#8220;on|phone&#8220; global_colors_info=&#8220;{}&#8220;]<\/p>\n<h2>Piscine gratuite<\/h2>\n<p>[\/et_pb_text][et_pb_divider _builder_version=&#8220;4.16&#8243; _module_preset=&#8220;default&#8220; width=&#8220;8%&#8220; global_colors_info=&#8220;{}&#8220;][\/et_pb_divider][et_pb_text _builder_version=&#8220;4.27.2&#8243; _module_preset=&#8220;default&#8220; custom_margin=&#8220;2px|||||&#8220; custom_padding=&#8220;||59px|||&#8220; global_colors_info=&#8220;{}&#8220;]<\/p>\n<p>Pendant toute la journ\u00e9e, profitez de l&#8217;entr\u00e9e gratuite \u00e0 la piscine d&#8217;espaceVAL !<\/p>\n<p>[\/et_pb_text][et_pb_image src=&#8220;https:\/\/espaceval.ch\/wp-content\/uploads\/2025\/07\/Forum-associations.jpg&#8220; title_text=&#8220;Forum associations&#8220; _builder_version=&#8220;4.27.2&#8243; _module_preset=&#8220;default&#8220; width=&#8220;80%&#8220; module_alignment=&#8220;center&#8220; global_colors_info=&#8220;{}&#8220;][\/et_pb_image][\/et_pb_column][et_pb_column type=&#8220;2_5&#8243; _builder_version=&#8220;4.16&#8243; custom_padding=&#8220;80px|5%|80px|80px|false|false&#8220; global_colors_info=&#8220;{}&#8220;][et_pb_text disabled_on=&#8220;off|off|off&#8220; _builder_version=&#8220;4.27.2&#8243; header_2_font=&#8220;Montserrat|300|||||||&#8220; header_2_text_align=&#8220;left&#8220; header_2_font_size=&#8220;58px&#8220; custom_margin=&#8220;||15px||false|false&#8220; header_2_font_size_tablet=&#8220;&#8220; header_2_font_size_phone=&#8220;40px&#8220; header_2_font_size_last_edited=&#8220;on|phone&#8220; global_colors_info=&#8220;{}&#8220;]<\/p>\n<h2>Liste des associations<\/h2>\n<p>[\/et_pb_text][et_pb_divider disabled_on=&#8220;off|off|off&#8220; _builder_version=&#8220;4.27.2&#8243; _module_preset=&#8220;default&#8220; width=&#8220;8%&#8220; global_colors_info=&#8220;{}&#8220;][\/et_pb_divider][et_pb_text disabled_on=&#8220;off|off|off&#8220; _builder_version=&#8220;4.27.2&#8243; _module_preset=&#8220;default&#8220; custom_margin=&#8220;2px|||||&#8220; custom_padding=&#8220;||59px|||&#8220; global_colors_info=&#8220;{}&#8220;]<\/p>\n<table style=\"border-collapse: collapse; width: 100%; height: 888px;\" border=\"1\">\n<tbody>\n<tr style=\"height: 24px;\">\n<td style=\"font-weight: 400; width: 50%; height: 24px;\" width=\"596\">A\u00e9ro-club du VDT<\/td>\n<td style=\"width: 50%; height: 24px;\">Loisirs<\/td>\n<\/tr>\n<tr style=\"height: 24px;\">\n<td style=\"font-weight: 400; width: 50%; height: 24px;\">Association des Amis du Mus\u00e9e R\u00e9gional du Val-de-Travers<\/td>\n<td style=\"width: 50%; height: 24px;\">Loisirs<\/td>\n<\/tr>\n<tr style=\"height: 24px;\">\n<td style=\"font-weight: 400; width: 50%; height: 24px;\">Association Jayel Films<\/td>\n<td style=\"width: 50%; height: 24px;\">Culture<\/td>\n<\/tr>\n<tr style=\"height: 24px;\">\n<td style=\"font-weight: 400; width: 50%; height: 24px;\">Association Mood Events<\/td>\n<td style=\"width: 50%; height: 24px;\">Loisirs<\/td>\n<\/tr>\n<tr style=\"height: 24px;\">\n<td style=\"font-weight: 400; width: 50%; height: 24px;\">Association Swiss Canyon Trail<\/td>\n<td style=\"width: 50%; height: 24px;\">Sport<\/td>\n<\/tr>\n<tr style=\"height: 24px;\">\n<td style=\"font-weight: 400; width: 50%; height: 24px;\">AVIVO Val-de-Travers<\/td>\n<td style=\"width: 50%; height: 24px;\">Coh\u00e9sion sociale<\/td>\n<\/tr>\n<tr style=\"height: 24px;\">\n<td style=\"font-weight: 400; width: 50%; height: 24px;\">Badminton-Club Val-de-Travers<\/td>\n<td style=\"width: 50%; height: 24px;\">Sport<\/td>\n<\/tr>\n<tr style=\"height: 24px;\">\n<td style=\"font-weight: 400; width: 50%; height: 24px;\">Barak<\/td>\n<td style=\"width: 50%; height: 24px;\">Coh\u00e9sion sociale<\/td>\n<\/tr>\n<tr style=\"height: 24px;\">\n<td style=\"font-weight: 400; width: 50%; height: 24px;\">Batterie 14 M\u00f4tiers<\/td>\n<td style=\"width: 50%; height: 24px;\">Loisirs<\/td>\n<\/tr>\n<tr style=\"height: 24px;\">\n<td style=\"font-weight: 400; width: 50%; height: 24px;\">Centre d\u2019accueil de Couvet pour les Mineurs non accompagn\u00e9s (Service des Migrations de Neuch\u00e2tel)<\/td>\n<td style=\"width: 50%; height: 24px;\">Coh\u00e9sion sociale<\/td>\n<\/tr>\n<tr style=\"height: 24px;\">\n<td style=\"font-weight: 400; width: 50%; height: 24px;\">Ch\u0153ur de l&#8217;Amiti\u00e9<\/td>\n<td style=\"width: 50%; height: 24px;\">Culture<\/td>\n<\/tr>\n<tr style=\"height: 24px;\">\n<td style=\"font-weight: 400; width: 50%; height: 24px;\">Club d&#8217;accord\u00e9onistes Areusia-Aurore<\/td>\n<td style=\"width: 50%; height: 24px;\">Culture<\/td>\n<\/tr>\n<tr style=\"height: 24px;\">\n<td style=\"font-weight: 400; width: 50%; height: 24px;\">Club de natation et de sauvetage du Val-de-Travers<\/td>\n<td style=\"width: 50%; height: 24px;\">Sport<\/td>\n<\/tr>\n<tr style=\"height: 24px;\">\n<td style=\"font-weight: 400; width: 50%; height: 24px;\">Club de patinage artistique Val-de-Travers<\/td>\n<td style=\"width: 50%; height: 24px;\">Sport<\/td>\n<\/tr>\n<tr style=\"height: 24px;\">\n<td style=\"font-weight: 400; width: 50%; height: 24px;\">CORA<\/td>\n<td style=\"width: 50%; height: 24px;\">Coh\u00e9sion sociale<\/td>\n<\/tr>\n<tr style=\"height: 24px;\">\n<td style=\"font-weight: 400; width: 50%; height: 24px;\">Cross-Club Les F\u00e9es<\/td>\n<td style=\"width: 50%; height: 24px;\">Sport<\/td>\n<\/tr>\n<tr style=\"height: 24px;\">\n<td style=\"font-weight: 400; width: 50%; height: 24px;\">Fanfare La Pers\u00e9v\u00e9rante Travers<\/td>\n<td style=\"width: 50%; height: 24px;\">Culture<\/td>\n<\/tr>\n<tr style=\"height: 24px;\">\n<td style=\"font-weight: 400; width: 50%; height: 24px;\">Fanfare L&#8217;Harmonie de M\u00f4tiers<\/td>\n<td style=\"width: 50%; height: 24px;\">Culture<\/td>\n<\/tr>\n<tr style=\"height: 24px;\">\n<td style=\"font-weight: 400; width: 50%; height: 24px;\">Fanfare L&#8217;Union St-Sulpice<\/td>\n<td style=\"width: 50%; height: 24px;\">Culture<\/td>\n<\/tr>\n<tr style=\"height: 24px;\">\n<td style=\"font-weight: 400; width: 50%; height: 24px;\">FC Val-de-Travers<\/td>\n<td style=\"width: 50%; height: 24px;\">Sport<\/td>\n<\/tr>\n<tr style=\"height: 24px;\">\n<td style=\"font-weight: 400; width: 50%; height: 24px;\">F\u00e9d\u00e9ration de tir du Val-de-Travers<\/td>\n<td style=\"width: 50%; height: 24px;\">Sport<\/td>\n<\/tr>\n<tr style=\"height: 24px;\">\n<td style=\"font-weight: 400; width: 50%; height: 24px;\">Fondation Carrefour<\/td>\n<td style=\"width: 50%; height: 24px;\">Coh\u00e9sion sociale<\/td>\n<\/tr>\n<tr style=\"height: 24px;\">\n<td style=\"font-weight: 400; width: 50%; height: 24px;\">FSG Couvet<\/td>\n<td style=\"width: 50%; height: 24px;\">Sport<\/td>\n<\/tr>\n<tr style=\"height: 24px;\">\n<td style=\"font-weight: 400; width: 50%; height: 24px;\">FSG M\u00f4tiers<\/td>\n<td style=\"width: 50%; height: 24px;\">Sport<\/td>\n<\/tr>\n<tr style=\"height: 24px;\">\n<td style=\"font-weight: 400; width: 50%; height: 24px;\">FSG Travers<\/td>\n<td style=\"width: 50%; height: 24px;\">Sport<\/td>\n<\/tr>\n<tr style=\"height: 24px;\">\n<td style=\"font-weight: 400; width: 50%; height: 24px;\">Scouts Les Flambeaux de l&#8217;Evangile<\/td>\n<td style=\"width: 50%; height: 24px;\">Loisirs<\/td>\n<\/tr>\n<tr style=\"height: 24px;\">\n<td style=\"font-weight: 400; width: 50%; height: 24px;\">ScoutsTrois-Raisses<\/td>\n<td style=\"width: 50%; height: 24px;\">Loisirs<\/td>\n<\/tr>\n<tr style=\"height: 24px;\">\n<td style=\"font-weight: 400; width: 50%; height: 24px;\">Karat\u00e9 club Val-de-Travers Shintaikan<\/td>\n<td style=\"width: 50%; height: 24px;\">Sport<\/td>\n<\/tr>\n<tr style=\"height: 24px;\">\n<td style=\"font-weight: 400; width: 50%; height: 24px;\">La Toupie<\/td>\n<td style=\"width: 50%; height: 24px;\">Coh\u00e9sion sociale<\/td>\n<\/tr>\n<tr style=\"height: 24px;\">\n<td style=\"font-weight: 400; width: 50%; height: 24px;\">Nantibatingou<\/td>\n<td style=\"width: 50%; height: 24px;\">Coh\u00e9sion sociale<\/td>\n<\/tr>\n<tr style=\"height: 24px;\">\n<td style=\"font-weight: 400; width: 50%; height: 24px;\">Pro Junior<\/td>\n<td style=\"width: 50%; height: 24px;\">Coh\u00e9sion sociale<\/td>\n<\/tr>\n<tr style=\"height: 24px;\">\n<td style=\"font-weight: 400; width: 50%; height: 24px;\">Ski-Club de Buttes<\/td>\n<td style=\"width: 50%; height: 24px;\">Sport<\/td>\n<\/tr>\n<tr style=\"height: 24px;\">\n<td style=\"font-weight: 400; width: 50%; height: 24px;\" width=\"596\">Soci\u00e9t\u00e9 de Tir sportif au pistolet l&#8217;Avant-garde et Noble Corporation des Abbayes de Travers<\/td>\n<td style=\"width: 50%; height: 24px;\">Sport<\/td>\n<\/tr>\n<tr style=\"height: 24px;\">\n<td style=\"font-weight: 400; width: 50%; height: 24px;\">Soci\u00e9t\u00e9 des Paysannes du Val-de-Travers<\/td>\n<td style=\"width: 50%; height: 24px;\">Coh\u00e9sion sociale<\/td>\n<\/tr>\n<tr style=\"height: 24px;\">\n<td style=\"font-weight: 400; width: 50%; height: 24px;\">Soci\u00e9t\u00e9 philanthropique suisse UNION cercle du Val-de-Travers<\/td>\n<td style=\"width: 50%; height: 24px;\">Loisirs<\/td>\n<\/tr>\n<tr style=\"height: 24px;\">\n<td style=\"font-weight: 400; width: 50%; height: 24px;\">Tennis-Club Val-de-Travers<\/td>\n<td style=\"width: 50%; height: 24px;\">Sport<\/td>\n<\/tr>\n<\/tbody>\n<\/table>\n<p>[\/et_pb_text][\/et_pb_column][\/et_pb_row][\/et_pb_section][et_pb_section fb_built=&#8220;1&#8243; disabled_on=&#8220;on|on|on&#8220; _builder_version=&#8220;4.27.2&#8243; custom_padding=&#8220;0px|0px|0px|0px|false|false&#8220; disabled=&#8220;on&#8220; global_colors_info=&#8220;{}&#8220;][et_pb_row use_custom_gutter=&#8220;on&#8220; gutter_width=&#8220;1&#8243; make_equal=&#8220;on&#8220; _builder_version=&#8220;4.16&#8243; width=&#8220;100%&#8220; max_width=&#8220;100%&#8220; custom_margin=&#8220;||||false|false&#8220; custom_padding=&#8220;0px||0px||false|false&#8220; global_colors_info=&#8220;{}&#8220;][et_pb_column type=&#8220;4_4&#8243; _builder_version=&#8220;4.16&#8243; custom_padding=&#8220;80px|5%|80px|80px|false|false&#8220; global_colors_info=&#8220;{}&#8220;][et_pb_text _builder_version=&#8220;4.16&#8243; header_2_font=&#8220;Montserrat|300|||||||&#8220; header_2_text_align=&#8220;left&#8220; header_2_font_size=&#8220;58px&#8220; custom_margin=&#8220;||15px||false|false&#8220; header_2_font_size_tablet=&#8220;&#8220; header_2_font_size_phone=&#8220;40px&#8220; header_2_font_size_last_edited=&#8220;on|phone&#8220; global_colors_info=&#8220;{}&#8220;]<\/p>\n<h2>Acc\u00e8s et parkings<\/h2>\n<p>[\/et_pb_text][et_pb_divider _builder_version=&#8220;4.16&#8243; _module_preset=&#8220;default&#8220; width=&#8220;8%&#8220; global_colors_info=&#8220;{}&#8220;][\/et_pb_divider][et_pb_text _builder_version=&#8220;4.20.4&#8243; _module_preset=&#8220;default&#8220; custom_margin=&#8220;2px|||||&#8220; custom_padding=&#8220;||59px|||&#8220; global_colors_info=&#8220;{}&#8220;]<\/p>\n<p>\u00a0<strong style=\"font-size: 14px;\">Veuillez pr\u00e9f\u00e9rer les transports publiques \u00e0 la voiture. En effet, la gare de Couvet se situe \u00e0 800m \u00e0 pieds d&#8217;espaceVAL \ud83d\ude42<\/strong><\/p>\n<p>[\/et_pb_text][et_pb_image src=&#8220;https:\/\/espaceval.ch\/wp-content\/uploads\/2024\/05\/BCN-Tour-espaceVAL-parking.jpg&#8220; title_text=&#8220;BCN Tour espaceVAL parking&#8220; show_in_lightbox=&#8220;on&#8220; align=&#8220;center&#8220; _builder_version=&#8220;4.25.0&#8243; _module_preset=&#8220;default&#8220; global_colors_info=&#8220;{}&#8220;][\/et_pb_image][\/et_pb_column][\/et_pb_row][\/et_pb_section][et_pb_section fb_built=&#8220;1&#8243; _builder_version=&#8220;4.27.2&#8243; background_color=&#8220;#f37b1a&#8220; custom_padding=&#8220;0px||0px|||&#8220; global_colors_info=&#8220;{}&#8220;][et_pb_row column_structure=&#8220;1_2,1_2&#8243; use_custom_gutter=&#8220;on&#8220; gutter_width=&#8220;1&#8243; make_equal=&#8220;on&#8220; _builder_version=&#8220;4.27.2&#8243; background_color=&#8220;#f37b1a&#8220; width=&#8220;100%&#8220; max_width=&#8220;100%&#8220; custom_margin=&#8220;-2px|auto||auto|false|false&#8220; custom_padding=&#8220;0px||0px||false|false&#8220; global_colors_info=&#8220;{}&#8220;][et_pb_column type=&#8220;1_2&#8243; _builder_version=&#8220;4.16&#8243; custom_padding=&#8220;80px|5%|80px|80px|false|false&#8220; global_colors_info=&#8220;{}&#8220;][et_pb_blurb title=&#8220;Date&#8220; use_icon=&#8220;on&#8220; font_icon=&#8220;&#xe023;||divi||400&#8243; icon_color=&#8220;#ffffff&#8220; _builder_version=&#8220;4.16&#8243; header_font=&#8220;|300|||||||&#8220; header_font_size=&#8220;30px&#8220; header_line_height=&#8220;1.2em&#8220; body_font=&#8220;|300|||||||&#8220; background_layout=&#8220;dark&#8220; custom_padding=&#8220;||0px|||&#8220; global_colors_info=&#8220;{}&#8220;]<\/p>\n<p style=\"text-align: left;\">Samedi 30 ao\u00fbt 2025<br \/>09h00 &#8211; 17h00<br \/>espaceVAL<\/p>\n<p style=\"text-align: left;\">\n<p>[\/et_pb_blurb][\/et_pb_column][et_pb_column type=&#8220;1_2&#8243; _builder_version=&#8220;4.16&#8243; custom_padding=&#8220;80px|5%|80px|80px|false|false&#8220; custom_padding_tablet=&#8220;&#8220; custom_padding_phone=&#8220;0px|10%|80px|80px|false|false&#8220; custom_padding_last_edited=&#8220;on|phone&#8220; global_colors_info=&#8220;{}&#8220;][et_pb_blurb title=&#8220;Petite restauration&#8220; use_icon=&#8220;on&#8220; font_icon=&#8220;&#xf2e7;||fa||900&#8243; icon_color=&#8220;#ffffff&#8220; _builder_version=&#8220;4.27.2&#8243; header_font=&#8220;|300|||||||&#8220; header_font_size=&#8220;30px&#8220; header_line_height=&#8220;1.2em&#8220; body_font=&#8220;|300|||||||&#8220; background_layout=&#8220;dark&#8220; custom_padding=&#8220;||0px|||&#8220; global_colors_info=&#8220;{}&#8220;]<\/p>\n<p style=\"text-align: left;\">La Soci\u00e9t\u00e9 des Paysannes du Val-de-Travers proposera de la petite restauration sur place.<\/p>\n<p style=\"text-align: left;\">[\/et_pb_blurb][\/et_pb_column][\/et_pb_row][\/et_pb_section][et_pb_section fb_built=&#8220;1&#8243; disabled_on=&#8220;off|off|off&#8220; admin_label=&#8220;Sign Up Section&#8220; _builder_version=&#8220;4.27.4&#8243; background_color=&#8220;#f7f7f7&#8243; custom_padding=&#8220;70px||16px|||&#8220; hover_enabled=&#8220;0&#8243; global_colors_info=&#8220;{}&#8220; sticky_enabled=&#8220;0&#8243;][et_pb_row _builder_version=&#8220;4.16&#8243; custom_padding=&#8220;||8px|||&#8220; global_colors_info=&#8220;{}&#8220;][et_pb_column type=&#8220;4_4&#8243; _builder_version=&#8220;4.16&#8243; global_colors_info=&#8220;{}&#8220;][et_pb_text _builder_version=&#8220;4.16&#8243; header_2_font=&#8220;Montserrat|300|||||||&#8220; header_2_text_align=&#8220;left&#8220; header_2_font_size=&#8220;58px&#8220; custom_margin=&#8220;||15px||false|false&#8220; header_2_font_size_tablet=&#8220;&#8220; header_2_font_size_phone=&#8220;40px&#8220; header_2_font_size_last_edited=&#8220;on|phone&#8220; global_colors_info=&#8220;{}&#8220;]<\/p>\n<div class=\"et_pb_module et_pb_text et_pb_text_3  et_pb_text_align_left et_pb_bg_layout_light\">\n<div class=\"et_pb_text_inner\">\n<h2>Retour en images<\/h2>\n<\/div>\n<\/div>\n<p>[\/et_pb_text][et_pb_divider _builder_version=&#8220;4.16&#8243; _module_preset=&#8220;default&#8220; width=&#8220;8%&#8220; global_colors_info=&#8220;{}&#8220;][\/et_pb_divider][et_pb_gallery _builder_version=&#8220;4.27.4&#8243; _module_preset=&#8220;default&#8220; gallery_ids=&#8220;12118,12116,12114,12112,12110,12108,12106,12104,12102,12100,12098,12096,12094,12092,12090&#8243; hover_enabled=&#8220;0&#8243; sticky_enabled=&#8220;0&#8243; show_title_and_caption=&#8220;off&#8220; gallery_orderby=&#8220;rand&#8220;][\/et_pb_gallery][et_pb_text _builder_version=&#8220;4.20.4&#8243; _module_preset=&#8220;default&#8220; custom_margin=&#8220;2px|||||&#8220; custom_padding=&#8220;||59px|||&#8220; global_colors_info=&#8220;{}&#8220;]<\/p>\n<p>Photos : St\u00e9phanie Wenker Photography<\/p>\n<p>[\/et_pb_text][\/et_pb_column][\/et_pb_row][\/et_pb_section]<\/p>\n","protected":false},"excerpt":{"rendered":"<p>Le temps d&#8217;une journ\u00e9e unique \u00e0 espaceVAL, plus d\u2019une trentaine d\u2019associations du Val-de-Travers vous feront d\u00e9couvrir leurs activit\u00e9s<\/p>\n","protected":false},"author":3,"featured_media":11611,"comment_status":"closed","ping_status":"open","sticky":false,"template":"","format":"standard","meta":{"_et_pb_use_builder":"on","_et_pb_old_content":"","_et_gb_content_width":"","_monsterinsights_skip_tracking":false,"_monsterinsights_sitenote_active":false,"_monsterinsights_sitenote_note":"","_monsterinsights_sitenote_category":0,"footnotes":""},"categories":[13,30],"tags":[],"class_list":["post-11597","post","type-post","status-publish","format-standard","has-post-thumbnail","hentry","category-actualite","category-manifestation-passee"],"yoast_head":"<!-- This site is optimized with the Yoast SEO plugin v25.6 - https:\/\/yoast.com\/wordpress\/plugins\/seo\/ -->\n<title>Forum des associations du Val-de-Travers - espaceVAL<\/title>\n<meta name=\"description\" content=\"Le temps d&#039;une journ\u00e9e unique \u00e0 espaceVAL, plus d\u2019une trentaine d\u2019associations du Val-de-Travers vous feront d\u00e9couvrir leurs activit\u00e9s\" \/>\n<meta name=\"robots\" content=\"index, follow, max-snippet:-1, max-image-preview:large, max-video-preview:-1\" \/>\n<link rel=\"canonical\" href=\"https:\/\/espaceval.ch\/de\/forum-des-associations-du-val-de-travers\/\" \/>\n<meta property=\"og:locale\" content=\"de_DE\" \/>\n<meta property=\"og:type\" content=\"article\" \/>\n<meta property=\"og:title\" content=\"Forum des associations du Val-de-Travers - espaceVAL\" \/>\n<meta property=\"og:description\" content=\"Le temps d&#039;une journ\u00e9e unique \u00e0 espaceVAL, plus d\u2019une trentaine d\u2019associations du Val-de-Travers vous feront d\u00e9couvrir leurs activit\u00e9s\" \/>\n<meta property=\"og:url\" content=\"https:\/\/espaceval.ch\/de\/forum-des-associations-du-val-de-travers\/\" \/>\n<meta property=\"og:site_name\" content=\"espaceVAL\" \/>\n<meta property=\"article:published_time\" content=\"2025-07-15T12:12:25+00:00\" \/>\n<meta property=\"article:modified_time\" content=\"2026-03-02T14:28:03+00:00\" \/>\n<meta property=\"og:image\" content=\"https:\/\/espaceval.ch\/wp-content\/uploads\/2025\/07\/Forum-Val-de-Travers-associations.jpg\" \/>\n\t<meta property=\"og:image:width\" content=\"960\" \/>\n\t<meta property=\"og:image:height\" content=\"600\" \/>\n\t<meta property=\"og:image:type\" content=\"image\/jpeg\" \/>\n<meta name=\"author\" content=\"espaceVAL\" \/>\n<meta name=\"twitter:card\" content=\"summary_large_image\" \/>\n<meta name=\"twitter:label1\" content=\"Verfasst von\" \/>\n\t<meta name=\"twitter:data1\" content=\"espaceVAL\" \/>\n\t<meta name=\"twitter:label2\" content=\"Gesch\u00e4tzte Lesezeit\" \/>\n\t<meta name=\"twitter:data2\" content=\"3\u00a0Minuten\" \/>\n<script type=\"application\/ld+json\" class=\"yoast-schema-graph\">{\"@context\":\"https:\/\/schema.org\",\"@graph\":[{\"@type\":\"WebPage\",\"@id\":\"https:\/\/espaceval.ch\/de\/forum-des-associations-du-val-de-travers\/\",\"url\":\"https:\/\/espaceval.ch\/de\/forum-des-associations-du-val-de-travers\/\",\"name\":\"Forum des associations du Val-de-Travers - espaceVAL\",\"isPartOf\":{\"@id\":\"https:\/\/espaceval.ch\/de\/#website\"},\"primaryImageOfPage\":{\"@id\":\"https:\/\/espaceval.ch\/de\/forum-des-associations-du-val-de-travers\/#primaryimage\"},\"image\":{\"@id\":\"https:\/\/espaceval.ch\/de\/forum-des-associations-du-val-de-travers\/#primaryimage\"},\"thumbnailUrl\":\"https:\/\/espaceval.ch\/wp-content\/uploads\/2025\/07\/Forum-Val-de-Travers-associations.jpg\",\"datePublished\":\"2025-07-15T12:12:25+00:00\",\"dateModified\":\"2026-03-02T14:28:03+00:00\",\"author\":{\"@id\":\"https:\/\/espaceval.ch\/de\/#\/schema\/person\/dd22f242f1b18501ae5a3b4ed941822b\"},\"description\":\"Le temps d'une journ\u00e9e unique \u00e0 espaceVAL, plus d\u2019une trentaine d\u2019associations du Val-de-Travers vous feront d\u00e9couvrir leurs activit\u00e9s\",\"breadcrumb\":{\"@id\":\"https:\/\/espaceval.ch\/de\/forum-des-associations-du-val-de-travers\/#breadcrumb\"},\"inLanguage\":\"de\",\"potentialAction\":[{\"@type\":\"ReadAction\",\"target\":[\"https:\/\/espaceval.ch\/de\/forum-des-associations-du-val-de-travers\/\"]}]},{\"@type\":\"ImageObject\",\"inLanguage\":\"de\",\"@id\":\"https:\/\/espaceval.ch\/de\/forum-des-associations-du-val-de-travers\/#primaryimage\",\"url\":\"https:\/\/espaceval.ch\/wp-content\/uploads\/2025\/07\/Forum-Val-de-Travers-associations.jpg\",\"contentUrl\":\"https:\/\/espaceval.ch\/wp-content\/uploads\/2025\/07\/Forum-Val-de-Travers-associations.jpg\",\"width\":960,\"height\":600},{\"@type\":\"BreadcrumbList\",\"@id\":\"https:\/\/espaceval.ch\/de\/forum-des-associations-du-val-de-travers\/#breadcrumb\",\"itemListElement\":[{\"@type\":\"ListItem\",\"position\":1,\"name\":\"Accueil\",\"item\":\"https:\/\/espaceval.ch\/de\/\"},{\"@type\":\"ListItem\",\"position\":2,\"name\":\"Forum des associations du Val-de-Travers\"}]},{\"@type\":\"WebSite\",\"@id\":\"https:\/\/espaceval.ch\/de\/#website\",\"url\":\"https:\/\/espaceval.ch\/de\/\",\"name\":\"espaceVAL\",\"description\":\"Vitalit\u00e9 | Activit\u00e9 | Loisirs\",\"potentialAction\":[{\"@type\":\"SearchAction\",\"target\":{\"@type\":\"EntryPoint\",\"urlTemplate\":\"https:\/\/espaceval.ch\/de\/?s={search_term_string}\"},\"query-input\":{\"@type\":\"PropertyValueSpecification\",\"valueRequired\":true,\"valueName\":\"search_term_string\"}}],\"inLanguage\":\"de\"},{\"@type\":\"Person\",\"@id\":\"https:\/\/espaceval.ch\/de\/#\/schema\/person\/dd22f242f1b18501ae5a3b4ed941822b\",\"name\":\"espaceVAL\",\"image\":{\"@type\":\"ImageObject\",\"inLanguage\":\"de\",\"@id\":\"https:\/\/espaceval.ch\/de\/#\/schema\/person\/image\/\",\"url\":\"https:\/\/secure.gravatar.com\/avatar\/87b3bc56f2fe224bdc10a24865523d0bd8f784e13f8c5e0d6b1921e68f16e737?s=96&d=mm&r=g\",\"contentUrl\":\"https:\/\/secure.gravatar.com\/avatar\/87b3bc56f2fe224bdc10a24865523d0bd8f784e13f8c5e0d6b1921e68f16e737?s=96&d=mm&r=g\",\"caption\":\"espaceVAL\"},\"url\":\"https:\/\/espaceval.ch\/de\/author\/tpage\/\"}]}<\/script>\n<!-- \/ Yoast SEO plugin. -->","yoast_head_json":{"title":"Forum des associations du Val-de-Travers - espaceVAL","description":"Le temps d'une journ\u00e9e unique \u00e0 espaceVAL, plus d\u2019une trentaine d\u2019associations du Val-de-Travers vous feront d\u00e9couvrir leurs activit\u00e9s","robots":{"index":"index","follow":"follow","max-snippet":"max-snippet:-1","max-image-preview":"max-image-preview:large","max-video-preview":"max-video-preview:-1"},"canonical":"https:\/\/espaceval.ch\/de\/forum-des-associations-du-val-de-travers\/","og_locale":"de_DE","og_type":"article","og_title":"Forum des associations du Val-de-Travers - espaceVAL","og_description":"Le temps d'une journ\u00e9e unique \u00e0 espaceVAL, plus d\u2019une trentaine d\u2019associations du Val-de-Travers vous feront d\u00e9couvrir leurs activit\u00e9s","og_url":"https:\/\/espaceval.ch\/de\/forum-des-associations-du-val-de-travers\/","og_site_name":"espaceVAL","article_published_time":"2025-07-15T12:12:25+00:00","article_modified_time":"2026-03-02T14:28:03+00:00","og_image":[{"width":960,"height":600,"url":"https:\/\/espaceval.ch\/wp-content\/uploads\/2025\/07\/Forum-Val-de-Travers-associations.jpg","type":"image\/jpeg"}],"author":"espaceVAL","twitter_card":"summary_large_image","twitter_misc":{"Verfasst von":"espaceVAL","Gesch\u00e4tzte Lesezeit":"3\u00a0Minuten"},"schema":{"@context":"https:\/\/schema.org","@graph":[{"@type":"WebPage","@id":"https:\/\/espaceval.ch\/de\/forum-des-associations-du-val-de-travers\/","url":"https:\/\/espaceval.ch\/de\/forum-des-associations-du-val-de-travers\/","name":"Forum des associations du Val-de-Travers - espaceVAL","isPartOf":{"@id":"https:\/\/espaceval.ch\/de\/#website"},"primaryImageOfPage":{"@id":"https:\/\/espaceval.ch\/de\/forum-des-associations-du-val-de-travers\/#primaryimage"},"image":{"@id":"https:\/\/espaceval.ch\/de\/forum-des-associations-du-val-de-travers\/#primaryimage"},"thumbnailUrl":"https:\/\/espaceval.ch\/wp-content\/uploads\/2025\/07\/Forum-Val-de-Travers-associations.jpg","datePublished":"2025-07-15T12:12:25+00:00","dateModified":"2026-03-02T14:28:03+00:00","author":{"@id":"https:\/\/espaceval.ch\/de\/#\/schema\/person\/dd22f242f1b18501ae5a3b4ed941822b"},"description":"Le temps d'une journ\u00e9e unique \u00e0 espaceVAL, plus d\u2019une trentaine d\u2019associations du Val-de-Travers vous feront d\u00e9couvrir leurs activit\u00e9s","breadcrumb":{"@id":"https:\/\/espaceval.ch\/de\/forum-des-associations-du-val-de-travers\/#breadcrumb"},"inLanguage":"de","potentialAction":[{"@type":"ReadAction","target":["https:\/\/espaceval.ch\/de\/forum-des-associations-du-val-de-travers\/"]}]},{"@type":"ImageObject","inLanguage":"de","@id":"https:\/\/espaceval.ch\/de\/forum-des-associations-du-val-de-travers\/#primaryimage","url":"https:\/\/espaceval.ch\/wp-content\/uploads\/2025\/07\/Forum-Val-de-Travers-associations.jpg","contentUrl":"https:\/\/espaceval.ch\/wp-content\/uploads\/2025\/07\/Forum-Val-de-Travers-associations.jpg","width":960,"height":600},{"@type":"BreadcrumbList","@id":"https:\/\/espaceval.ch\/de\/forum-des-associations-du-val-de-travers\/#breadcrumb","itemListElement":[{"@type":"ListItem","position":1,"name":"Accueil","item":"https:\/\/espaceval.ch\/de\/"},{"@type":"ListItem","position":2,"name":"Forum des associations du Val-de-Travers"}]},{"@type":"WebSite","@id":"https:\/\/espaceval.ch\/de\/#website","url":"https:\/\/espaceval.ch\/de\/","name":"espaceVAL","description":"Vitalit\u00e9 | Activit\u00e9 | Loisirs","potentialAction":[{"@type":"SearchAction","target":{"@type":"EntryPoint","urlTemplate":"https:\/\/espaceval.ch\/de\/?s={search_term_string}"},"query-input":{"@type":"PropertyValueSpecification","valueRequired":true,"valueName":"search_term_string"}}],"inLanguage":"de"},{"@type":"Person","@id":"https:\/\/espaceval.ch\/de\/#\/schema\/person\/dd22f242f1b18501ae5a3b4ed941822b","name":"espaceVAL","image":{"@type":"ImageObject","inLanguage":"de","@id":"https:\/\/espaceval.ch\/de\/#\/schema\/person\/image\/","url":"https:\/\/secure.gravatar.com\/avatar\/87b3bc56f2fe224bdc10a24865523d0bd8f784e13f8c5e0d6b1921e68f16e737?s=96&d=mm&r=g","contentUrl":"https:\/\/secure.gravatar.com\/avatar\/87b3bc56f2fe224bdc10a24865523d0bd8f784e13f8c5e0d6b1921e68f16e737?s=96&d=mm&r=g","caption":"espaceVAL"},"url":"https:\/\/espaceval.ch\/de\/author\/tpage\/"}]}},"_links":{"self":[{"href":"https:\/\/espaceval.ch\/de\/wp-json\/wp\/v2\/posts\/11597","targetHints":{"allow":["GET"]}}],"collection":[{"href":"https:\/\/espaceval.ch\/de\/wp-json\/wp\/v2\/posts"}],"about":[{"href":"https:\/\/espaceval.ch\/de\/wp-json\/wp\/v2\/types\/post"}],"author":[{"embeddable":true,"href":"https:\/\/espaceval.ch\/de\/wp-json\/wp\/v2\/users\/3"}],"replies":[{"embeddable":true,"href":"https:\/\/espaceval.ch\/de\/wp-json\/wp\/v2\/comments?post=11597"}],"version-history":[{"count":17,"href":"https:\/\/espaceval.ch\/de\/wp-json\/wp\/v2\/posts\/11597\/revisions"}],"predecessor-version":[{"id":12122,"href":"https:\/\/espaceval.ch\/de\/wp-json\/wp\/v2\/posts\/11597\/revisions\/12122"}],"wp:featuredmedia":[{"embeddable":true,"href":"https:\/\/espaceval.ch\/de\/wp-json\/wp\/v2\/media\/11611"}],"wp:attachment":[{"href":"https:\/\/espaceval.ch\/de\/wp-json\/wp\/v2\/media?parent=11597"}],"wp:term":[{"taxonomy":"category","embeddable":true,"href":"https:\/\/espaceval.ch\/de\/wp-json\/wp\/v2\/categories?post=11597"},{"taxonomy":"post_tag","embeddable":true,"href":"https:\/\/espaceval.ch\/de\/wp-json\/wp\/v2\/tags?post=11597"}],"curies":[{"name":"wp","href":"https:\/\/api.w.org\/{rel}","templated":true}]}}