{"id":11437,"date":"2025-07-11T08:03:44","date_gmt":"2025-07-11T08:03:44","guid":{"rendered":"https:\/\/espaceval.ch\/?p=11437"},"modified":"2025-08-18T06:51:59","modified_gmt":"2025-08-18T06:51:59","slug":"fete-de-la-piscine-des-combes-2025","status":"publish","type":"post","link":"https:\/\/espaceval.ch\/de\/fete-de-la-piscine-des-combes-2025\/","title":{"rendered":"F\u00eate de la piscine des Combes &#8211; 2025"},"content":{"rendered":"<p>[et_pb_section fb_built=&#8220;1&#8243; fullwidth=&#8220;on&#8220; admin_label=&#8220;Call to Action&#8220; _builder_version=&#8220;4.16&#8243; animation_style=&#8220;slide&#8220; animation_direction=&#8220;bottom&#8220; animation_intensity_slide=&#8220;6%&#8220; animation_starting_opacity=&#8220;100%&#8220; locked=&#8220;off&#8220; global_colors_info=&#8220;{}&#8220;][et_pb_fullwidth_header title=&#8220;F\u00eate de la piscine des Combes&#8220; button_one_url=&#8220;https:\/\/www.ecole-club.ch\/Offre\/Aquafitness-eau-non-profonde-VdT&#8211;E_1433423_1402&#8243; button_two_url=&#8220;https:\/\/www.ecole-club.ch\/Offre\/Aquafitness-eau-non-profonde-VdT&#8211;E_1433423_1402#\/book0#toppage&#8220; content_max_width=&#8220;800px&#8220; _builder_version=&#8220;4.16&#8243; title_level=&#8220;h2&#8243; title_font=&#8220;Montserrat|300|||||||&#8220; title_font_size=&#8220;58px&#8220; title_line_height=&#8220;1.2em&#8220; content_font=&#8220;|300|||||||&#8220; content_font_size=&#8220;16px&#8220; content_line_height=&#8220;1.8em&#8220; background_color=&#8220;rgba(255, 255, 255, 0)&#8220; use_background_color_gradient=&#8220;on&#8220; background_color_gradient_direction=&#8220;90deg&#8220; background_color_gradient_stops=&#8220;rgba(0,0,0,0.75) 0%|rgba(0,0,0,0) 100%&#8220; background_color_gradient_overlays_image=&#8220;on&#8220; background_color_gradient_start=&#8220;rgba(0,0,0,0.75)&#8220; background_color_gradient_end=&#8220;rgba(0,0,0,0)&#8220; background_image=&#8220;https:\/\/espaceval.ch\/wp-content\/uploads\/2021\/06\/cool.jpg&#8220; custom_button_one=&#8220;on&#8220; button_one_text_size=&#8220;16px&#8220; button_one_bg_color=&#8220;#f5a378&#8243; button_one_border_width=&#8220;10px&#8220; button_one_border_color=&#8220;#f5a378&#8243; button_one_border_radius=&#8220;0px&#8220; button_one_letter_spacing=&#8220;0px&#8220; button_one_font=&#8220;|300||on|||||&#8220; button_one_use_icon=&#8220;off&#8220; button_one_custom_margin=&#8220;|5%|||false|false&#8220; custom_button_two=&#8220;on&#8220; button_two_text_size=&#8220;16px&#8220; button_two_text_color=&#8220;#ffffff&#8220; button_two_bg_color=&#8220;#ef7a3f&#8220; button_two_border_width=&#8220;10px&#8220; button_two_border_color=&#8220;#ef7a3f&#8220; button_two_border_radius=&#8220;0px&#8220; button_two_letter_spacing=&#8220;0px&#8220; button_two_font=&#8220;|300||on|||||&#8220; button_two_use_icon=&#8220;off&#8220; button_two_custom_margin=&#8220;|||0px|false|false&#8220; custom_margin=&#8220;|||&#8220; custom_padding=&#8220;8%||8%|&#8220; button_one_letter_spacing_hover=&#8220;1px&#8220; button_two_letter_spacing_hover=&#8220;1px&#8220; global_colors_info=&#8220;{}&#8220; button_one_text_size__hover_enabled=&#8220;off&#8220; button_two_text_size__hover_enabled=&#8220;off&#8220; button_one_text_color__hover_enabled=&#8220;off&#8220; button_two_text_color__hover_enabled=&#8220;off&#8220; button_one_border_width__hover_enabled=&#8220;off&#8220; button_two_border_width__hover_enabled=&#8220;off&#8220; button_one_border_color__hover_enabled=&#8220;on|hover&#8220; button_two_border_color__hover_enabled=&#8220;on|desktop&#8220; button_one_border_radius__hover_enabled=&#8220;off&#8220; button_two_border_radius__hover_enabled=&#8220;off&#8220; button_one_letter_spacing__hover_enabled=&#8220;off|desktop&#8220; button_one_letter_spacing__hover=&#8220;1px&#8220; button_two_letter_spacing__hover_enabled=&#8220;off|hover&#8220; button_two_letter_spacing__hover=&#8220;1px&#8220; button_one_bg_color__hover_enabled=&#8220;on|hover&#8220; button_two_bg_color__hover_enabled=&#8220;on|hover&#8220; button_one_bg_color__hover=&#8220;#e53f12&#8243; button_one_bg_enable_color__hover=&#8220;on&#8220; button_one_border_color__hover=&#8220;#e53f12&#8243; button_two_bg_color__hover=&#8220;#e53f12&#8243; button_two_bg_enable_color__hover=&#8220;on&#8220; button_two_border_color__hover=&#8220;#e53f12&#8243;]<\/p>\n<h3>Samedi 16 ao\u00fbt 2025<\/h3>\n<p>[\/et_pb_fullwidth_header][\/et_pb_section][et_pb_section fb_built=&#8220;1&#8243; _builder_version=&#8220;4.16&#8243; background_color=&#8220;#1fa6af&#8220; global_colors_info=&#8220;{}&#8220;][et_pb_row _builder_version=&#8220;4.16&#8243; _module_preset=&#8220;default&#8220; global_colors_info=&#8220;{}&#8220;][et_pb_column type=&#8220;4_4&#8243; _builder_version=&#8220;4.16&#8243; _module_preset=&#8220;default&#8220; global_colors_info=&#8220;{}&#8220;][et_pb_text _builder_version=&#8220;4.16&#8243; text_font=&#8220;|300|||||||&#8220; text_text_color=&#8220;#ffffff&#8220; text_font_size=&#8220;20px&#8220; text_line_height=&#8220;1.8em&#8220; header_font=&#8220;||||||||&#8220; text_orientation=&#8220;center&#8220; animation_direction=&#8220;left&#8220; locked=&#8220;off&#8220; global_colors_info=&#8220;{}&#8220;]<\/p>\n<p>Une manifestation sportive, une foire professionnelle ou une f\u00eate populaire ?<br \/> espaceVAL vous permet de participer \u00e0 toutes sortes d\u2019activit\u00e9s.<br \/>Vous pouvez m\u00eame proposer la v\u00f4tre !<\/p>\n<p>[\/et_pb_text][\/et_pb_column][\/et_pb_row][\/et_pb_section][et_pb_section fb_built=&#8220;1&#8243; _builder_version=&#8220;4.16&#8243; _module_preset=&#8220;default&#8220; background_color=&#8220;#FFFFFF&#8220; custom_padding=&#8220;0px||0px|||&#8220; global_colors_info=&#8220;{}&#8220;][et_pb_row column_structure=&#8220;1_2,1_2&#8243; use_custom_gutter=&#8220;on&#8220; gutter_width=&#8220;1&#8243; make_equal=&#8220;on&#8220; _builder_version=&#8220;4.16&#8243; background_enable_color=&#8220;off&#8220; width=&#8220;100%&#8220; max_width=&#8220;100%&#8220; module_alignment=&#8220;center&#8220; custom_margin=&#8220;||||false|false&#8220; custom_padding=&#8220;|0px|0px|0px|false|false&#8220; global_colors_info=&#8220;{}&#8220;][et_pb_column type=&#8220;1_2&#8243; _builder_version=&#8220;4.16&#8243; custom_padding=&#8220;80px|5%|80px|80px|false|false&#8220; global_colors_info=&#8220;{}&#8220;][et_pb_text _builder_version=&#8220;4.16&#8243; header_2_font=&#8220;Montserrat|300|||||||&#8220; header_2_text_align=&#8220;left&#8220; header_2_font_size=&#8220;58px&#8220; custom_margin=&#8220;||15px||false|false&#8220; header_2_font_size_tablet=&#8220;&#8220; header_2_font_size_phone=&#8220;40px&#8220; header_2_font_size_last_edited=&#8220;on|phone&#8220; global_colors_info=&#8220;{}&#8220;]<\/p>\n<h2>Des activit\u00e9s toute la journ\u00e9e<\/h2>\n<p>[\/et_pb_text][et_pb_divider _builder_version=&#8220;4.16&#8243; _module_preset=&#8220;default&#8220; width=&#8220;8%&#8220; global_colors_info=&#8220;{}&#8220;][\/et_pb_divider][et_pb_text _builder_version=&#8220;4.26.0&#8243; _module_preset=&#8220;default&#8220; custom_margin=&#8220;2px|||||&#8220; custom_padding=&#8220;||40px|||&#8220; global_colors_info=&#8220;{}&#8220;]<\/p>\n<p style=\"text-align: justify;\">Comme l&#8217;ann\u00e9e pass\u00e9e, la piscine des Combes organise avec ses partenaires de nombreuses activit\u00e9s toute la journ\u00e9e. Pour petits et grands, sport ou d\u00e9tente, il y en a pour tous les go\u00fbts.<\/p>\n<p style=\"text-align: justify;\">Entr\u00e9e gratuite toute la journ\u00e9e !<\/p>\n<p style=\"text-align: justify;\"><strong>Attention : grand bassin ferm\u00e9 \u00e0 la nage d\u00e8s 12h00. 1 seule ligne sera disponible.<\/strong><\/p>\n<p style=\"text-align: justify;\"><strong><\/strong><\/p>\n<p style=\"text-align: justify;\"><strong><\/strong><\/p>\n<p>[\/et_pb_text][\/et_pb_column][et_pb_column type=&#8220;1_2&#8243; _builder_version=&#8220;4.16&#8243; custom_padding=&#8220;80px|5%|80px|80px|false|false&#8220; global_colors_info=&#8220;{}&#8220;][et_pb_text _builder_version=&#8220;4.16&#8243; header_2_font=&#8220;Montserrat|300|||||||&#8220; header_2_text_align=&#8220;left&#8220; header_2_font_size=&#8220;58px&#8220; custom_margin=&#8220;||15px||false|false&#8220; header_2_font_size_tablet=&#8220;&#8220; header_2_font_size_phone=&#8220;40px&#8220; header_2_font_size_last_edited=&#8220;on|phone&#8220; global_colors_info=&#8220;{}&#8220;]<\/p>\n<h2>Restauration<\/h2>\n<p>[\/et_pb_text][et_pb_divider _builder_version=&#8220;4.16&#8243; _module_preset=&#8220;default&#8220; width=&#8220;8%&#8220; global_colors_info=&#8220;{}&#8220;][\/et_pb_divider][et_pb_text _builder_version=&#8220;4.27.2&#8243; _module_preset=&#8220;default&#8220; custom_margin=&#8220;2px|||||&#8220; custom_padding=&#8220;||40px|||&#8220; global_colors_info=&#8220;{}&#8220;]<\/p>\n<p style=\"text-align: justify;\">Journ\u00e9e Pa\u00eblla !<\/p>\n<p style=\"text-align: justify;\">Menus \u00e0 la carte disponibles \u00e9galement.<\/p>\n<p style=\"text-align: justify;\">Divers cocktails.<\/p>\n<p style=\"text-align: justify;\"><strong><\/strong><\/p>\n<p style=\"text-align: justify;\"><strong><\/strong><\/p>\n<p>[\/et_pb_text][et_pb_image src=&#8220;https:\/\/espaceval.ch\/wp-content\/uploads\/2025\/06\/Buvette-des-Combes.jpg&#8220; title_text=&#8220;Buvette des Combes&#8220; _builder_version=&#8220;4.27.2&#8243; _module_preset=&#8220;default&#8220; global_colors_info=&#8220;{}&#8220;][\/et_pb_image][\/et_pb_column][\/et_pb_row][\/et_pb_section][et_pb_section fb_built=&#8220;1&#8243; _builder_version=&#8220;4.16&#8243; _module_preset=&#8220;default&#8220; background_color=&#8220;#FFFFFF&#8220; custom_padding=&#8220;0px||0px|||&#8220; global_colors_info=&#8220;{}&#8220;][et_pb_row column_structure=&#8220;1_2,1_2&#8243; use_custom_gutter=&#8220;on&#8220; gutter_width=&#8220;1&#8243; make_equal=&#8220;on&#8220; _builder_version=&#8220;4.16&#8243; background_enable_color=&#8220;off&#8220; width=&#8220;100%&#8220; max_width=&#8220;100%&#8220; module_alignment=&#8220;center&#8220; custom_margin=&#8220;||||false|false&#8220; custom_padding=&#8220;|0px|0px|0px|false|false&#8220; global_colors_info=&#8220;{}&#8220;][et_pb_column type=&#8220;1_2&#8243; _builder_version=&#8220;4.16&#8243; custom_padding=&#8220;80px|5%|80px|80px|false|false&#8220; global_colors_info=&#8220;{}&#8220;][et_pb_text _builder_version=&#8220;4.16&#8243; header_2_font=&#8220;Montserrat|300|||||||&#8220; header_2_text_align=&#8220;left&#8220; header_2_font_size=&#8220;58px&#8220; custom_margin=&#8220;||15px||false|false&#8220; header_2_font_size_tablet=&#8220;&#8220; header_2_font_size_phone=&#8220;40px&#8220; header_2_font_size_last_edited=&#8220;on|phone&#8220; global_colors_info=&#8220;{}&#8220;]<\/p>\n<h2>Spectacle<\/h2>\n<p>[\/et_pb_text][et_pb_divider _builder_version=&#8220;4.16&#8243; _module_preset=&#8220;default&#8220; width=&#8220;8%&#8220; global_colors_info=&#8220;{}&#8220;][\/et_pb_divider][et_pb_text _builder_version=&#8220;4.26.0&#8243; _module_preset=&#8220;default&#8220; custom_margin=&#8220;2px|||||&#8220; custom_padding=&#8220;||40px|||&#8220; global_colors_info=&#8220;{}&#8220;]<\/p>\n<p style=\"text-align: justify;\">Spectacle &#8222;2 secondes&#8220; de la Cie du petit Monsieur dans le cadre du Festival de la Plage des Six Pompes.<\/p>\n<p style=\"text-align: justify;\"><strong><\/strong><\/p>\n<p style=\"text-align: justify;\"><strong><\/strong><\/p>\n<p>[\/et_pb_text][\/et_pb_column][et_pb_column type=&#8220;1_2&#8243; _builder_version=&#8220;4.16&#8243; custom_padding=&#8220;80px|5%|80px|80px|false|false&#8220; global_colors_info=&#8220;{}&#8220;][et_pb_image src=&#8220;https:\/\/espaceval.ch\/wp-content\/uploads\/2025\/08\/Fete-combes-spectacle-2025.jpg&#8220; title_text=&#8220;F\u00eate combes spectacle 2025&#8243; _builder_version=&#8220;4.27.4&#8243; _module_preset=&#8220;default&#8220; global_colors_info=&#8220;{}&#8220;][\/et_pb_image][\/et_pb_column][\/et_pb_row][\/et_pb_section][et_pb_section fb_built=&#8220;1&#8243; disabled_on=&#8220;off|off|off&#8220; _builder_version=&#8220;4.27.2&#8243; _module_preset=&#8220;default&#8220; background_color=&#8220;#1fa6af&#8220; custom_padding=&#8220;0px||0px|||&#8220; global_colors_info=&#8220;{}&#8220;][et_pb_row column_structure=&#8220;1_2,1_2&#8243; use_custom_gutter=&#8220;on&#8220; gutter_width=&#8220;1&#8243; make_equal=&#8220;on&#8220; _builder_version=&#8220;4.16&#8243; background_enable_color=&#8220;off&#8220; width=&#8220;100%&#8220; max_width=&#8220;100%&#8220; module_alignment=&#8220;center&#8220; min_height=&#8220;807.8px&#8220; custom_margin=&#8220;||||false|false&#8220; custom_padding=&#8220;0px|0px|0px|0px|false|false&#8220; global_colors_info=&#8220;{}&#8220;][et_pb_column type=&#8220;1_2&#8243; _builder_version=&#8220;4.16&#8243; custom_padding=&#8220;80px|5%|80px|80px|false|false&#8220; global_colors_info=&#8220;{}&#8220;][et_pb_image src=&#8220;https:\/\/espaceval.ch\/wp-content\/uploads\/2025\/07\/Fete-de-la-piscine-des-Combes-2025.jpg&#8220; title_text=&#8220;F\u00eate de la piscine des Combes 2025&#8243; show_in_lightbox=&#8220;on&#8220; force_fullwidth=&#8220;on&#8220; _builder_version=&#8220;4.27.2&#8243; _module_preset=&#8220;default&#8220; module_alignment=&#8220;left&#8220; animation_style=&#8220;fade&#8220; global_colors_info=&#8220;{}&#8220;][\/et_pb_image][\/et_pb_column][et_pb_column type=&#8220;1_2&#8243; _builder_version=&#8220;4.16&#8243; custom_padding=&#8220;80px|5%|80px|80px|false|false&#8220; global_colors_info=&#8220;{}&#8220;][et_pb_image src=&#8220;https:\/\/espaceval.ch\/wp-content\/uploads\/2025\/07\/Fete-de-la-piscine-des-Combes-2025-2.jpg&#8220; title_text=&#8220;F\u00eate de la piscine des Combes 2025 (2)&#8220; show_in_lightbox=&#8220;on&#8220; force_fullwidth=&#8220;on&#8220; _builder_version=&#8220;4.27.2&#8243; _module_preset=&#8220;default&#8220; animation_style=&#8220;fade&#8220; global_colors_info=&#8220;{}&#8220;][\/et_pb_image][\/et_pb_column][\/et_pb_row][\/et_pb_section][et_pb_section fb_built=&#8220;1&#8243; _builder_version=&#8220;4.16&#8243; _module_preset=&#8220;default&#8220; background_color=&#8220;#FFFFFF&#8220; custom_padding=&#8220;0px||0px|||&#8220; global_colors_info=&#8220;{}&#8220;][et_pb_row column_structure=&#8220;1_2,1_2&#8243; use_custom_gutter=&#8220;on&#8220; gutter_width=&#8220;1&#8243; make_equal=&#8220;on&#8220; _builder_version=&#8220;4.16&#8243; width=&#8220;100%&#8220; max_width=&#8220;100%&#8220; custom_margin=&#8220;||||false|false&#8220; custom_padding=&#8220;47px||0px||false|false&#8220; global_colors_info=&#8220;{}&#8220;][et_pb_column type=&#8220;1_2&#8243; _builder_version=&#8220;4.16&#8243; custom_padding=&#8220;80px|5%|80px|80px|false|false&#8220; global_colors_info=&#8220;{}&#8220;][et_pb_text _builder_version=&#8220;4.16&#8243; header_2_font=&#8220;Montserrat|300|||||||&#8220; header_2_text_align=&#8220;left&#8220; header_2_font_size=&#8220;58px&#8220; custom_margin=&#8220;||15px||false|false&#8220; header_2_font_size_tablet=&#8220;&#8220; header_2_font_size_phone=&#8220;40px&#8220; header_2_font_size_last_edited=&#8220;on|phone&#8220; global_colors_info=&#8220;{}&#8220;]<\/p>\n<h2>Planning de la journ\u00e9e<\/h2>\n<p>[\/et_pb_text][et_pb_divider _builder_version=&#8220;4.16&#8243; _module_preset=&#8220;default&#8220; width=&#8220;8%&#8220; global_colors_info=&#8220;{}&#8220;][\/et_pb_divider][et_pb_text disabled_on=&#8220;on|on|on&#8220; _builder_version=&#8220;4.27.2&#8243; _module_preset=&#8220;default&#8220; custom_margin=&#8220;2px|||||&#8220; custom_padding=&#8220;||40px|||&#8220; disabled=&#8220;on&#8220; global_colors_info=&#8220;{}&#8220;]<\/p>\n<p style=\"text-align: justify;\">Planning bient\u00f4t disponible<\/p>\n<p style=\"text-align: justify;\"><strong><\/strong><\/p>\n<p style=\"text-align: justify;\"><strong><\/strong><\/p>\n<p>[\/et_pb_text][et_pb_accordion disabled_on=&#8220;off|off|off&#8220; _builder_version=&#8220;4.27.2&#8243; _module_preset=&#8220;default&#8220; global_colors_info=&#8220;{}&#8220;][et_pb_accordion_item title=&#8220;1. Initiation et jeu libre badminton&#8220; open=&#8220;on&#8220; _builder_version=&#8220;4.27.2&#8243; _module_preset=&#8220;default&#8220; global_colors_info=&#8220;{}&#8220;]<\/p>\n<p>Organis\u00e9 par le Club de badminton du Val-de-Travers<\/p>\n<p><strong>Lieu<\/strong> : N\u00b01, terrain de beach et terrain gazon<br \/><strong>Horaire<\/strong> : 14h00 &#8211; 16h00<\/p>\n<p>[\/et_pb_accordion_item][et_pb_accordion_item title=&#8220;2. Initiation et tournoi tennis de table&#8220; _builder_version=&#8220;4.27.2&#8243; _module_preset=&#8220;default&#8220; global_colors_info=&#8220;{}&#8220; open=&#8220;off&#8220;]<\/p>\n<p>Organis\u00e9 par le Club de tennis de table de Noiraigue<\/p>\n<p><strong>Lieu<\/strong> : N\u00b02, terrain en herbe<br \/><strong>Horaire<\/strong> : 10h00 &#8211; 14h00<br \/><strong>Inscriptions<\/strong> : sur place d\u00e8s 09h30, d\u00e9but des matchs 10h15 (16 places maximum)<br \/><strong>Informations<\/strong> : Les matchs seront r\u00e9alis\u00e9s en 2 sets gagnants (1 set=11 points avec 2 points d\u2019\u00e9carts.) max 3 sets.<\/p>\n<p>[\/et_pb_accordion_item][et_pb_accordion_item title=&#8220;3. Spectacle : 2 Secondes !&#8220; _builder_version=&#8220;4.27.2&#8243; _module_preset=&#8220;default&#8220; global_colors_info=&#8220;{}&#8220; open=&#8220;off&#8220;]<\/p>\n<p>Organis\u00e9 par La Plage des Six-Pompes<\/p>\n<p><strong>Description :<\/strong> Spectacle de la &#8222;Compagnie du petit Monsieur&#8220;<strong><br \/>Lieu<\/strong> : N\u00b03, zone herbeuse nord-ouest<br \/><strong>Horaire<\/strong> : 16h30<br \/><strong>Dur\u00e9e :<\/strong> 40min<br \/><strong>\u00c2ge : <\/strong>tous \u00e2ges<\/p>\n<p>[\/et_pb_accordion_item][et_pb_accordion_item title=&#8220;4. Contes pour enfants&#8220; _builder_version=&#8220;4.27.2&#8243; _module_preset=&#8220;default&#8220; global_colors_info=&#8220;{}&#8220; open=&#8220;off&#8220;]<\/p>\n<p>Organis\u00e9 par La Louvr\u00e9e<\/p>\n<p><strong>Lieu<\/strong> : N\u00b04, sous les arbres, c\u00f4t\u00e9 nord-ouest<br \/><strong>Horaire<\/strong> : 11h30 et 14h00, ~35min<br \/><strong>Inscriptions<\/strong> : pas n\u00e9cessaire. Gratuit<br \/><b>Nombre de personnes <\/b>: pas de limite<\/p>\n<p>[\/et_pb_accordion_item][et_pb_accordion_item title=&#8220;5. Bapt\u00eame de plong\u00e9e&#8220; _builder_version=&#8220;4.27.2&#8243; _module_preset=&#8220;default&#8220; global_colors_info=&#8220;{}&#8220; open=&#8220;off&#8220;]<\/p>\n<p>Organis\u00e9 par le Club de plong\u00e9e Hydrotec<\/p>\n<p><strong>Description :<\/strong> Bapt\u00eame de plong\u00e9e<strong><br \/>Lieu<\/strong> : N\u00b05, petit et grand bassin + fosse<br \/><strong>Horaire<\/strong> : d\u00e8s 10h00-12h00 \/ 13h30-16h00<br \/><strong>Dur\u00e9e :<\/strong> ~30min (10-15 minutes de plong\u00e9e sous l\u2019eau + Photo souvenir)<br \/><strong>Prix :<\/strong> 10.- avec photo souvenir<br \/><strong>Inscriptions<\/strong> : sur place, au bord du bassin (autorisation des parents obligatoire)<br \/><strong>\u00c2ge : <\/strong>d\u00e8s 10 ans et en bonne sant\u00e9<\/p>\n<p>[\/et_pb_accordion_item][et_pb_accordion_item title=&#8220;6. Ch\u00e2teau gonflable&#8220; _builder_version=&#8220;4.27.2&#8243; _module_preset=&#8220;default&#8220; global_colors_info=&#8220;{}&#8220; open=&#8220;off&#8220;]<\/p>\n<p><strong>Lieu<\/strong> : N\u00b06, c\u00f4t\u00e9 sud-ouest du bassin<br \/><strong>Horaire<\/strong> : toute la journ\u00e9e<br \/><b>Nombre de personnes <\/b>: 12 enfants \u00e0 la fois<br \/><strong>Autre<\/strong> : enfants de 3 \u00e0 10 ans<\/p>\n<p>[\/et_pb_accordion_item][et_pb_accordion_item title=&#8220;7. Massage d\u00e9couverte&#8220; _builder_version=&#8220;4.27.2&#8243; _module_preset=&#8220;default&#8220; global_colors_info=&#8220;{}&#8220; open=&#8220;off&#8220;]<\/p>\n<p>Organis\u00e9 par Feu de Soie<\/p>\n<p><strong>Description : <\/strong>Feu de Soie et Infiniment toi vous accueillent pour un moment de bien-\u00eatre<br \/><strong><\/strong><strong>Lieu<\/strong> : N\u00b07, c\u00f4t\u00e9 de la buvette<br \/><strong>Horaire<\/strong> : 9h30 &#8211; 17h30<br \/><strong>Dur\u00e9e :<\/strong> Massage de 20 \u00e0 30min<br \/><strong>\u00c2ge :<\/strong> d\u00e8s 18 ans<br \/><strong>Inscriptions<\/strong> : sur place. Gratuit<br \/><b>Nombre de personnes <\/b>: 1 ou 2 personne \u00e0 la fois<\/p>\n<p>[\/et_pb_accordion_item][et_pb_accordion_item title=&#8220;8. Repas&#8220; _builder_version=&#8220;4.27.2&#8243; _module_preset=&#8220;default&#8220; global_colors_info=&#8220;{}&#8220; open=&#8220;off&#8220;]<\/p>\n<p>Organis\u00e9 par &#8222;La Buvette des Combes&#8220;<\/p>\n<p><strong>Description : <\/strong>Pa\u00eblla<strong><br \/>Lieu<\/strong> : N\u00b08, buvette<br \/><strong>Horaire<\/strong> : d\u00e8s 11h00<\/p>\n<p>[\/et_pb_accordion_item][et_pb_accordion_item title=&#8220;9. Surprise&#8220; _builder_version=&#8220;4.27.2&#8243; _module_preset=&#8220;default&#8220; global_colors_info=&#8220;{}&#8220; open=&#8220;off&#8220;]<\/p>\n<p>Organis\u00e9 par espaceVAL<\/p>\n<p><strong>Description : <\/strong>Surprise \ud83d\ude42<strong><br \/>Lieu<\/strong> : N\u00b09, Grand et petits bassins<br \/><strong>Horaire<\/strong> : d\u00e8s 12h00<\/p>\n<p>[\/et_pb_accordion_item][et_pb_accordion_item title=&#8220;10. Initiation \u00e0 l&#8217;apn\u00e9e&#8220; _builder_version=&#8220;4.27.2&#8243; _module_preset=&#8220;default&#8220; global_colors_info=&#8220;{}&#8220; open=&#8220;off&#8220;]<\/p>\n<p>Organis\u00e9 par &#8222;M\u00e9tish\u00e8re Swiss Mermaid<\/p>\n<p><strong>Description : <\/strong>Initiation \u00e0 l&#8217;apn\u00e9e. Ado\/adulte, d\u00e8s 12 ans, \u00eatre parfaitement \u00e0 l\u2019aise dans l\u2019eau et pouvoir mettre la t\u00eate<br \/>sous l\u2019eau sans r\u00e9ticence. 6 personnes maximum.<br \/><strong>Lieu<\/strong> : N\u00b010, ligne 1 grand bassin, entr\u00e9e ouest<br \/><strong>Horaire<\/strong> : 09h30 &#8211; 11h00<br \/><strong>Tarifs<\/strong> : 15.-<br \/><strong>Inscription<\/strong> : Inscription obligatoire au plus tard 2 jours avant \u00e0 <a href=\"mailto:cindy@metisphere.ch\">cindy@metisphere.ch<\/a> <\/p>\n<p>[\/et_pb_accordion_item][et_pb_accordion_item title=&#8220;11. Initiation \u00e0 la nage sir\u00e8ne (mermaiding)&#8220; _builder_version=&#8220;4.27.2&#8243; _module_preset=&#8220;default&#8220; global_colors_info=&#8220;{}&#8220; open=&#8220;off&#8220;]<\/p>\n<p>Organis\u00e9 par &#8222;M\u00e9tish\u00e8re Swiss Mermaid<\/p>\n<p><strong>Description : <\/strong>Initiation \u00e0 la nage sir\u00e8ne (mermaiding). Adulte et enfant, d\u00e8s 8 ans, \u00eatre parfaitement \u00e0 l\u2019aise dans l\u2019eau et pouvoir mettre la t\u00eate sous l\u2019eau sans r\u00e9ticence. Groupe de 10 personnes<strong><br \/>Lieu<\/strong> : N\u00b011, ligne 1 grand bassin, entr\u00e9e ouest<br \/><strong>Horaire<\/strong> : 12h00 et 13h00<\/p>\n<p>[\/et_pb_accordion_item][et_pb_accordion_item title=&#8220;12. Cours ludique d&#8217;accoutumance \u00e0 l&#8217;eau&#8220; _builder_version=&#8220;4.27.2&#8243; _module_preset=&#8220;default&#8220; global_colors_info=&#8220;{}&#8220; open=&#8220;off&#8220;]<\/p>\n<p>Organis\u00e9 par le Club de natation et de sauvetage du Val-de-Travers<\/p>\n<p><strong>Description : <\/strong>Cours ludique d&#8217;accoutumance \u00e0 l&#8217;eau pour enfants 4 \u00e0 8 ans.<br \/><strong><\/strong><strong>Lieu<\/strong> : Petit bassin d&#8217;apprentissage est<br \/><strong>Horaire<\/strong> : 10h00 &#8211; 11h00<\/p>\n<p>[\/et_pb_accordion_item][et_pb_accordion_item title=&#8220;13. Comprendre la natation  &#8220; _builder_version=&#8220;4.27.2&#8243; _module_preset=&#8220;default&#8220; global_colors_info=&#8220;{}&#8220; open=&#8220;off&#8220;]<\/p>\n<p>Organis\u00e9 par le Club de natation et de sauvetage du Val-de-Travers<\/p>\n<p><strong>Description : <\/strong>Comprendre la natation\u00a0<br \/><strong><\/strong><strong>Lieu<\/strong> : Ligne d&#8217;eau 1<br \/><strong>Horaire<\/strong> : 13h00 &#8211; 14h00<br \/><strong>Pr\u00e9requis\u00a0: <\/strong>nager 25m quelque soit le niveau technique. 9 \u00e0 99 ans<\/p>\n<p>[\/et_pb_accordion_item][et_pb_accordion_item title=&#8220;14. Beach volley&#8220; _builder_version=&#8220;4.27.2&#8243; _module_preset=&#8220;default&#8220; global_colors_info=&#8220;{}&#8220; open=&#8220;off&#8220;]<\/p>\n<p>Organis\u00e9 par le Volley Ball Club Val-de-Travers<\/p>\n<p><strong>Lieu<\/strong> : N\u00b01, terrain en herbe et terrain de beach volley<br \/><strong>Horaire<\/strong> : 11h00 &#8211; 14h00<br \/><strong>Inscriptions<\/strong> : pas d&#8217;inscription<br \/><strong>Informations<\/strong> : Jeu libre<\/p>\n<p>[\/et_pb_accordion_item][\/et_pb_accordion][\/et_pb_column][et_pb_column type=&#8220;1_2&#8243; _builder_version=&#8220;4.16&#8243; custom_padding=&#8220;80px|5%|80px|80px|false|false&#8220; global_colors_info=&#8220;{}&#8220;][et_pb_image src=&#8220;https:\/\/espaceval.ch\/wp-content\/uploads\/2025\/07\/Fete-de-la-piscine-des-Combes-2025-3.jpg&#8220; title_text=&#8220;F\u00eate de la piscine des Combes 2025 (3)&#8220; _builder_version=&#8220;4.27.2&#8243; _module_preset=&#8220;default&#8220; global_colors_info=&#8220;{}&#8220;][\/et_pb_image][\/et_pb_column][\/et_pb_row][\/et_pb_section][et_pb_section fb_built=&#8220;1&#8243; disabled_on=&#8220;off|off|off&#8220; admin_label=&#8220;Sign Up Section&#8220; _builder_version=&#8220;4.27.2&#8243; background_color=&#8220;#f7f7f7&#8243; custom_padding=&#8220;0px||16px|||&#8220; global_colors_info=&#8220;{}&#8220;][et_pb_row _builder_version=&#8220;4.16&#8243; custom_padding=&#8220;||8px|||&#8220; global_colors_info=&#8220;{}&#8220;][et_pb_column type=&#8220;4_4&#8243; _builder_version=&#8220;4.16&#8243; global_colors_info=&#8220;{}&#8220;][et_pb_text _builder_version=&#8220;4.16&#8243; text_font=&#8220;|300|||||||&#8220; text_font_size=&#8220;16px&#8220; header_2_font=&#8220;|300|||||||&#8220; header_2_font_size=&#8220;58px&#8220; header_2_line_height=&#8220;1.2em&#8220; global_colors_info=&#8220;{}&#8220;]<\/p>\n<h2>En partenariat avec :<\/h2>\n<p>[\/et_pb_text][\/et_pb_column][\/et_pb_row][et_pb_row column_structure=&#8220;1_4,1_4,1_4,1_4&#8243; _builder_version=&#8220;4.16&#8243; _module_preset=&#8220;default&#8220; global_colors_info=&#8220;{}&#8220;][et_pb_column type=&#8220;1_4&#8243; _builder_version=&#8220;4.16&#8243; _module_preset=&#8220;default&#8220; global_colors_info=&#8220;{}&#8220;][et_pb_image src=&#8220;https:\/\/espaceval.ch\/wp-content\/uploads\/2021\/06\/FEU-DE-SOIE-2.png&#8220; title_text=&#8220;Logo FEU DE SOIE&#8220; url=&#8220;https:\/\/espaceval.ch\/bien-etre\/&#8220; align=&#8220;center&#8220; _builder_version=&#8220;4.16&#8243; _module_preset=&#8220;default&#8220; width=&#8220;70%&#8220; global_colors_info=&#8220;{}&#8220;][\/et_pb_image][\/et_pb_column][et_pb_column type=&#8220;1_4&#8243; _builder_version=&#8220;4.16&#8243; _module_preset=&#8220;default&#8220; global_colors_info=&#8220;{}&#8220;][et_pb_image src=&#8220;https:\/\/espaceval.ch\/wp-content\/uploads\/2025\/07\/logo-massage.png&#8220; title_text=&#8220;logo-massage&#8220; url=&#8220;http:\/\/conteursdelalouvree.over-blog.com\/&#8220; align=&#8220;center&#8220; _builder_version=&#8220;4.27.2&#8243; _module_preset=&#8220;default&#8220; width=&#8220;58%&#8220; global_colors_info=&#8220;{}&#8220;][\/et_pb_image][\/et_pb_column][et_pb_column type=&#8220;1_4&#8243; _builder_version=&#8220;4.16&#8243; _module_preset=&#8220;default&#8220; global_colors_info=&#8220;{}&#8220;][et_pb_image src=&#8220;https:\/\/espaceval.ch\/wp-content\/uploads\/2021\/06\/66045850_324575938451626_2039207535352741888_n.jpg&#8220; title_text=&#8220;Club de plong\u00e9e hydrotec&#8220; url=&#8220;https:\/\/www.facebook.com\/Club-de-Plong%C3%A9e-Hydrotec-321245372118016\/&#8220; align=&#8220;center&#8220; _builder_version=&#8220;4.16&#8243; _module_preset=&#8220;default&#8220; width=&#8220;45%&#8220; global_colors_info=&#8220;{}&#8220;][\/et_pb_image][\/et_pb_column][et_pb_column type=&#8220;1_4&#8243; _builder_version=&#8220;4.16&#8243; _module_preset=&#8220;default&#8220; global_colors_info=&#8220;{}&#8220;][et_pb_image src=&#8220;https:\/\/espaceval.ch\/wp-content\/uploads\/2024\/07\/badminton-club-val-de-travers.jpg&#8220; title_text=&#8220;badminton club val-de-travers&#8220; url=&#8220;https:\/\/www.facebook.com\/Club-de-Plong%C3%A9e-Hydrotec-321245372118016\/&#8220; align=&#8220;center&#8220; _builder_version=&#8220;4.26.0&#8243; _module_preset=&#8220;default&#8220; width=&#8220;45%&#8220; global_colors_info=&#8220;{}&#8220;][\/et_pb_image][\/et_pb_column][\/et_pb_row][et_pb_row column_structure=&#8220;1_4,1_4,1_4,1_4&#8243; _builder_version=&#8220;4.16&#8243; _module_preset=&#8220;default&#8220; global_colors_info=&#8220;{}&#8220;][et_pb_column type=&#8220;1_4&#8243; _builder_version=&#8220;4.16&#8243; _module_preset=&#8220;default&#8220; global_colors_info=&#8220;{}&#8220;][et_pb_image src=&#8220;https:\/\/espaceval.ch\/wp-content\/uploads\/2024\/07\/Logo-CTT-Neraoui-2024.jpg&#8220; title_text=&#8220;Logo CTT N\u00e9raoui 2024&#8243; url=&#8220;https:\/\/www.facebook.com\/Club-de-Plong%C3%A9e-Hydrotec-321245372118016\/&#8220; align=&#8220;center&#8220; _builder_version=&#8220;4.26.0&#8243; _module_preset=&#8220;default&#8220; width=&#8220;45%&#8220; global_colors_info=&#8220;{}&#8220;][\/et_pb_image][\/et_pb_column][et_pb_column type=&#8220;1_4&#8243; _builder_version=&#8220;4.16&#8243; _module_preset=&#8220;default&#8220; global_colors_info=&#8220;{}&#8220;][et_pb_image src=&#8220;https:\/\/espaceval.ch\/wp-content\/uploads\/2025\/07\/Plage-des-six-pompes-Val-de-Travers.jpg&#8220; title_text=&#8220;Plage des six pompes Val-de-Travers&#8220; url=&#8220;https:\/\/www.facebook.com\/Club-de-Plong%C3%A9e-Hydrotec-321245372118016\/&#8220; align=&#8220;center&#8220; _builder_version=&#8220;4.27.2&#8243; _module_preset=&#8220;default&#8220; width=&#8220;45%&#8220; global_colors_info=&#8220;{}&#8220;][\/et_pb_image][\/et_pb_column][et_pb_column type=&#8220;1_4&#8243; _builder_version=&#8220;4.16&#8243; _module_preset=&#8220;default&#8220; global_colors_info=&#8220;{}&#8220;][et_pb_image src=&#8220;https:\/\/espaceval.ch\/wp-content\/uploads\/2021\/06\/image_1113806_20140730_ob_aa4b4c_louvree-logo.jpg&#8220; title_text=&#8220;La Louvr\u00e9e logo&#8220; url=&#8220;http:\/\/conteursdelalouvree.over-blog.com\/&#8220; align=&#8220;center&#8220; _builder_version=&#8220;4.16&#8243; _module_preset=&#8220;default&#8220; width=&#8220;120%&#8220; global_colors_info=&#8220;{}&#8220;][\/et_pb_image][\/et_pb_column][et_pb_column type=&#8220;1_4&#8243; _builder_version=&#8220;4.16&#8243; _module_preset=&#8220;default&#8220; global_colors_info=&#8220;{}&#8220;][et_pb_image src=&#8220;https:\/\/espaceval.ch\/wp-content\/uploads\/2021\/04\/158712569272MkU.png&#8220; title_text=&#8220;logo vbc&#8220; url=&#8220;http:\/\/conteursdelalouvree.over-blog.com\/&#8220; align=&#8220;center&#8220; _builder_version=&#8220;4.27.2&#8243; _module_preset=&#8220;default&#8220; width=&#8220;53%&#8220; global_colors_info=&#8220;{}&#8220;][\/et_pb_image][\/et_pb_column][\/et_pb_row][\/et_pb_section]<\/p>\n","protected":false},"excerpt":{"rendered":"<p>Activit\u00e9s toute la journ\u00e9e pour cette \u00e9dition 2025. Bapt\u00eame de plong\u00e9e, tennis de table, badminton et spectacle<\/p>\n","protected":false},"author":3,"featured_media":11438,"comment_status":"closed","ping_status":"open","sticky":false,"template":"","format":"standard","meta":{"_et_pb_use_builder":"on","_et_pb_old_content":"","_et_gb_content_width":"","_monsterinsights_skip_tracking":false,"_monsterinsights_sitenote_active":false,"_monsterinsights_sitenote_note":"","_monsterinsights_sitenote_category":0,"footnotes":""},"categories":[13,30],"tags":[],"class_list":["post-11437","post","type-post","status-publish","format-standard","has-post-thumbnail","hentry","category-actualite","category-manifestation-passee"],"yoast_head":"<!-- This site is optimized with the Yoast SEO plugin v25.6 - https:\/\/yoast.com\/wordpress\/plugins\/seo\/ -->\n<title>F\u00eate de la piscine des Combes - 2025 | Activit\u00e9s | Spectacle<\/title>\n<meta name=\"description\" content=\"Activit\u00e9s toute la journ\u00e9e pour cette \u00e9dition 2025. Bapt\u00eame de plong\u00e9e, tennis de table, badminton et spectacle\" \/>\n<meta name=\"robots\" content=\"index, follow, max-snippet:-1, max-image-preview:large, max-video-preview:-1\" \/>\n<link rel=\"canonical\" href=\"https:\/\/espaceval.ch\/de\/fete-de-la-piscine-des-combes-2025\/\" \/>\n<meta property=\"og:locale\" content=\"de_DE\" \/>\n<meta property=\"og:type\" content=\"article\" \/>\n<meta property=\"og:title\" content=\"F\u00eate de la piscine des Combes - 2025 | Activit\u00e9s | Spectacle\" \/>\n<meta property=\"og:description\" content=\"Activit\u00e9s toute la journ\u00e9e pour cette \u00e9dition 2025. Bapt\u00eame de plong\u00e9e, tennis de table, badminton et spectacle\" \/>\n<meta property=\"og:url\" content=\"https:\/\/espaceval.ch\/de\/fete-de-la-piscine-des-combes-2025\/\" \/>\n<meta property=\"og:site_name\" content=\"espaceVAL\" \/>\n<meta property=\"article:published_time\" content=\"2025-07-11T08:03:44+00:00\" \/>\n<meta property=\"article:modified_time\" content=\"2025-08-18T06:51:59+00:00\" \/>\n<meta property=\"og:image\" content=\"https:\/\/espaceval.ch\/wp-content\/uploads\/2025\/06\/Fete-de-la-piscine-des-Combes-2025-1.jpg\" \/>\n\t<meta property=\"og:image:width\" content=\"2000\" \/>\n\t<meta property=\"og:image:height\" content=\"1414\" \/>\n\t<meta property=\"og:image:type\" content=\"image\/jpeg\" \/>\n<meta name=\"author\" content=\"espaceVAL\" \/>\n<meta name=\"twitter:card\" content=\"summary_large_image\" \/>\n<meta name=\"twitter:label1\" content=\"Verfasst von\" \/>\n\t<meta name=\"twitter:data1\" content=\"espaceVAL\" \/>\n\t<meta name=\"twitter:label2\" content=\"Gesch\u00e4tzte Lesezeit\" \/>\n\t<meta name=\"twitter:data2\" content=\"7\u00a0Minuten\" \/>\n<script type=\"application\/ld+json\" class=\"yoast-schema-graph\">{\"@context\":\"https:\/\/schema.org\",\"@graph\":[{\"@type\":\"WebPage\",\"@id\":\"https:\/\/espaceval.ch\/de\/fete-de-la-piscine-des-combes-2025\/\",\"url\":\"https:\/\/espaceval.ch\/de\/fete-de-la-piscine-des-combes-2025\/\",\"name\":\"F\u00eate de la piscine des Combes - 2025 | Activit\u00e9s | Spectacle\",\"isPartOf\":{\"@id\":\"https:\/\/espaceval.ch\/de\/#website\"},\"primaryImageOfPage\":{\"@id\":\"https:\/\/espaceval.ch\/de\/fete-de-la-piscine-des-combes-2025\/#primaryimage\"},\"image\":{\"@id\":\"https:\/\/espaceval.ch\/de\/fete-de-la-piscine-des-combes-2025\/#primaryimage\"},\"thumbnailUrl\":\"https:\/\/espaceval.ch\/wp-content\/uploads\/2025\/06\/Fete-de-la-piscine-des-Combes-2025-1.jpg\",\"datePublished\":\"2025-07-11T08:03:44+00:00\",\"dateModified\":\"2025-08-18T06:51:59+00:00\",\"author\":{\"@id\":\"https:\/\/espaceval.ch\/de\/#\/schema\/person\/dd22f242f1b18501ae5a3b4ed941822b\"},\"description\":\"Activit\u00e9s toute la journ\u00e9e pour cette \u00e9dition 2025. Bapt\u00eame de plong\u00e9e, tennis de table, badminton et spectacle\",\"breadcrumb\":{\"@id\":\"https:\/\/espaceval.ch\/de\/fete-de-la-piscine-des-combes-2025\/#breadcrumb\"},\"inLanguage\":\"de\",\"potentialAction\":[{\"@type\":\"ReadAction\",\"target\":[\"https:\/\/espaceval.ch\/de\/fete-de-la-piscine-des-combes-2025\/\"]}]},{\"@type\":\"ImageObject\",\"inLanguage\":\"de\",\"@id\":\"https:\/\/espaceval.ch\/de\/fete-de-la-piscine-des-combes-2025\/#primaryimage\",\"url\":\"https:\/\/espaceval.ch\/wp-content\/uploads\/2025\/06\/Fete-de-la-piscine-des-Combes-2025-1.jpg\",\"contentUrl\":\"https:\/\/espaceval.ch\/wp-content\/uploads\/2025\/06\/Fete-de-la-piscine-des-Combes-2025-1.jpg\",\"width\":2000,\"height\":1414},{\"@type\":\"BreadcrumbList\",\"@id\":\"https:\/\/espaceval.ch\/de\/fete-de-la-piscine-des-combes-2025\/#breadcrumb\",\"itemListElement\":[{\"@type\":\"ListItem\",\"position\":1,\"name\":\"Accueil\",\"item\":\"https:\/\/espaceval.ch\/de\/\"},{\"@type\":\"ListItem\",\"position\":2,\"name\":\"F\u00eate de la piscine des Combes &#8211; 2025\"}]},{\"@type\":\"WebSite\",\"@id\":\"https:\/\/espaceval.ch\/de\/#website\",\"url\":\"https:\/\/espaceval.ch\/de\/\",\"name\":\"espaceVAL\",\"description\":\"Vitalit\u00e9 | Activit\u00e9 | Loisirs\",\"potentialAction\":[{\"@type\":\"SearchAction\",\"target\":{\"@type\":\"EntryPoint\",\"urlTemplate\":\"https:\/\/espaceval.ch\/de\/?s={search_term_string}\"},\"query-input\":{\"@type\":\"PropertyValueSpecification\",\"valueRequired\":true,\"valueName\":\"search_term_string\"}}],\"inLanguage\":\"de\"},{\"@type\":\"Person\",\"@id\":\"https:\/\/espaceval.ch\/de\/#\/schema\/person\/dd22f242f1b18501ae5a3b4ed941822b\",\"name\":\"espaceVAL\",\"image\":{\"@type\":\"ImageObject\",\"inLanguage\":\"de\",\"@id\":\"https:\/\/espaceval.ch\/de\/#\/schema\/person\/image\/\",\"url\":\"https:\/\/secure.gravatar.com\/avatar\/87b3bc56f2fe224bdc10a24865523d0bd8f784e13f8c5e0d6b1921e68f16e737?s=96&d=mm&r=g\",\"contentUrl\":\"https:\/\/secure.gravatar.com\/avatar\/87b3bc56f2fe224bdc10a24865523d0bd8f784e13f8c5e0d6b1921e68f16e737?s=96&d=mm&r=g\",\"caption\":\"espaceVAL\"},\"url\":\"https:\/\/espaceval.ch\/de\/author\/tpage\/\"}]}<\/script>\n<!-- \/ Yoast SEO plugin. -->","yoast_head_json":{"title":"F\u00eate de la piscine des Combes - 2025 | Activit\u00e9s | Spectacle","description":"Activit\u00e9s toute la journ\u00e9e pour cette \u00e9dition 2025. Bapt\u00eame de plong\u00e9e, tennis de table, badminton et spectacle","robots":{"index":"index","follow":"follow","max-snippet":"max-snippet:-1","max-image-preview":"max-image-preview:large","max-video-preview":"max-video-preview:-1"},"canonical":"https:\/\/espaceval.ch\/de\/fete-de-la-piscine-des-combes-2025\/","og_locale":"de_DE","og_type":"article","og_title":"F\u00eate de la piscine des Combes - 2025 | Activit\u00e9s | Spectacle","og_description":"Activit\u00e9s toute la journ\u00e9e pour cette \u00e9dition 2025. Bapt\u00eame de plong\u00e9e, tennis de table, badminton et spectacle","og_url":"https:\/\/espaceval.ch\/de\/fete-de-la-piscine-des-combes-2025\/","og_site_name":"espaceVAL","article_published_time":"2025-07-11T08:03:44+00:00","article_modified_time":"2025-08-18T06:51:59+00:00","og_image":[{"width":2000,"height":1414,"url":"https:\/\/espaceval.ch\/wp-content\/uploads\/2025\/06\/Fete-de-la-piscine-des-Combes-2025-1.jpg","type":"image\/jpeg"}],"author":"espaceVAL","twitter_card":"summary_large_image","twitter_misc":{"Verfasst von":"espaceVAL","Gesch\u00e4tzte Lesezeit":"7\u00a0Minuten"},"schema":{"@context":"https:\/\/schema.org","@graph":[{"@type":"WebPage","@id":"https:\/\/espaceval.ch\/de\/fete-de-la-piscine-des-combes-2025\/","url":"https:\/\/espaceval.ch\/de\/fete-de-la-piscine-des-combes-2025\/","name":"F\u00eate de la piscine des Combes - 2025 | Activit\u00e9s | Spectacle","isPartOf":{"@id":"https:\/\/espaceval.ch\/de\/#website"},"primaryImageOfPage":{"@id":"https:\/\/espaceval.ch\/de\/fete-de-la-piscine-des-combes-2025\/#primaryimage"},"image":{"@id":"https:\/\/espaceval.ch\/de\/fete-de-la-piscine-des-combes-2025\/#primaryimage"},"thumbnailUrl":"https:\/\/espaceval.ch\/wp-content\/uploads\/2025\/06\/Fete-de-la-piscine-des-Combes-2025-1.jpg","datePublished":"2025-07-11T08:03:44+00:00","dateModified":"2025-08-18T06:51:59+00:00","author":{"@id":"https:\/\/espaceval.ch\/de\/#\/schema\/person\/dd22f242f1b18501ae5a3b4ed941822b"},"description":"Activit\u00e9s toute la journ\u00e9e pour cette \u00e9dition 2025. Bapt\u00eame de plong\u00e9e, tennis de table, badminton et spectacle","breadcrumb":{"@id":"https:\/\/espaceval.ch\/de\/fete-de-la-piscine-des-combes-2025\/#breadcrumb"},"inLanguage":"de","potentialAction":[{"@type":"ReadAction","target":["https:\/\/espaceval.ch\/de\/fete-de-la-piscine-des-combes-2025\/"]}]},{"@type":"ImageObject","inLanguage":"de","@id":"https:\/\/espaceval.ch\/de\/fete-de-la-piscine-des-combes-2025\/#primaryimage","url":"https:\/\/espaceval.ch\/wp-content\/uploads\/2025\/06\/Fete-de-la-piscine-des-Combes-2025-1.jpg","contentUrl":"https:\/\/espaceval.ch\/wp-content\/uploads\/2025\/06\/Fete-de-la-piscine-des-Combes-2025-1.jpg","width":2000,"height":1414},{"@type":"BreadcrumbList","@id":"https:\/\/espaceval.ch\/de\/fete-de-la-piscine-des-combes-2025\/#breadcrumb","itemListElement":[{"@type":"ListItem","position":1,"name":"Accueil","item":"https:\/\/espaceval.ch\/de\/"},{"@type":"ListItem","position":2,"name":"F\u00eate de la piscine des Combes &#8211; 2025"}]},{"@type":"WebSite","@id":"https:\/\/espaceval.ch\/de\/#website","url":"https:\/\/espaceval.ch\/de\/","name":"espaceVAL","description":"Vitalit\u00e9 | Activit\u00e9 | Loisirs","potentialAction":[{"@type":"SearchAction","target":{"@type":"EntryPoint","urlTemplate":"https:\/\/espaceval.ch\/de\/?s={search_term_string}"},"query-input":{"@type":"PropertyValueSpecification","valueRequired":true,"valueName":"search_term_string"}}],"inLanguage":"de"},{"@type":"Person","@id":"https:\/\/espaceval.ch\/de\/#\/schema\/person\/dd22f242f1b18501ae5a3b4ed941822b","name":"espaceVAL","image":{"@type":"ImageObject","inLanguage":"de","@id":"https:\/\/espaceval.ch\/de\/#\/schema\/person\/image\/","url":"https:\/\/secure.gravatar.com\/avatar\/87b3bc56f2fe224bdc10a24865523d0bd8f784e13f8c5e0d6b1921e68f16e737?s=96&d=mm&r=g","contentUrl":"https:\/\/secure.gravatar.com\/avatar\/87b3bc56f2fe224bdc10a24865523d0bd8f784e13f8c5e0d6b1921e68f16e737?s=96&d=mm&r=g","caption":"espaceVAL"},"url":"https:\/\/espaceval.ch\/de\/author\/tpage\/"}]}},"_links":{"self":[{"href":"https:\/\/espaceval.ch\/de\/wp-json\/wp\/v2\/posts\/11437","targetHints":{"allow":["GET"]}}],"collection":[{"href":"https:\/\/espaceval.ch\/de\/wp-json\/wp\/v2\/posts"}],"about":[{"href":"https:\/\/espaceval.ch\/de\/wp-json\/wp\/v2\/types\/post"}],"author":[{"embeddable":true,"href":"https:\/\/espaceval.ch\/de\/wp-json\/wp\/v2\/users\/3"}],"replies":[{"embeddable":true,"href":"https:\/\/espaceval.ch\/de\/wp-json\/wp\/v2\/comments?post=11437"}],"version-history":[{"count":24,"href":"https:\/\/espaceval.ch\/de\/wp-json\/wp\/v2\/posts\/11437\/revisions"}],"predecessor-version":[{"id":11685,"href":"https:\/\/espaceval.ch\/de\/wp-json\/wp\/v2\/posts\/11437\/revisions\/11685"}],"wp:featuredmedia":[{"embeddable":true,"href":"https:\/\/espaceval.ch\/de\/wp-json\/wp\/v2\/media\/11438"}],"wp:attachment":[{"href":"https:\/\/espaceval.ch\/de\/wp-json\/wp\/v2\/media?parent=11437"}],"wp:term":[{"taxonomy":"category","embeddable":true,"href":"https:\/\/espaceval.ch\/de\/wp-json\/wp\/v2\/categories?post=11437"},{"taxonomy":"post_tag","embeddable":true,"href":"https:\/\/espaceval.ch\/de\/wp-json\/wp\/v2\/tags?post=11437"}],"curies":[{"name":"wp","href":"https:\/\/api.w.org\/{rel}","templated":true}]}}