{"id":11014,"date":"2024-12-10T07:55:58","date_gmt":"2024-12-10T07:55:58","guid":{"rendered":"https:\/\/espaceval.ch\/?p=11014"},"modified":"2025-04-14T05:54:52","modified_gmt":"2025-04-14T05:54:52","slug":"exposition-virginie-clement","status":"publish","type":"post","link":"https:\/\/espaceval.ch\/de\/exposition-virginie-clement\/","title":{"rendered":"Exposition &#8211; Virginie Cl\u00e9ment"},"content":{"rendered":"<p>[et_pb_section fb_built=&#8220;1&#8243; fullwidth=&#8220;on&#8220; admin_label=&#8220;Call to Action&#8220; _builder_version=&#8220;4.16&#8243; animation_style=&#8220;slide&#8220; animation_direction=&#8220;bottom&#8220; animation_intensity_slide=&#8220;6%&#8220; animation_starting_opacity=&#8220;100%&#8220; locked=&#8220;off&#8220; global_colors_info=&#8220;{}&#8220;][et_pb_fullwidth_header title=&#8220;Artiste peintre et plasticienne &#8220; button_one_url=&#8220;https:\/\/www.ecole-club.ch\/Offre\/Aquafitness-eau-non-profonde-VdT&#8211;E_1433423_1402&#8243; button_two_url=&#8220;https:\/\/www.ecole-club.ch\/Offre\/Aquafitness-eau-non-profonde-VdT&#8211;E_1433423_1402#\/book0#toppage&#8220; content_max_width=&#8220;800px&#8220; _builder_version=&#8220;4.27.2&#8243; title_level=&#8220;h2&#8243; title_font=&#8220;Montserrat|300|||||||&#8220; title_font_size=&#8220;58px&#8220; title_line_height=&#8220;1.2em&#8220; content_font=&#8220;|300|||||||&#8220; content_font_size=&#8220;16px&#8220; content_line_height=&#8220;1.8em&#8220; background_color=&#8220;rgba(255, 255, 255, 0)&#8220; use_background_color_gradient=&#8220;on&#8220; background_color_gradient_direction=&#8220;90deg&#8220; background_color_gradient_stops=&#8220;rgba(0,0,0,0.75) 0%|rgba(0,0,0,0) 100%&#8220; background_color_gradient_overlays_image=&#8220;on&#8220; background_color_gradient_start=&#8220;rgba(0,0,0,0.75)&#8220; background_color_gradient_end=&#8220;rgba(0,0,0,0)&#8220; background_image=&#8220;https:\/\/espaceval.ch\/wp-content\/uploads\/2025\/01\/Exposition-espaceVAL-2025.jpg&#8220; custom_button_one=&#8220;on&#8220; button_one_text_size=&#8220;16px&#8220; button_one_bg_color=&#8220;#f5a378&#8243; button_one_border_width=&#8220;10px&#8220; button_one_border_color=&#8220;#f5a378&#8243; button_one_border_radius=&#8220;0px&#8220; button_one_letter_spacing=&#8220;0px&#8220; button_one_font=&#8220;|300||on|||||&#8220; button_one_use_icon=&#8220;off&#8220; button_one_custom_margin=&#8220;|5%|||false|false&#8220; custom_button_two=&#8220;on&#8220; button_two_text_size=&#8220;16px&#8220; button_two_text_color=&#8220;#ffffff&#8220; button_two_bg_color=&#8220;#ef7a3f&#8220; button_two_border_width=&#8220;10px&#8220; button_two_border_color=&#8220;#ef7a3f&#8220; button_two_border_radius=&#8220;0px&#8220; button_two_letter_spacing=&#8220;0px&#8220; button_two_font=&#8220;|300||on|||||&#8220; button_two_use_icon=&#8220;off&#8220; button_two_custom_margin=&#8220;|||0px|false|false&#8220; custom_margin=&#8220;|||&#8220; custom_padding=&#8220;8%||8%|&#8220; button_one_letter_spacing_hover=&#8220;1px&#8220; button_two_letter_spacing_hover=&#8220;1px&#8220; global_colors_info=&#8220;{}&#8220; button_one_text_size__hover_enabled=&#8220;off&#8220; button_two_text_size__hover_enabled=&#8220;off&#8220; button_one_text_color__hover_enabled=&#8220;off&#8220; button_two_text_color__hover_enabled=&#8220;off&#8220; button_one_border_width__hover_enabled=&#8220;off&#8220; button_two_border_width__hover_enabled=&#8220;off&#8220; button_one_border_color__hover_enabled=&#8220;on|hover&#8220; button_two_border_color__hover_enabled=&#8220;on|desktop&#8220; button_one_border_radius__hover_enabled=&#8220;off&#8220; button_two_border_radius__hover_enabled=&#8220;off&#8220; button_one_letter_spacing__hover_enabled=&#8220;off|desktop&#8220; button_one_letter_spacing__hover=&#8220;1px&#8220; button_two_letter_spacing__hover_enabled=&#8220;off|hover&#8220; button_two_letter_spacing__hover=&#8220;1px&#8220; button_one_bg_color__hover_enabled=&#8220;on|hover&#8220; button_two_bg_color__hover_enabled=&#8220;on|hover&#8220; button_one_bg_color__hover=&#8220;#e53f12&#8243; button_one_bg_enable_color__hover=&#8220;on&#8220; button_one_border_color__hover=&#8220;#e53f12&#8243; button_two_bg_color__hover=&#8220;#e53f12&#8243; button_two_bg_enable_color__hover=&#8220;on&#8220; button_two_border_color__hover=&#8220;#e53f12&#8243;]<\/p>\n<h3>Virginie Cl\u00e9ment<\/h3>\n<p>[\/et_pb_fullwidth_header][\/et_pb_section][et_pb_section fb_built=&#8220;1&#8243; _builder_version=&#8220;4.16&#8243; custom_padding=&#8220;0px|0px|0px|0px|false|false&#8220; global_colors_info=&#8220;{}&#8220;][et_pb_row column_structure=&#8220;3_5,2_5&#8243; use_custom_gutter=&#8220;on&#8220; gutter_width=&#8220;1&#8243; make_equal=&#8220;on&#8220; _builder_version=&#8220;4.16&#8243; width=&#8220;100%&#8220; max_width=&#8220;100%&#8220; custom_margin=&#8220;||||false|false&#8220; custom_padding=&#8220;0px||0px||false|false&#8220; global_colors_info=&#8220;{}&#8220;][et_pb_column type=&#8220;3_5&#8243; _builder_version=&#8220;4.16&#8243; custom_padding=&#8220;80px|5%|80px|80px|false|false&#8220; global_colors_info=&#8220;{}&#8220;][et_pb_text _builder_version=&#8220;4.27.2&#8243; header_2_font=&#8220;Montserrat|300|||||||&#8220; header_2_text_align=&#8220;left&#8220; header_2_font_size=&#8220;58px&#8220; custom_margin=&#8220;||15px||false|false&#8220; header_2_font_size_tablet=&#8220;&#8220; header_2_font_size_phone=&#8220;40px&#8220; header_2_font_size_last_edited=&#8220;on|phone&#8220; global_colors_info=&#8220;{}&#8220;]<\/p>\n<h2>L&#8217;artiste : Virginie Cl\u00e9ment<\/h2>\n<p>[\/et_pb_text][et_pb_divider color=&#8220;#dd2e5f&#8220; _builder_version=&#8220;4.27.2&#8243; _module_preset=&#8220;default&#8220; width=&#8220;8%&#8220; global_colors_info=&#8220;{}&#8220;][\/et_pb_divider][et_pb_text _builder_version=&#8220;4.27.2&#8243; _module_preset=&#8220;default&#8220; custom_margin=&#8220;2px|||||&#8220; custom_padding=&#8220;||0px|||&#8220; global_colors_info=&#8220;{}&#8220;]<\/p>\n<h4 style=\"text-align: justify;\"><strong>Une artiste engag\u00e9e au service de l\u2019art et de l\u2019humanit\u00e9<\/strong><\/h4>\n<p style=\"text-align: justify;\"><strong>Virginie Cl\u00e9ment<\/strong>, intervenante artistique au sein de l\u2019association <strong>La P\u00e9diatrie Enchant\u00e9e<\/strong>, consacre son travail \u00e0 rendre l\u2019art et la culture accessibles aux enfants et adolescents hospitalis\u00e9s en Lorraine. Elle est \u00e9galement membre active de l\u2019association <strong>Parcours d\u2019artistes de Moselle<\/strong>, s\u2019investissant dans la promotion de l\u2019art local et la cr\u00e9ation de liens entre artistes et public.<\/p>\n<p style=\"text-align: justify;\">Son parcours a \u00e9t\u00e9 salu\u00e9 par l\u2019obtention de <strong>certificats de m\u00e9rite artistique<\/strong> en 2022, 2023 et 2024, d\u00e9cern\u00e9s par le Mus\u00e9e du Luxembourg dans le cadre des concours organis\u00e9s par la Pinacoth\u00e8que de Luxembourg. Ces distinctions refl\u00e8tent la qualit\u00e9 de son travail et sa capacit\u00e9 \u00e0 toucher les c\u0153urs \u00e0 travers ses \u0153uvres.<\/p>\n<h4 style=\"text-align: justify;\"><strong>Une approche artistique profond\u00e9ment \u00e9motionnelle<\/strong><\/h4>\n<p style=\"text-align: justify;\">Virginie Cl\u00e9ment cr\u00e9e des \u0153uvres qui sont le reflet de son <strong>\u00e9motivit\u00e9 et de sa sensibilit\u00e9 extr\u00eames<\/strong>. Chaque toile exprime <strong>\u00ab l\u2019\u00e9motion du moment \u00bb<\/strong>, capturant l\u2019instant pr\u00e9sent ou faisant \u00e9cho \u00e0 des souvenirs et \u00e9motions pass\u00e9es. La <strong>musique<\/strong>, qu\u2019elle \u00e9coute en peignant, nourrit son inspiration et accentue la force \u00e9motionnelle de ses cr\u00e9ations.<\/p>\n<p style=\"text-align: justify;\">Son art est <strong>\u00e9clectique et original<\/strong>, m\u00ealant divers mat\u00e9riaux et techniques : peintures acryliques, feuilles d\u2019or et d\u2019argent, outils vari\u00e9s et supports multiples. Ses \u0153uvres sont con\u00e7ues pour <strong>interagir avec la lumi\u00e8re<\/strong>, \u00e9voluant selon le d\u00e9cor et l\u2019atmosph\u00e8re, et cherchant \u00e0 transporter le spectateur dans un univers de r\u00eave et de r\u00e9flexion.<\/p>\n<p>[\/et_pb_text][\/et_pb_column][et_pb_column type=&#8220;2_5&#8243; _builder_version=&#8220;4.16&#8243; custom_padding=&#8220;80px|5%|80px|80px|false|false&#8220; global_colors_info=&#8220;{}&#8220;][et_pb_image src=&#8220;https:\/\/espaceval.ch\/wp-content\/uploads\/2025\/01\/Lac-Magadi-2-scaled.jpg&#8220; title_text=&#8220;Virginie Cl\u00e9ment artiste 1&#8243; _builder_version=&#8220;4.27.2&#8243; _module_preset=&#8220;default&#8220; global_colors_info=&#8220;{}&#8220;][\/et_pb_image][\/et_pb_column][\/et_pb_row][et_pb_row use_custom_gutter=&#8220;on&#8220; gutter_width=&#8220;1&#8243; make_equal=&#8220;on&#8220; _builder_version=&#8220;4.23&#8243; width=&#8220;100%&#8220; max_width=&#8220;100%&#8220; custom_margin=&#8220;||||false|false&#8220; custom_padding=&#8220;0px||0px||false|false&#8220; global_colors_info=&#8220;{}&#8220;][et_pb_column type=&#8220;4_4&#8243; _builder_version=&#8220;4.16&#8243; custom_padding=&#8220;80px|5%|80px|80px|false|false&#8220; global_colors_info=&#8220;{}&#8220;][et_pb_text _builder_version=&#8220;4.16&#8243; header_2_font=&#8220;Montserrat|300|||||||&#8220; header_2_text_align=&#8220;left&#8220; header_2_font_size=&#8220;58px&#8220; custom_margin=&#8220;||15px||false|false&#8220; header_2_font_size_tablet=&#8220;&#8220; header_2_font_size_phone=&#8220;40px&#8220; header_2_font_size_last_edited=&#8220;on|phone&#8220; global_colors_info=&#8220;{}&#8220;]<\/p>\n<h2>L&#8217;exposition : La Terre vue du ciel<\/h2>\n<p>[\/et_pb_text][et_pb_divider color=&#8220;#dd2e5f&#8220; _builder_version=&#8220;4.16&#8243; _module_preset=&#8220;default&#8220; width=&#8220;8%&#8220; global_colors_info=&#8220;{}&#8220;][\/et_pb_divider][et_pb_text _builder_version=&#8220;4.27.2&#8243; _module_preset=&#8220;default&#8220; custom_margin=&#8220;2px|||||&#8220; custom_padding=&#8220;||0px|||&#8220; global_colors_info=&#8220;{}&#8220;]<\/p>\n<h4 style=\"text-align: justify;\"><strong>Une collection d\u00e9di\u00e9e \u00e0 la plan\u00e8te : \u00ab La Terre vue du Ciel \u00bb<\/strong><\/h4>\n<p style=\"text-align: justify;\">Cette collection s\u2019inspire des photographies a\u00e9riennes de <strong>Yann Arthus-Bertrand<\/strong>, c\u00e9l\u00e8bre photographe et \u00e9cologiste fran\u00e7ais. Virginie Cl\u00e9ment a eu l\u2019opportunit\u00e9 de le rencontrer en d\u00e9cembre 2023, un moment marquant de sa carri\u00e8re. Lors de cette rencontre, l\u2019artiste a pr\u00e9sent\u00e9 ses \u0153uvres, parmi lesquelles <strong>\u00ab Lac Magadi \u00bb<\/strong>, une cr\u00e9ation qui figure parmi les photographies pr\u00e9f\u00e9r\u00e9es d\u2019Arthus-Bertrand. S\u00e9duit par son travail, il a choisi de photographier cette toile pour son projet <strong>\u00ab Les Fran\u00e7ais \u00bb<\/strong>, un livre \u00e0 para\u00eetre prochainement.<\/p>\n<p style=\"text-align: justify;\">Cette reconnaissance est pour Virginie Cl\u00e9ment une grande fiert\u00e9 et un encouragement \u00e0 poursuivre son engagement pour l\u2019environnement \u00e0 travers son art.<\/p>\n<h4 style=\"text-align: justify;\"><strong>La libellule : un symbole de fragilit\u00e9 et de libert\u00e9<\/strong><\/h4>\n<p style=\"text-align: justify;\">Une <strong>libellule<\/strong> se cache dans chacune de ses \u0153uvres, se fondant subtilement dans les couleurs et les textures. Cet insecte, symbole de <strong>libert\u00e9, de fragilit\u00e9 et de fugacit\u00e9<\/strong>, incarne aussi la diversit\u00e9 et l\u2019interconnexion de la vie sur Terre. Pour Virginie Cl\u00e9ment, la libellule est une signature embl\u00e9matique, rappelant la pr\u00e9carit\u00e9 et la beaut\u00e9 de l\u2019existence.<\/p>\n<h4 style=\"text-align: justify;\"><strong>Un message artistique et \u00e9cologique<\/strong><\/h4>\n<p style=\"text-align: justify;\">Avec <strong>\u00ab La Terre vue du Ciel \u00bb<\/strong>, Virginie Cl\u00e9ment souhaite honorer la beaut\u00e9 de notre plan\u00e8te tout en sensibilisant le public \u00e0 la n\u00e9cessit\u00e9 de la pr\u00e9server. Chaque toile invite \u00e0 contempler, \u00e0 r\u00eaver, mais aussi \u00e0 r\u00e9fl\u00e9chir sur notre r\u00f4le face aux d\u00e9fis environnementaux et sur l\u2019importance de vivre en harmonie avec la nature.<\/p>\n<p style=\"text-align: justify;\">Elle sacralise la plan\u00e8te en utilisant des mat\u00e9riaux pr\u00e9cieux comme les <strong>feuilles d\u2019or et d\u2019argent<\/strong>, qui symbolisent la lumi\u00e8re et la renaissance. \u00c0 travers ses \u0153uvres, elle transmet des messages d\u2019espoir, de renouveau et de r\u00e9silience.<\/p>\n<h4 style=\"text-align: justify;\"><strong>Un art au service de l\u2019entraide<\/strong><\/h4>\n<p style=\"text-align: justify;\">Anim\u00e9e par des valeurs d&#8217;entraide, d&#8217;humanisme et un profond engagement, mes \u0153uvres artistiques deviennent \u00e9galement un moyen essentiel de soutenir des causes importantes. Ainsi, une partie des ventes est revers\u00e9e pour contribuer \u00e0 des actions solidaires. Pour moi, <strong>agir est une source de bonheur<\/strong> !<\/p>\n<p style=\"text-align: justify;\">Ces contributions financi\u00e8res permettent de soutenir des associations fran\u00e7aises et internationales, telles que <strong>La P\u00e9diatrie Enchant\u00e9e<\/strong>, <strong>What Water<\/strong>, <strong>UNICEF<\/strong>, la <strong>Fondation GoodPlanet<\/strong>, ou encore des organisations \u0153uvrant pour les droits des femmes, la lutte contre le cancer et la protection de la vie sous toutes ses formes.<\/p>\n<h4 style=\"text-align: justify;\"><strong>Un art au service des espaces professionnels<\/strong><\/h4>\n<p style=\"text-align: justify;\">Les peintures de Virginie Cl\u00e9ment ne se limitent pas aux galeries : elles trouvent \u00e9galement leur place dans les int\u00e9rieurs professionnels tels que les entreprises, institutions et h\u00f4tels. Ses \u0153uvres, pens\u00e9es pour habiller des espaces comme des offices notariaux, banques, salles de conf\u00e9rences ou encore des lieux d\u2019accueil prestigieux, apportent une touche de raffinement et d\u2019\u00e9motion tout en cr\u00e9ant une atmosph\u00e8re inspirante et unique.<\/p>\n<p>[\/et_pb_text][\/et_pb_column][\/et_pb_row][et_pb_row column_structure=&#8220;1_3,1_3,1_3&#8243; use_custom_gutter=&#8220;on&#8220; gutter_width=&#8220;1&#8243; make_equal=&#8220;on&#8220; _builder_version=&#8220;4.16&#8243; width=&#8220;100%&#8220; max_width=&#8220;100%&#8220; custom_margin=&#8220;||||false|false&#8220; custom_padding=&#8220;0px||0px||false|false&#8220; global_colors_info=&#8220;{}&#8220;][et_pb_column type=&#8220;1_3&#8243; _builder_version=&#8220;4.16&#8243; custom_padding=&#8220;80px|5%|80px|80px|false|false&#8220; global_colors_info=&#8220;{}&#8220;][et_pb_image src=&#8220;https:\/\/espaceval.ch\/wp-content\/uploads\/2025\/01\/Image2.jpg&#8220; alt=&#8220;Photo exposition Sandoz 1&#8243; title_text=&#8220;Virginie Cl\u00e9ment artiste 2025 2&#8243; _builder_version=&#8220;4.27.2&#8243; _module_preset=&#8220;default&#8220; global_colors_info=&#8220;{}&#8220;][\/et_pb_image][\/et_pb_column][et_pb_column type=&#8220;1_3&#8243; _builder_version=&#8220;4.16&#8243; custom_padding=&#8220;80px|5%|80px|80px|false|false&#8220; global_colors_info=&#8220;{}&#8220;][et_pb_image src=&#8220;https:\/\/espaceval.ch\/wp-content\/uploads\/2025\/01\/IMG_20250103_171346-scaled.jpg&#8220; alt=&#8220;Photo exposition Sandoz 2&#8243; title_text=&#8220;Virginie Cl\u00e9ment artiste 2025 4&#8243; _builder_version=&#8220;4.27.2&#8243; _module_preset=&#8220;default&#8220; global_colors_info=&#8220;{}&#8220;][\/et_pb_image][\/et_pb_column][et_pb_column type=&#8220;1_3&#8243; _builder_version=&#8220;4.16&#8243; custom_padding=&#8220;80px|5%|80px|80px|false|false&#8220; global_colors_info=&#8220;{}&#8220;][et_pb_image src=&#8220;https:\/\/espaceval.ch\/wp-content\/uploads\/2025\/01\/Image3.jpg&#8220; alt=&#8220;Photo exposition Sandoz 2&#8243; title_text=&#8220;Virginie Cl\u00e9ment artiste 2025 3&#8243; _builder_version=&#8220;4.27.2&#8243; _module_preset=&#8220;default&#8220; global_colors_info=&#8220;{}&#8220;][\/et_pb_image][\/et_pb_column][\/et_pb_row][\/et_pb_section][et_pb_section fb_built=&#8220;1&#8243; _builder_version=&#8220;4.16&#8243; _module_preset=&#8220;default&#8220; background_color=&#8220;#dd2e5f&#8220; custom_padding=&#8220;0px||0px|||&#8220; global_colors_info=&#8220;{}&#8220;][et_pb_row column_structure=&#8220;1_2,1_2&#8243; use_custom_gutter=&#8220;on&#8220; gutter_width=&#8220;1&#8243; make_equal=&#8220;on&#8220; _builder_version=&#8220;4.16&#8243; background_color=&#8220;#dd2e5f&#8220; width=&#8220;100%&#8220; max_width=&#8220;100%&#8220; custom_margin=&#8220;||||false|false&#8220; custom_padding=&#8220;0px||0px||false|false&#8220; global_colors_info=&#8220;{}&#8220;][et_pb_column type=&#8220;1_2&#8243; _builder_version=&#8220;4.16&#8243; custom_padding=&#8220;80px|5%|80px|80px|false|false&#8220; global_colors_info=&#8220;{}&#8220;][et_pb_blurb title=&#8220;Date et lieu&#8220; use_icon=&#8220;on&#8220; font_icon=&#8220;&#xe023;||divi||400&#8243; icon_color=&#8220;#ffffff&#8220; _builder_version=&#8220;4.16&#8243; header_font=&#8220;|300|||||||&#8220; header_font_size=&#8220;30px&#8220; header_line_height=&#8220;1.2em&#8220; body_font=&#8220;|300|||||||&#8220; background_layout=&#8220;dark&#8220; custom_padding=&#8220;||0px|||&#8220; global_colors_info=&#8220;{}&#8220;]<\/p>\n<p>Exposition : samedi 22 mars au dimanche 13 avril<\/p>\n<p style=\"text-align: left;\">Hall d&#8217;espaceVAL<\/p>\n<p>[\/et_pb_blurb][\/et_pb_column][et_pb_column type=&#8220;1_2&#8243; _builder_version=&#8220;4.16&#8243; custom_padding=&#8220;80px|5%|80px|80px|false|false&#8220; global_colors_info=&#8220;{}&#8220;][et_pb_blurb title=&#8220;Virginie Cl\u00e9ment&#8220; use_icon=&#8220;on&#8220; font_icon=&#8220;&#xe010;||divi||400&#8243; icon_color=&#8220;#ffffff&#8220; _builder_version=&#8220;4.27.2&#8243; header_font=&#8220;|300|||||||&#8220; header_font_size=&#8220;30px&#8220; header_line_height=&#8220;1.2em&#8220; body_font=&#8220;|300|||||||&#8220; background_layout=&#8220;dark&#8220; custom_padding=&#8220;||0px|||&#8220; hover_enabled=&#8220;0&#8243; locked=&#8220;off&#8220; global_colors_info=&#8220;{}&#8220; sticky_enabled=&#8220;0&#8243;]<\/p>\n<p><span style=\"color: #ffffff;\"><span style=\"text-decoration: underline;\"><a href=\"mailto:virginie.clement23@numericable.fr\" style=\"color: #ffffff; text-decoration: underline;\">virginie.clement23@numericable.fr<\/a><\/span><\/span><\/p>\n<p><span style=\"text-decoration: underline;\"><span style=\"color: #ffffff; text-decoration: underline;\"><a href=\"https:\/\/www.instagram.com\/virginieclement18\/\" style=\"color: #ffffff; text-decoration: underline;\">Instagram<\/a><\/span><\/span><\/p>\n<p><a href=\"https:\/\/www.facebook.com\/virginie.clement.poppy\"><span style=\"text-decoration: underline;\"><span style=\"color: #ffffff; text-decoration: underline;\">Facebook<\/span><\/span><\/a><span style=\"text-decoration: underline;\"><\/span><\/p>\n<p><span><\/span><\/p>\n<p>[\/et_pb_blurb][\/et_pb_column][\/et_pb_row][\/et_pb_section]<\/p>\n","protected":false},"excerpt":{"rendered":"<p>Virginie Cl\u00e9ment cr\u00e9e des \u0153uvres qui sont le reflet de son \u00e9motivit\u00e9 et de sa sensibilit\u00e9 extr\u00eames.<\/p>\n","protected":false},"author":3,"featured_media":11077,"comment_status":"closed","ping_status":"open","sticky":false,"template":"","format":"standard","meta":{"_et_pb_use_builder":"on","_et_pb_old_content":"","_et_gb_content_width":"","_monsterinsights_skip_tracking":false,"_monsterinsights_sitenote_active":false,"_monsterinsights_sitenote_note":"","_monsterinsights_sitenote_category":0,"footnotes":""},"categories":[32],"tags":[],"class_list":["post-11014","post","type-post","status-publish","format-standard","has-post-thumbnail","hentry","category-exposition-passee"],"yoast_head":"<!-- This site is optimized with the Yoast SEO plugin v25.6 - https:\/\/yoast.com\/wordpress\/plugins\/seo\/ -->\n<title>Exposition - Virginie Cl\u00e9ment | espaceVAL<\/title>\n<meta name=\"description\" content=\"Virginie Cl\u00e9ment cr\u00e9e des \u0153uvres qui sont le reflet de son \u00e9motivit\u00e9 et de sa sensibilit\u00e9 extr\u00eames.\" \/>\n<meta name=\"robots\" content=\"index, follow, max-snippet:-1, max-image-preview:large, max-video-preview:-1\" \/>\n<link rel=\"canonical\" href=\"https:\/\/espaceval.ch\/de\/exposition-virginie-clement\/\" \/>\n<meta property=\"og:locale\" content=\"de_DE\" \/>\n<meta property=\"og:type\" content=\"article\" \/>\n<meta property=\"og:title\" content=\"Exposition - Virginie Cl\u00e9ment | espaceVAL\" \/>\n<meta property=\"og:description\" content=\"Virginie Cl\u00e9ment cr\u00e9e des \u0153uvres qui sont le reflet de son \u00e9motivit\u00e9 et de sa sensibilit\u00e9 extr\u00eames.\" \/>\n<meta property=\"og:url\" content=\"https:\/\/espaceval.ch\/de\/exposition-virginie-clement\/\" \/>\n<meta property=\"og:site_name\" content=\"espaceVAL\" \/>\n<meta property=\"article:published_time\" content=\"2024-12-10T07:55:58+00:00\" \/>\n<meta property=\"article:modified_time\" content=\"2025-04-14T05:54:52+00:00\" \/>\n<meta property=\"og:image\" content=\"https:\/\/espaceval.ch\/wp-content\/uploads\/2025\/01\/Image3.jpg\" \/>\n\t<meta property=\"og:image:width\" content=\"781\" \/>\n\t<meta property=\"og:image:height\" content=\"579\" \/>\n\t<meta property=\"og:image:type\" content=\"image\/jpeg\" \/>\n<meta name=\"author\" content=\"espaceVAL\" \/>\n<meta name=\"twitter:card\" content=\"summary_large_image\" \/>\n<meta name=\"twitter:label1\" content=\"Verfasst von\" \/>\n\t<meta name=\"twitter:data1\" content=\"espaceVAL\" \/>\n\t<meta name=\"twitter:label2\" content=\"Gesch\u00e4tzte Lesezeit\" \/>\n\t<meta name=\"twitter:data2\" content=\"5\u00a0Minuten\" \/>\n<script type=\"application\/ld+json\" class=\"yoast-schema-graph\">{\"@context\":\"https:\/\/schema.org\",\"@graph\":[{\"@type\":\"WebPage\",\"@id\":\"https:\/\/espaceval.ch\/de\/exposition-virginie-clement\/\",\"url\":\"https:\/\/espaceval.ch\/de\/exposition-virginie-clement\/\",\"name\":\"Exposition - Virginie Cl\u00e9ment | espaceVAL\",\"isPartOf\":{\"@id\":\"https:\/\/espaceval.ch\/de\/#website\"},\"primaryImageOfPage\":{\"@id\":\"https:\/\/espaceval.ch\/de\/exposition-virginie-clement\/#primaryimage\"},\"image\":{\"@id\":\"https:\/\/espaceval.ch\/de\/exposition-virginie-clement\/#primaryimage\"},\"thumbnailUrl\":\"https:\/\/espaceval.ch\/wp-content\/uploads\/2025\/01\/Image3.jpg\",\"datePublished\":\"2024-12-10T07:55:58+00:00\",\"dateModified\":\"2025-04-14T05:54:52+00:00\",\"author\":{\"@id\":\"https:\/\/espaceval.ch\/de\/#\/schema\/person\/dd22f242f1b18501ae5a3b4ed941822b\"},\"description\":\"Virginie Cl\u00e9ment cr\u00e9e des \u0153uvres qui sont le reflet de son \u00e9motivit\u00e9 et de sa sensibilit\u00e9 extr\u00eames.\",\"breadcrumb\":{\"@id\":\"https:\/\/espaceval.ch\/de\/exposition-virginie-clement\/#breadcrumb\"},\"inLanguage\":\"de\",\"potentialAction\":[{\"@type\":\"ReadAction\",\"target\":[\"https:\/\/espaceval.ch\/de\/exposition-virginie-clement\/\"]}]},{\"@type\":\"ImageObject\",\"inLanguage\":\"de\",\"@id\":\"https:\/\/espaceval.ch\/de\/exposition-virginie-clement\/#primaryimage\",\"url\":\"https:\/\/espaceval.ch\/wp-content\/uploads\/2025\/01\/Image3.jpg\",\"contentUrl\":\"https:\/\/espaceval.ch\/wp-content\/uploads\/2025\/01\/Image3.jpg\",\"width\":781,\"height\":579},{\"@type\":\"BreadcrumbList\",\"@id\":\"https:\/\/espaceval.ch\/de\/exposition-virginie-clement\/#breadcrumb\",\"itemListElement\":[{\"@type\":\"ListItem\",\"position\":1,\"name\":\"Accueil\",\"item\":\"https:\/\/espaceval.ch\/de\/\"},{\"@type\":\"ListItem\",\"position\":2,\"name\":\"Exposition &#8211; Virginie Cl\u00e9ment\"}]},{\"@type\":\"WebSite\",\"@id\":\"https:\/\/espaceval.ch\/de\/#website\",\"url\":\"https:\/\/espaceval.ch\/de\/\",\"name\":\"espaceVAL\",\"description\":\"Vitalit\u00e9 | Activit\u00e9 | Loisirs\",\"potentialAction\":[{\"@type\":\"SearchAction\",\"target\":{\"@type\":\"EntryPoint\",\"urlTemplate\":\"https:\/\/espaceval.ch\/de\/?s={search_term_string}\"},\"query-input\":{\"@type\":\"PropertyValueSpecification\",\"valueRequired\":true,\"valueName\":\"search_term_string\"}}],\"inLanguage\":\"de\"},{\"@type\":\"Person\",\"@id\":\"https:\/\/espaceval.ch\/de\/#\/schema\/person\/dd22f242f1b18501ae5a3b4ed941822b\",\"name\":\"espaceVAL\",\"image\":{\"@type\":\"ImageObject\",\"inLanguage\":\"de\",\"@id\":\"https:\/\/espaceval.ch\/de\/#\/schema\/person\/image\/\",\"url\":\"https:\/\/secure.gravatar.com\/avatar\/87b3bc56f2fe224bdc10a24865523d0bd8f784e13f8c5e0d6b1921e68f16e737?s=96&d=mm&r=g\",\"contentUrl\":\"https:\/\/secure.gravatar.com\/avatar\/87b3bc56f2fe224bdc10a24865523d0bd8f784e13f8c5e0d6b1921e68f16e737?s=96&d=mm&r=g\",\"caption\":\"espaceVAL\"},\"url\":\"https:\/\/espaceval.ch\/de\/author\/tpage\/\"}]}<\/script>\n<!-- \/ Yoast SEO plugin. -->","yoast_head_json":{"title":"Exposition - Virginie Cl\u00e9ment | espaceVAL","description":"Virginie Cl\u00e9ment cr\u00e9e des \u0153uvres qui sont le reflet de son \u00e9motivit\u00e9 et de sa sensibilit\u00e9 extr\u00eames.","robots":{"index":"index","follow":"follow","max-snippet":"max-snippet:-1","max-image-preview":"max-image-preview:large","max-video-preview":"max-video-preview:-1"},"canonical":"https:\/\/espaceval.ch\/de\/exposition-virginie-clement\/","og_locale":"de_DE","og_type":"article","og_title":"Exposition - Virginie Cl\u00e9ment | espaceVAL","og_description":"Virginie Cl\u00e9ment cr\u00e9e des \u0153uvres qui sont le reflet de son \u00e9motivit\u00e9 et de sa sensibilit\u00e9 extr\u00eames.","og_url":"https:\/\/espaceval.ch\/de\/exposition-virginie-clement\/","og_site_name":"espaceVAL","article_published_time":"2024-12-10T07:55:58+00:00","article_modified_time":"2025-04-14T05:54:52+00:00","og_image":[{"width":781,"height":579,"url":"https:\/\/espaceval.ch\/wp-content\/uploads\/2025\/01\/Image3.jpg","type":"image\/jpeg"}],"author":"espaceVAL","twitter_card":"summary_large_image","twitter_misc":{"Verfasst von":"espaceVAL","Gesch\u00e4tzte Lesezeit":"5\u00a0Minuten"},"schema":{"@context":"https:\/\/schema.org","@graph":[{"@type":"WebPage","@id":"https:\/\/espaceval.ch\/de\/exposition-virginie-clement\/","url":"https:\/\/espaceval.ch\/de\/exposition-virginie-clement\/","name":"Exposition - Virginie Cl\u00e9ment | espaceVAL","isPartOf":{"@id":"https:\/\/espaceval.ch\/de\/#website"},"primaryImageOfPage":{"@id":"https:\/\/espaceval.ch\/de\/exposition-virginie-clement\/#primaryimage"},"image":{"@id":"https:\/\/espaceval.ch\/de\/exposition-virginie-clement\/#primaryimage"},"thumbnailUrl":"https:\/\/espaceval.ch\/wp-content\/uploads\/2025\/01\/Image3.jpg","datePublished":"2024-12-10T07:55:58+00:00","dateModified":"2025-04-14T05:54:52+00:00","author":{"@id":"https:\/\/espaceval.ch\/de\/#\/schema\/person\/dd22f242f1b18501ae5a3b4ed941822b"},"description":"Virginie Cl\u00e9ment cr\u00e9e des \u0153uvres qui sont le reflet de son \u00e9motivit\u00e9 et de sa sensibilit\u00e9 extr\u00eames.","breadcrumb":{"@id":"https:\/\/espaceval.ch\/de\/exposition-virginie-clement\/#breadcrumb"},"inLanguage":"de","potentialAction":[{"@type":"ReadAction","target":["https:\/\/espaceval.ch\/de\/exposition-virginie-clement\/"]}]},{"@type":"ImageObject","inLanguage":"de","@id":"https:\/\/espaceval.ch\/de\/exposition-virginie-clement\/#primaryimage","url":"https:\/\/espaceval.ch\/wp-content\/uploads\/2025\/01\/Image3.jpg","contentUrl":"https:\/\/espaceval.ch\/wp-content\/uploads\/2025\/01\/Image3.jpg","width":781,"height":579},{"@type":"BreadcrumbList","@id":"https:\/\/espaceval.ch\/de\/exposition-virginie-clement\/#breadcrumb","itemListElement":[{"@type":"ListItem","position":1,"name":"Accueil","item":"https:\/\/espaceval.ch\/de\/"},{"@type":"ListItem","position":2,"name":"Exposition &#8211; Virginie Cl\u00e9ment"}]},{"@type":"WebSite","@id":"https:\/\/espaceval.ch\/de\/#website","url":"https:\/\/espaceval.ch\/de\/","name":"espaceVAL","description":"Vitalit\u00e9 | Activit\u00e9 | Loisirs","potentialAction":[{"@type":"SearchAction","target":{"@type":"EntryPoint","urlTemplate":"https:\/\/espaceval.ch\/de\/?s={search_term_string}"},"query-input":{"@type":"PropertyValueSpecification","valueRequired":true,"valueName":"search_term_string"}}],"inLanguage":"de"},{"@type":"Person","@id":"https:\/\/espaceval.ch\/de\/#\/schema\/person\/dd22f242f1b18501ae5a3b4ed941822b","name":"espaceVAL","image":{"@type":"ImageObject","inLanguage":"de","@id":"https:\/\/espaceval.ch\/de\/#\/schema\/person\/image\/","url":"https:\/\/secure.gravatar.com\/avatar\/87b3bc56f2fe224bdc10a24865523d0bd8f784e13f8c5e0d6b1921e68f16e737?s=96&d=mm&r=g","contentUrl":"https:\/\/secure.gravatar.com\/avatar\/87b3bc56f2fe224bdc10a24865523d0bd8f784e13f8c5e0d6b1921e68f16e737?s=96&d=mm&r=g","caption":"espaceVAL"},"url":"https:\/\/espaceval.ch\/de\/author\/tpage\/"}]}},"_links":{"self":[{"href":"https:\/\/espaceval.ch\/de\/wp-json\/wp\/v2\/posts\/11014","targetHints":{"allow":["GET"]}}],"collection":[{"href":"https:\/\/espaceval.ch\/de\/wp-json\/wp\/v2\/posts"}],"about":[{"href":"https:\/\/espaceval.ch\/de\/wp-json\/wp\/v2\/types\/post"}],"author":[{"embeddable":true,"href":"https:\/\/espaceval.ch\/de\/wp-json\/wp\/v2\/users\/3"}],"replies":[{"embeddable":true,"href":"https:\/\/espaceval.ch\/de\/wp-json\/wp\/v2\/comments?post=11014"}],"version-history":[{"count":13,"href":"https:\/\/espaceval.ch\/de\/wp-json\/wp\/v2\/posts\/11014\/revisions"}],"predecessor-version":[{"id":11103,"href":"https:\/\/espaceval.ch\/de\/wp-json\/wp\/v2\/posts\/11014\/revisions\/11103"}],"wp:featuredmedia":[{"embeddable":true,"href":"https:\/\/espaceval.ch\/de\/wp-json\/wp\/v2\/media\/11077"}],"wp:attachment":[{"href":"https:\/\/espaceval.ch\/de\/wp-json\/wp\/v2\/media?parent=11014"}],"wp:term":[{"taxonomy":"category","embeddable":true,"href":"https:\/\/espaceval.ch\/de\/wp-json\/wp\/v2\/categories?post=11014"},{"taxonomy":"post_tag","embeddable":true,"href":"https:\/\/espaceval.ch\/de\/wp-json\/wp\/v2\/tags?post=11014"}],"curies":[{"name":"wp","href":"https:\/\/api.w.org\/{rel}","templated":true}]}}