{"id":10970,"date":"2025-03-02T08:13:36","date_gmt":"2025-03-02T08:13:36","guid":{"rendered":"https:\/\/espaceval.ch\/?p=10970"},"modified":"2025-04-07T08:59:19","modified_gmt":"2025-04-07T08:59:19","slug":"activites-dimanche-sportif","status":"publish","type":"post","link":"https:\/\/espaceval.ch\/de\/activites-dimanche-sportif\/","title":{"rendered":"Activit\u00e9s &#8211; Dimanche sportif"},"content":{"rendered":"<p>[et_pb_section fb_built=&#8220;1&#8243; fullwidth=&#8220;on&#8220; _builder_version=&#8220;4.16&#8243; _module_preset=&#8220;default&#8220; global_colors_info=&#8220;{}&#8220;][et_pb_fullwidth_header title=&#8220;Activit\u00e9s&#8220; subhead=&#8220;18.11.2024&#8243; button_one_url=&#8220;https:\/\/webceg.ne.ch\/gelore_web\/gelore2_ne.pack_gelore2_web2.gelore_web4_accueil?p_societes=4&#038;p_cat=INF_SPO&#038;p_cat2=CSR&#038;p_cat3=&#038;p_cat4=&#038;p_cat5= &#8220; button_two_url=&#8220;https:\/\/espaceval.ch\/reservation-salle\/&#8220; content_max_width=&#8220;1920px&#8220; module_id=&#8220;salle&#8220; _builder_version=&#8220;4.27.2&#8243; title_level=&#8220;h2&#8243; title_font=&#8220;Montserrat|300|||||||&#8220; title_font_size=&#8220;58px&#8220; title_line_height=&#8220;1.2em&#8220; content_font=&#8220;||||||||&#8220; content_font_size=&#8220;20px&#8220; content_line_height=&#8220;1.8em&#8220; background_color=&#8220;#ef7a3f&#8220; background_color_gradient_direction=&#8220;90deg&#8220; background_enable_image=&#8220;off&#8220; custom_button_one=&#8220;on&#8220; button_one_text_size=&#8220;16px&#8220; button_one_bg_color=&#8220;#372658&#8243; button_one_border_width=&#8220;10px&#8220; button_one_border_color=&#8220;#372658&#8243; button_one_border_radius=&#8220;0px&#8220; button_one_letter_spacing=&#8220;0px&#8220; button_one_font=&#8220;|300||on|||||&#8220; button_one_use_icon=&#8220;off&#8220; button_one_rel=&#8220;off|off|off|off|off&#8220; button_one_custom_margin=&#8220;|5%|||false|false&#8220; custom_button_two=&#8220;on&#8220; button_two_text_size=&#8220;16px&#8220; button_two_text_color=&#8220;#ffffff&#8220; button_two_bg_color=&#8220;#60528d&#8220; button_two_border_width=&#8220;10px&#8220; button_two_border_color=&#8220;#60528d&#8220; button_two_border_radius=&#8220;0px&#8220; button_two_letter_spacing=&#8220;0px&#8220; button_two_font=&#8220;|300||on|||||&#8220; button_two_use_icon=&#8220;off&#8220; button_two_custom_margin=&#8220;|||0px|false|false&#8220; custom_margin=&#8220;|||&#8220; custom_padding=&#8220;8%||8%|&#8220; link_option_url_new_window=&#8220;on&#8220; button_one_letter_spacing_hover=&#8220;1px&#8220; button_two_letter_spacing_hover=&#8220;1px&#8220; global_colors_info=&#8220;{}&#8220; button_one_text_size__hover_enabled=&#8220;off&#8220; button_two_text_size__hover_enabled=&#8220;off&#8220; button_one_text_color__hover_enabled=&#8220;off&#8220; button_two_text_color__hover_enabled=&#8220;off&#8220; button_one_border_width__hover_enabled=&#8220;off&#8220; button_two_border_width__hover_enabled=&#8220;off&#8220; button_one_border_color__hover_enabled=&#8220;on|hover&#8220; button_two_border_color__hover_enabled=&#8220;on|hover&#8220; button_one_border_radius__hover_enabled=&#8220;off&#8220; button_two_border_radius__hover_enabled=&#8220;off&#8220; button_one_letter_spacing__hover_enabled=&#8220;off|desktop&#8220; button_one_letter_spacing__hover=&#8220;1px&#8220; button_two_letter_spacing__hover_enabled=&#8220;off|hover&#8220; button_two_letter_spacing__hover=&#8220;1px&#8220; button_one_bg_color__hover_enabled=&#8220;on|hover&#8220; button_two_bg_color__hover_enabled=&#8220;on|hover&#8220; button_one_bg_color__hover=&#8220;#60528d&#8220; button_one_bg_enable_color__hover=&#8220;on&#8220; button_one_border_color__hover=&#8220;#60528d&#8220; button_two_bg_color__hover=&#8220;#372658&#8243; button_two_bg_enable_color__hover=&#8220;on&#8220; button_two_border_color__hover=&#8220;#372658&#8243;]<\/p>\n<h3>Dimanche sportif<\/h3>\n<p>[\/et_pb_fullwidth_header][\/et_pb_section][et_pb_section fb_built=&#8220;1&#8243; disabled_on=&#8220;off|off|off&#8220; _builder_version=&#8220;4.16&#8243; custom_padding=&#8220;||0px|||&#8220; global_colors_info=&#8220;{}&#8220;][et_pb_row _builder_version=&#8220;4.16&#8243; global_colors_info=&#8220;{}&#8220;][et_pb_column type=&#8220;4_4&#8243; _builder_version=&#8220;4.16&#8243; global_colors_info=&#8220;{}&#8220;][et_pb_text _builder_version=&#8220;4.27.2&#8243; text_font=&#8220;|300|||||||&#8220; text_font_size=&#8220;16px&#8220; text_line_height=&#8220;1.8em&#8220; header_font=&#8220;||||||||&#8220; custom_padding=&#8220;0px||0px|||&#8220; animation_direction=&#8220;left&#8220; global_colors_info=&#8220;{}&#8220;]<\/p>\n<div class=\"\" data-block=\"true\" data-editor=\"1tt5o\" data-offset-key=\"8nfic-0-0\">\n<div class=\"_1mf _1mj\" data-offset-key=\"8nfic-0-0\">\n<div class=\"\" data-block=\"true\" data-editor=\"cm8j6\" data-offset-key=\"ed9rb-0-0\">\n<div class=\"_1mf _1mj\" data-offset-key=\"ed9rb-0-0\">\n<div class=\"\" data-block=\"true\" data-editor=\"589rq\" data-offset-key=\"6lg1-0-0\">\n<div class=\"\" data-block=\"true\" data-editor=\"7a3bt\" data-offset-key=\"5mkd0-0-0\">\n<div class=\"x11i5rnm xat24cr x1mh8g0r x1vvkbs xtlvy1s x126k92a\">\n<div dir=\"auto\">\n<div class=\"\" data-block=\"true\" data-editor=\"2p9kb\" data-offset-key=\"91pli-0-0\">\n<div class=\"_1mf _1mj\" data-offset-key=\"91pli-0-0\">\n<div class=\"\" data-block=\"true\" data-editor=\"fql8f\" data-offset-key=\"b1biq-0-0\">\n<div class=\"_1mf _1mj\" data-offset-key=\"b1biq-0-0\">\n<div class=\"node__content\">\n<div class=\"clearfix text-formatted field field--name-body field--type-text-with-summary field--label-hidden field__item\">\n<div class=\"x11i5rnm xat24cr x1mh8g0r x1vvkbs xtlvy1s x126k92a\">\n<div dir=\"auto\">En partenariat avec des associations sportives, la Commune de Val-de-Travers annonce la mise en place de son concept de promotion du sport avec \u00ab Dimanche sportif \u00bb afin d\u2019encourager l\u2019activit\u00e9 physique au sein des familles (d\u00e8s l\u2019\u00e2ge de la 3\u00e8me Harmos)<\/div>\n<div dir=\"auto\">\u00a0<span style=\"font-size: 16px;\"> \u00a0<\/span><\/div>\n<\/div>\n<div class=\"x11i5rnm xat24cr x1mh8g0r x1vvkbs xtlvy1s x126k92a\">\n<div dir=\"auto\">Chaque matin\u00e9e sera encadr\u00e9e par un club qui proposera des activit\u00e9s en lien avec leur sport.<\/div>\n<div dir=\"auto\">\u00a0\u00a0<\/div>\n<div dir=\"auto\">Ce dimanche 09 mars, matin\u00e9e encadr\u00e9e par le FC Val-de-travers.\u00a0 09h00 &#8211; 12h00 dans les salles de sport d&#8217;espaceVAL.<\/div>\n<div dir=\"auto\"><\/div>\n<\/div>\n<div class=\"x11i5rnm xat24cr x1mh8g0r x1vvkbs xtlvy1s x126k92a\">\n<ul>\n<li dir=\"auto\">\u00a0Matin\u00e9es gratuites<\/li>\n<li dir=\"auto\">\u00a0Activit\u00e9s parent-enfant<\/li>\n<li dir=\"auto\">\u00a0Ouvert \u00e0 tout le monde<\/li>\n<li dir=\"auto\">\u00a0Il est possible de participer \u00e0 une ou plusieurs matin\u00e9es<\/li>\n<li dir=\"auto\">\u00a0Vous \u00eates libre de venir et repartir quand vous le souhaitez<\/li>\n<li dir=\"auto\">\u00a0Les enfants doivent \u00eatre accompagn\u00e9s d&#8217;au moins un adulte<\/li>\n<li dir=\"auto\">\u00a0Pensez \u00e0 prendre une gourde et des habits adapt\u00e9s<\/li>\n<li dir=\"auto\">\u00a0Location de patins possible. Prendre un casque pour le hockey. Cannes \u00e0 disposition.<\/li>\n<\/ul>\n<\/div>\n<div class=\"x11i5rnm xat24cr x1mh8g0r x1vvkbs xtlvy1s x126k92a\">\n<div dir=\"auto\">Questions : <a href=\"mailto:cultureloisirssports.vdt@ne.ch\">cultureloisirssports.vdt@ne.ch<\/a><\/div>\n<\/div>\n<div class=\"x11i5rnm xat24cr x1mh8g0r x1vvkbs xtlvy1s x126k92a\">\n<div dir=\"auto\">Communiqu\u00e9 de presse : <span class=\"html-span xdj266r x11i5rnm xat24cr x1mh8g0r xexx8yu x4uap5 x18d9i69 xkhd6sd x1hl2dhg x16tdsg8 x1vvkbs\"><a class=\"x1i10hfl xjbqb8w x1ejq31n xd10rxx x1sy0etr x17r0tee x972fbf xcfux6l x1qhh985 xm0m39n x9f619 x1ypdohk xt0psk2 xe8uvvx xdj266r x11i5rnm xat24cr x1mh8g0r xexx8yu x4uap5 x18d9i69 xkhd6sd x16tdsg8 x1hl2dhg xggy1nq x1a2a7pz x1sur9pj xkrqix3 x1fey0fg x1s688f\" role=\"link\" href=\"https:\/\/www.val-de-travers.ch\/node\/3370?fbclid=IwZXh0bgNhZW0CMTAAAR0-2gXpRjvVQ1n9AwUSB7JRx5_Vqg8-YYJDD7iBwmEoFj20_Bm2COS9aGY_aem_f7zWH9rpQ-olbE1W-bVn-w\" target=\"_blank\" rel=\"nofollow noopener noreferrer\" tabindex=\"0\">https:\/\/www.val-de-travers.ch\/node\/3370<\/a><\/span><\/div>\n<\/div>\n<\/div>\n<\/div>\n<\/div>\n<\/div>\n<\/div>\n<\/div>\n<\/div>\n<\/div>\n<\/div>\n<\/div>\n<\/div>\n<\/div>\n<\/div>\n<\/div>\n<p>[\/et_pb_text][et_pb_image src=&#8220;https:\/\/espaceval.ch\/wp-content\/uploads\/2024\/11\/Dimanche-sportif.png&#8220; title_text=&#8220;Dimanche sportif espaceVAL Val-de-Travers&#8220; _builder_version=&#8220;4.27.2&#8243; _module_preset=&#8220;default&#8220; global_colors_info=&#8220;{}&#8220;][\/et_pb_image][\/et_pb_column][\/et_pb_row][\/et_pb_section]<\/p>\n","protected":false},"excerpt":{"rendered":"<p>En partenariat avec des associations sportives, la Commune de Val-de-Travers annonce la mise en place de son concept de promotion du sport.<\/p>\n","protected":false},"author":3,"featured_media":10978,"comment_status":"open","ping_status":"open","sticky":false,"template":"","format":"standard","meta":{"_et_pb_use_builder":"on","_et_pb_old_content":"","_et_gb_content_width":"","_monsterinsights_skip_tracking":false,"_monsterinsights_sitenote_active":false,"_monsterinsights_sitenote_note":"","_monsterinsights_sitenote_category":0,"footnotes":""},"categories":[13,30],"tags":[],"class_list":["post-10970","post","type-post","status-publish","format-standard","has-post-thumbnail","hentry","category-actualite","category-manifestation-passee"],"yoast_head":"<!-- This site is optimized with the Yoast SEO plugin v25.6 - https:\/\/yoast.com\/wordpress\/plugins\/seo\/ -->\n<title>Activit\u00e9s - Dimanche sportif<\/title>\n<meta name=\"description\" content=\"En partenariat avec des associations sportives, la Commune de Val-de-Travers annonce la mise en place de son concept de promotion du sport.\" \/>\n<meta name=\"robots\" content=\"index, follow, max-snippet:-1, max-image-preview:large, max-video-preview:-1\" \/>\n<link rel=\"canonical\" href=\"https:\/\/espaceval.ch\/de\/activites-dimanche-sportif\/\" \/>\n<meta property=\"og:locale\" content=\"de_DE\" \/>\n<meta property=\"og:type\" content=\"article\" \/>\n<meta property=\"og:title\" content=\"Activit\u00e9s - Dimanche sportif\" \/>\n<meta property=\"og:description\" content=\"En partenariat avec des associations sportives, la Commune de Val-de-Travers annonce la mise en place de son concept de promotion du sport.\" \/>\n<meta property=\"og:url\" content=\"https:\/\/espaceval.ch\/de\/activites-dimanche-sportif\/\" \/>\n<meta property=\"og:site_name\" content=\"espaceVAL\" \/>\n<meta property=\"article:published_time\" content=\"2025-03-02T08:13:36+00:00\" \/>\n<meta property=\"article:modified_time\" content=\"2025-04-07T08:59:19+00:00\" \/>\n<meta property=\"og:image\" content=\"https:\/\/espaceval.ch\/wp-content\/uploads\/2024\/11\/newsletter-1.jpg\" \/>\n\t<meta property=\"og:image:width\" content=\"960\" \/>\n\t<meta property=\"og:image:height\" content=\"600\" \/>\n\t<meta property=\"og:image:type\" content=\"image\/jpeg\" \/>\n<meta name=\"author\" content=\"espaceVAL\" \/>\n<meta name=\"twitter:card\" content=\"summary_large_image\" \/>\n<meta name=\"twitter:label1\" content=\"Verfasst von\" \/>\n\t<meta name=\"twitter:data1\" content=\"espaceVAL\" \/>\n\t<meta name=\"twitter:label2\" content=\"Gesch\u00e4tzte Lesezeit\" \/>\n\t<meta name=\"twitter:data2\" content=\"2\u00a0Minuten\" \/>\n<script type=\"application\/ld+json\" class=\"yoast-schema-graph\">{\"@context\":\"https:\/\/schema.org\",\"@graph\":[{\"@type\":\"WebPage\",\"@id\":\"https:\/\/espaceval.ch\/de\/activites-dimanche-sportif\/\",\"url\":\"https:\/\/espaceval.ch\/de\/activites-dimanche-sportif\/\",\"name\":\"Activit\u00e9s - Dimanche sportif\",\"isPartOf\":{\"@id\":\"https:\/\/espaceval.ch\/de\/#website\"},\"primaryImageOfPage\":{\"@id\":\"https:\/\/espaceval.ch\/de\/activites-dimanche-sportif\/#primaryimage\"},\"image\":{\"@id\":\"https:\/\/espaceval.ch\/de\/activites-dimanche-sportif\/#primaryimage\"},\"thumbnailUrl\":\"https:\/\/espaceval.ch\/wp-content\/uploads\/2024\/11\/newsletter-1.jpg\",\"datePublished\":\"2025-03-02T08:13:36+00:00\",\"dateModified\":\"2025-04-07T08:59:19+00:00\",\"author\":{\"@id\":\"https:\/\/espaceval.ch\/de\/#\/schema\/person\/dd22f242f1b18501ae5a3b4ed941822b\"},\"description\":\"En partenariat avec des associations sportives, la Commune de Val-de-Travers annonce la mise en place de son concept de promotion du sport.\",\"breadcrumb\":{\"@id\":\"https:\/\/espaceval.ch\/de\/activites-dimanche-sportif\/#breadcrumb\"},\"inLanguage\":\"de\",\"potentialAction\":[{\"@type\":\"ReadAction\",\"target\":[\"https:\/\/espaceval.ch\/de\/activites-dimanche-sportif\/\"]}]},{\"@type\":\"ImageObject\",\"inLanguage\":\"de\",\"@id\":\"https:\/\/espaceval.ch\/de\/activites-dimanche-sportif\/#primaryimage\",\"url\":\"https:\/\/espaceval.ch\/wp-content\/uploads\/2024\/11\/newsletter-1.jpg\",\"contentUrl\":\"https:\/\/espaceval.ch\/wp-content\/uploads\/2024\/11\/newsletter-1.jpg\",\"width\":960,\"height\":600},{\"@type\":\"BreadcrumbList\",\"@id\":\"https:\/\/espaceval.ch\/de\/activites-dimanche-sportif\/#breadcrumb\",\"itemListElement\":[{\"@type\":\"ListItem\",\"position\":1,\"name\":\"Accueil\",\"item\":\"https:\/\/espaceval.ch\/de\/\"},{\"@type\":\"ListItem\",\"position\":2,\"name\":\"Activit\u00e9s &#8211; Dimanche sportif\"}]},{\"@type\":\"WebSite\",\"@id\":\"https:\/\/espaceval.ch\/de\/#website\",\"url\":\"https:\/\/espaceval.ch\/de\/\",\"name\":\"espaceVAL\",\"description\":\"Vitalit\u00e9 | Activit\u00e9 | Loisirs\",\"potentialAction\":[{\"@type\":\"SearchAction\",\"target\":{\"@type\":\"EntryPoint\",\"urlTemplate\":\"https:\/\/espaceval.ch\/de\/?s={search_term_string}\"},\"query-input\":{\"@type\":\"PropertyValueSpecification\",\"valueRequired\":true,\"valueName\":\"search_term_string\"}}],\"inLanguage\":\"de\"},{\"@type\":\"Person\",\"@id\":\"https:\/\/espaceval.ch\/de\/#\/schema\/person\/dd22f242f1b18501ae5a3b4ed941822b\",\"name\":\"espaceVAL\",\"image\":{\"@type\":\"ImageObject\",\"inLanguage\":\"de\",\"@id\":\"https:\/\/espaceval.ch\/de\/#\/schema\/person\/image\/\",\"url\":\"https:\/\/secure.gravatar.com\/avatar\/87b3bc56f2fe224bdc10a24865523d0bd8f784e13f8c5e0d6b1921e68f16e737?s=96&d=mm&r=g\",\"contentUrl\":\"https:\/\/secure.gravatar.com\/avatar\/87b3bc56f2fe224bdc10a24865523d0bd8f784e13f8c5e0d6b1921e68f16e737?s=96&d=mm&r=g\",\"caption\":\"espaceVAL\"},\"url\":\"https:\/\/espaceval.ch\/de\/author\/tpage\/\"}]}<\/script>\n<!-- \/ Yoast SEO plugin. -->","yoast_head_json":{"title":"Activit\u00e9s - Dimanche sportif","description":"En partenariat avec des associations sportives, la Commune de Val-de-Travers annonce la mise en place de son concept de promotion du sport.","robots":{"index":"index","follow":"follow","max-snippet":"max-snippet:-1","max-image-preview":"max-image-preview:large","max-video-preview":"max-video-preview:-1"},"canonical":"https:\/\/espaceval.ch\/de\/activites-dimanche-sportif\/","og_locale":"de_DE","og_type":"article","og_title":"Activit\u00e9s - Dimanche sportif","og_description":"En partenariat avec des associations sportives, la Commune de Val-de-Travers annonce la mise en place de son concept de promotion du sport.","og_url":"https:\/\/espaceval.ch\/de\/activites-dimanche-sportif\/","og_site_name":"espaceVAL","article_published_time":"2025-03-02T08:13:36+00:00","article_modified_time":"2025-04-07T08:59:19+00:00","og_image":[{"width":960,"height":600,"url":"https:\/\/espaceval.ch\/wp-content\/uploads\/2024\/11\/newsletter-1.jpg","type":"image\/jpeg"}],"author":"espaceVAL","twitter_card":"summary_large_image","twitter_misc":{"Verfasst von":"espaceVAL","Gesch\u00e4tzte Lesezeit":"2\u00a0Minuten"},"schema":{"@context":"https:\/\/schema.org","@graph":[{"@type":"WebPage","@id":"https:\/\/espaceval.ch\/de\/activites-dimanche-sportif\/","url":"https:\/\/espaceval.ch\/de\/activites-dimanche-sportif\/","name":"Activit\u00e9s - Dimanche sportif","isPartOf":{"@id":"https:\/\/espaceval.ch\/de\/#website"},"primaryImageOfPage":{"@id":"https:\/\/espaceval.ch\/de\/activites-dimanche-sportif\/#primaryimage"},"image":{"@id":"https:\/\/espaceval.ch\/de\/activites-dimanche-sportif\/#primaryimage"},"thumbnailUrl":"https:\/\/espaceval.ch\/wp-content\/uploads\/2024\/11\/newsletter-1.jpg","datePublished":"2025-03-02T08:13:36+00:00","dateModified":"2025-04-07T08:59:19+00:00","author":{"@id":"https:\/\/espaceval.ch\/de\/#\/schema\/person\/dd22f242f1b18501ae5a3b4ed941822b"},"description":"En partenariat avec des associations sportives, la Commune de Val-de-Travers annonce la mise en place de son concept de promotion du sport.","breadcrumb":{"@id":"https:\/\/espaceval.ch\/de\/activites-dimanche-sportif\/#breadcrumb"},"inLanguage":"de","potentialAction":[{"@type":"ReadAction","target":["https:\/\/espaceval.ch\/de\/activites-dimanche-sportif\/"]}]},{"@type":"ImageObject","inLanguage":"de","@id":"https:\/\/espaceval.ch\/de\/activites-dimanche-sportif\/#primaryimage","url":"https:\/\/espaceval.ch\/wp-content\/uploads\/2024\/11\/newsletter-1.jpg","contentUrl":"https:\/\/espaceval.ch\/wp-content\/uploads\/2024\/11\/newsletter-1.jpg","width":960,"height":600},{"@type":"BreadcrumbList","@id":"https:\/\/espaceval.ch\/de\/activites-dimanche-sportif\/#breadcrumb","itemListElement":[{"@type":"ListItem","position":1,"name":"Accueil","item":"https:\/\/espaceval.ch\/de\/"},{"@type":"ListItem","position":2,"name":"Activit\u00e9s &#8211; Dimanche sportif"}]},{"@type":"WebSite","@id":"https:\/\/espaceval.ch\/de\/#website","url":"https:\/\/espaceval.ch\/de\/","name":"espaceVAL","description":"Vitalit\u00e9 | Activit\u00e9 | Loisirs","potentialAction":[{"@type":"SearchAction","target":{"@type":"EntryPoint","urlTemplate":"https:\/\/espaceval.ch\/de\/?s={search_term_string}"},"query-input":{"@type":"PropertyValueSpecification","valueRequired":true,"valueName":"search_term_string"}}],"inLanguage":"de"},{"@type":"Person","@id":"https:\/\/espaceval.ch\/de\/#\/schema\/person\/dd22f242f1b18501ae5a3b4ed941822b","name":"espaceVAL","image":{"@type":"ImageObject","inLanguage":"de","@id":"https:\/\/espaceval.ch\/de\/#\/schema\/person\/image\/","url":"https:\/\/secure.gravatar.com\/avatar\/87b3bc56f2fe224bdc10a24865523d0bd8f784e13f8c5e0d6b1921e68f16e737?s=96&d=mm&r=g","contentUrl":"https:\/\/secure.gravatar.com\/avatar\/87b3bc56f2fe224bdc10a24865523d0bd8f784e13f8c5e0d6b1921e68f16e737?s=96&d=mm&r=g","caption":"espaceVAL"},"url":"https:\/\/espaceval.ch\/de\/author\/tpage\/"}]}},"_links":{"self":[{"href":"https:\/\/espaceval.ch\/de\/wp-json\/wp\/v2\/posts\/10970","targetHints":{"allow":["GET"]}}],"collection":[{"href":"https:\/\/espaceval.ch\/de\/wp-json\/wp\/v2\/posts"}],"about":[{"href":"https:\/\/espaceval.ch\/de\/wp-json\/wp\/v2\/types\/post"}],"author":[{"embeddable":true,"href":"https:\/\/espaceval.ch\/de\/wp-json\/wp\/v2\/users\/3"}],"replies":[{"embeddable":true,"href":"https:\/\/espaceval.ch\/de\/wp-json\/wp\/v2\/comments?post=10970"}],"version-history":[{"count":8,"href":"https:\/\/espaceval.ch\/de\/wp-json\/wp\/v2\/posts\/10970\/revisions"}],"predecessor-version":[{"id":11195,"href":"https:\/\/espaceval.ch\/de\/wp-json\/wp\/v2\/posts\/10970\/revisions\/11195"}],"wp:featuredmedia":[{"embeddable":true,"href":"https:\/\/espaceval.ch\/de\/wp-json\/wp\/v2\/media\/10978"}],"wp:attachment":[{"href":"https:\/\/espaceval.ch\/de\/wp-json\/wp\/v2\/media?parent=10970"}],"wp:term":[{"taxonomy":"category","embeddable":true,"href":"https:\/\/espaceval.ch\/de\/wp-json\/wp\/v2\/categories?post=10970"},{"taxonomy":"post_tag","embeddable":true,"href":"https:\/\/espaceval.ch\/de\/wp-json\/wp\/v2\/tags?post=10970"}],"curies":[{"name":"wp","href":"https:\/\/api.w.org\/{rel}","templated":true}]}}