{"id":10906,"date":"2024-09-19T14:26:40","date_gmt":"2024-09-19T14:26:40","guid":{"rendered":"https:\/\/espaceval.ch\/?p=10906"},"modified":"2024-09-19T14:26:45","modified_gmt":"2024-09-19T14:26:45","slug":"information-appel-a-idee","status":"publish","type":"post","link":"https:\/\/espaceval.ch\/de\/information-appel-a-idee\/","title":{"rendered":"Information &#8211; Appel \u00e0 id\u00e9e"},"content":{"rendered":"<p>[et_pb_section fb_built=&#8220;1&#8243; fullwidth=&#8220;on&#8220; _builder_version=&#8220;4.16&#8243; _module_preset=&#8220;default&#8220; global_colors_info=&#8220;{}&#8220;][et_pb_fullwidth_header title=&#8220;Information&#8220; subhead=&#8220;19.09.2024&#8243; button_one_url=&#8220;https:\/\/webceg.ne.ch\/gelore_web\/gelore2_ne.pack_gelore2_web2.gelore_web4_accueil?p_societes=4&#038;p_cat=INF_SPO&#038;p_cat2=CSR&#038;p_cat3=&#038;p_cat4=&#038;p_cat5= &#8220; button_two_url=&#8220;https:\/\/espaceval.ch\/reservation-salle\/&#8220; content_max_width=&#8220;1920px&#8220; module_id=&#8220;salle&#8220; _builder_version=&#8220;4.26.0&#8243; title_level=&#8220;h2&#8243; title_font=&#8220;Montserrat|300|||||||&#8220; title_font_size=&#8220;58px&#8220; title_line_height=&#8220;1.2em&#8220; content_font=&#8220;||||||||&#8220; content_font_size=&#8220;20px&#8220; content_line_height=&#8220;1.8em&#8220; background_color=&#8220;#ef7a3f&#8220; background_color_gradient_direction=&#8220;90deg&#8220; background_enable_image=&#8220;off&#8220; custom_button_one=&#8220;on&#8220; button_one_text_size=&#8220;16px&#8220; button_one_bg_color=&#8220;#372658&#8243; button_one_border_width=&#8220;10px&#8220; button_one_border_color=&#8220;#372658&#8243; button_one_border_radius=&#8220;0px&#8220; button_one_letter_spacing=&#8220;0px&#8220; button_one_font=&#8220;|300||on|||||&#8220; button_one_use_icon=&#8220;off&#8220; button_one_rel=&#8220;off|off|off|off|off&#8220; button_one_custom_margin=&#8220;|5%|||false|false&#8220; custom_button_two=&#8220;on&#8220; button_two_text_size=&#8220;16px&#8220; button_two_text_color=&#8220;#ffffff&#8220; button_two_bg_color=&#8220;#60528d&#8220; button_two_border_width=&#8220;10px&#8220; button_two_border_color=&#8220;#60528d&#8220; button_two_border_radius=&#8220;0px&#8220; button_two_letter_spacing=&#8220;0px&#8220; button_two_font=&#8220;|300||on|||||&#8220; button_two_use_icon=&#8220;off&#8220; button_two_custom_margin=&#8220;|||0px|false|false&#8220; custom_margin=&#8220;|||&#8220; custom_padding=&#8220;8%||8%|&#8220; link_option_url_new_window=&#8220;on&#8220; hover_enabled=&#8220;0&#8243; button_one_letter_spacing_hover=&#8220;1px&#8220; button_two_letter_spacing_hover=&#8220;1px&#8220; global_colors_info=&#8220;{}&#8220; button_one_text_size__hover_enabled=&#8220;off&#8220; button_two_text_size__hover_enabled=&#8220;off&#8220; button_one_text_color__hover_enabled=&#8220;off&#8220; button_two_text_color__hover_enabled=&#8220;off&#8220; button_one_border_width__hover_enabled=&#8220;off&#8220; button_two_border_width__hover_enabled=&#8220;off&#8220; button_one_border_color__hover_enabled=&#8220;on|hover&#8220; button_two_border_color__hover_enabled=&#8220;on|hover&#8220; button_one_border_radius__hover_enabled=&#8220;off&#8220; button_two_border_radius__hover_enabled=&#8220;off&#8220; button_one_letter_spacing__hover_enabled=&#8220;off|desktop&#8220; button_one_letter_spacing__hover=&#8220;1px&#8220; button_two_letter_spacing__hover_enabled=&#8220;off|hover&#8220; button_two_letter_spacing__hover=&#8220;1px&#8220; button_one_bg_color__hover_enabled=&#8220;on|hover&#8220; button_two_bg_color__hover_enabled=&#8220;on|hover&#8220; button_one_bg_color__hover=&#8220;#60528d&#8220; button_one_bg_enable_color__hover=&#8220;on&#8220; button_one_border_color__hover=&#8220;#60528d&#8220; button_two_bg_color__hover=&#8220;#372658&#8243; button_two_bg_enable_color__hover=&#8220;on&#8220; button_two_border_color__hover=&#8220;#372658&#8243; sticky_enabled=&#8220;0&#8243;]<\/p>\n<h3>Appel \u00e0 id\u00e9e &#8211; Bande herbeuse d&#8217;espaceVAL<\/h3>\n<p>[\/et_pb_fullwidth_header][\/et_pb_section][et_pb_section fb_built=&#8220;1&#8243; disabled_on=&#8220;off|off|off&#8220; _builder_version=&#8220;4.16&#8243; custom_padding=&#8220;||0px|||&#8220; global_colors_info=&#8220;{}&#8220;][et_pb_row _builder_version=&#8220;4.16&#8243; global_colors_info=&#8220;{}&#8220;][et_pb_column type=&#8220;4_4&#8243; _builder_version=&#8220;4.16&#8243; global_colors_info=&#8220;{}&#8220;][et_pb_text _builder_version=&#8220;4.26.0&#8243; text_font=&#8220;|300|||||||&#8220; text_font_size=&#8220;16px&#8220; text_line_height=&#8220;1.8em&#8220; header_font=&#8220;||||||||&#8220; custom_padding=&#8220;0px||0px|||&#8220; animation_direction=&#8220;left&#8220; hover_enabled=&#8220;0&#8243; global_colors_info=&#8220;{}&#8220; sticky_enabled=&#8220;0&#8243;]<\/p>\n<div class=\"\" data-block=\"true\" data-editor=\"1tt5o\" data-offset-key=\"8nfic-0-0\">\n<div class=\"_1mf _1mj\" data-offset-key=\"8nfic-0-0\">\n<div class=\"\" data-block=\"true\" data-editor=\"cm8j6\" data-offset-key=\"ed9rb-0-0\">\n<div class=\"_1mf _1mj\" data-offset-key=\"ed9rb-0-0\">\n<div class=\"\" data-block=\"true\" data-editor=\"589rq\" data-offset-key=\"6lg1-0-0\">\n<div class=\"\" data-block=\"true\" data-editor=\"7a3bt\" data-offset-key=\"5mkd0-0-0\">\n<div class=\"x11i5rnm xat24cr x1mh8g0r x1vvkbs xtlvy1s x126k92a\">\n<div dir=\"auto\">\n<div class=\"\" data-block=\"true\" data-editor=\"2p9kb\" data-offset-key=\"91pli-0-0\">\n<div class=\"_1mf _1mj\" data-offset-key=\"91pli-0-0\">\n<div class=\"\" data-block=\"true\" data-editor=\"fql8f\" data-offset-key=\"b1biq-0-0\">\n<div class=\"_1mf _1mj\" data-offset-key=\"b1biq-0-0\">\n<div class=\"node__content\">\n<div class=\"clearfix text-formatted field field--name-body field--type-text-with-summary field--label-hidden field__item\">\n<p>Le Conseil communal invite les citoyennes et les citoyens \u00e0 proposer des id\u00e9es pour l\u2019am\u00e9nagement de la bande herbeuse d\u2019espaceVAL.<\/p>\n<p>&nbsp;<\/p>\n<p>La commune lance un appel \u00e0 id\u00e9es pour la mise en valeur de la bande herbeuse situ\u00e9e au nord du terrain de foot d\u2019espaceVAL. L\u2019usage de cette zone \u00e9tait autrefois partag\u00e9 avec l\u2019ECAP qui n\u2019en a plus l\u2019utilit\u00e9 aujourd\u2019hui et la commune peut dor\u00e9navant en disposer librement. Ainsi, une r\u00e9flexion globale \u00e0 long terme pour correspondre aux besoins des clubs et de la population est envisag\u00e9e.<\/p>\n<p>La cr\u00e9ation d&#8217;un espace convivial et fonctionnel permettrait de favoriser les interactions sociales et de r\u00e9pondre \u00e0 la demande croissante d&#8217;activit\u00e9s sportives et r\u00e9cr\u00e9atives. C\u2019est pourquoi le Conseil communal vous sollicite aujourd\u2019hui afin de donner l\u2019impulsion au projet d\u2019am\u00e9nagement de cette zone.<\/p>\n<p>Nous cherchons des propositions r\u00e9alistes et financi\u00e8rement raisonnables qui tiennent compte des besoins des Vallonni\u00e8res et des Vallonniers et qui puissent s\u2019int\u00e9grer harmonieusement \u00e0 l\u2019environnement existant.<\/p>\n<p>Plusieurs axes sont d\u00e9j\u00e0 envisag\u00e9s :<\/p>\n<ul>\n<li>B\u00e2timent multifonction avec buvette, vestiaires et salles de r\u00e9ception<\/li>\n<li>Terrain de padel (sport de raquette qui se joue sur un court encadr\u00e9 de vitres et grillages et divis\u00e9 par un filet).<\/li>\n<\/ul>\n<p>&nbsp;<\/p>\n<p>Voici les surfaces disponibles (cf. image ci-dessous) :<\/p>\n<ul>\n<li>\u00ab Grand rectangle \u00bb : ~1&#8217;500 m2 (~80m de long x ~20m de large)<\/li>\n<li>\u00ab Petit rectangle \u00bb : ~200 m2 (~25m de long x ~8m de large)<\/li>\n<\/ul>\n<\/div>\n<\/div>\n<div class=\"field field--name-field-attached field--type-file field--label-hidden field__items\">\n<div class=\"field__item\"><\/div>\n<\/div>\n<\/div>\n<\/div>\n<\/div>\n<\/div>\n<\/div>\n<\/div>\n<\/div>\n<\/div>\n<\/div>\n<\/div>\n<\/div>\n<\/div>\n<p>[\/et_pb_text][et_pb_image src=&#8220;https:\/\/espaceval.ch\/wp-content\/uploads\/2024\/09\/Bande-herbeuse-espaceVAL-1.jpg&#8220; title_text=&#8220;Bande herbeuse espaceVAL 1&#8243; align=&#8220;center&#8220; _builder_version=&#8220;4.26.0&#8243; _module_preset=&#8220;default&#8220; global_colors_info=&#8220;{}&#8220;][\/et_pb_image][et_pb_image src=&#8220;https:\/\/espaceval.ch\/wp-content\/uploads\/2024\/09\/Bande-herbeuse-espaceVAL-2.jpg&#8220; title_text=&#8220;Bande herbeuse espaceVAL 2&#8243; align=&#8220;center&#8220; _builder_version=&#8220;4.26.0&#8243; _module_preset=&#8220;default&#8220; global_colors_info=&#8220;{}&#8220;][\/et_pb_image][et_pb_text _builder_version=&#8220;4.26.0&#8243; text_font=&#8220;|300|||||||&#8220; text_font_size=&#8220;16px&#8220; text_line_height=&#8220;1.8em&#8220; header_font=&#8220;||||||||&#8220; custom_padding=&#8220;0px||0px|||&#8220; animation_direction=&#8220;left&#8220; global_colors_info=&#8220;{}&#8220;]<\/p>\n<div class=\"\" data-block=\"true\" data-editor=\"1tt5o\" data-offset-key=\"8nfic-0-0\">\n<div class=\"_1mf _1mj\" data-offset-key=\"8nfic-0-0\">\n<div class=\"\" data-block=\"true\" data-editor=\"cm8j6\" data-offset-key=\"ed9rb-0-0\">\n<div class=\"_1mf _1mj\" data-offset-key=\"ed9rb-0-0\">\n<div class=\"\" data-block=\"true\" data-editor=\"589rq\" data-offset-key=\"6lg1-0-0\">\n<div class=\"\" data-block=\"true\" data-editor=\"7a3bt\" data-offset-key=\"5mkd0-0-0\">\n<div class=\"x11i5rnm xat24cr x1mh8g0r x1vvkbs xtlvy1s x126k92a\">\n<div dir=\"auto\">\n<div class=\"\" data-block=\"true\" data-editor=\"2p9kb\" data-offset-key=\"91pli-0-0\">\n<div class=\"_1mf _1mj\" data-offset-key=\"91pli-0-0\">\n<div class=\"\" data-block=\"true\" data-editor=\"fql8f\" data-offset-key=\"b1biq-0-0\">\n<div class=\"_1mf _1mj\" data-offset-key=\"b1biq-0-0\">\n<div class=\"node__content\">\n<div class=\"clearfix text-formatted field field--name-body field--type-text-with-summary field--label-hidden field__item\">\n<p>Merci de soumettre vos id\u00e9es avant le 31 octobre 2024 par courriel ou par courrier :<\/p>\n<ul>\n<li>Commune de Val-de-Travers<\/li>\n<li>Culture,loisirs et sports<\/li>\n<li>Rue du Clos-Pury 15<\/li>\n<li>2108 Couvet<\/li>\n<li><a href=\"mailto:cultureloisirssports.vdt@ne.ch\">cultureloisirssports.vdt@ne.ch<\/a><\/li>\n<\/ul>\n<p>En cas de questions ou de compl\u00e9ments d\u2019informations, nous vous r\u00e9pondrons volontiers via l\u2019adresse \u00e9lectronique pr\u00e9cit\u00e9e ou par t\u00e9l\u00e9phone au 032 889 69 19.<\/p>\n<p>Nous nous r\u00e9jouissons d\u2019ores et d\u00e9j\u00e0 de d\u00e9couvrir vos propositions et de pouvoir en r\u00e9aliser certaines. Vos id\u00e9es sont cruciales pour fa\u00e7onner un espace qui sera au service de toute la population. Nous comptons sur votre cr\u00e9ativit\u00e9 et votre engagement pour faire de ce projet un succ\u00e8s.<\/p>\n<ul><\/ul>\n<\/div>\n<\/div>\n<div class=\"field field--name-field-attached field--type-file field--label-hidden field__items\">\n<div class=\"field__item\"><\/div>\n<\/div>\n<\/div>\n<\/div>\n<\/div>\n<\/div>\n<\/div>\n<\/div>\n<\/div>\n<\/div>\n<\/div>\n<\/div>\n<\/div>\n<\/div>\n<p>[\/et_pb_text][\/et_pb_column][\/et_pb_row][\/et_pb_section]<\/p>\n","protected":false},"excerpt":{"rendered":"<p>Le Conseil communal invite les citoyennes et les citoyens \u00e0 proposer des id\u00e9es pour l\u2019am\u00e9nagement de la bande herbeuse d\u2019espaceVAL.<\/p>\n","protected":false},"author":3,"featured_media":10911,"comment_status":"open","ping_status":"open","sticky":false,"template":"","format":"standard","meta":{"_et_pb_use_builder":"on","_et_pb_old_content":"","_et_gb_content_width":"","_monsterinsights_skip_tracking":false,"_monsterinsights_sitenote_active":false,"_monsterinsights_sitenote_note":"","_monsterinsights_sitenote_category":0,"footnotes":""},"categories":[13],"tags":[],"class_list":["post-10906","post","type-post","status-publish","format-standard","has-post-thumbnail","hentry","category-actualite"],"yoast_head":"<!-- This site is optimized with the Yoast SEO plugin v25.6 - https:\/\/yoast.com\/wordpress\/plugins\/seo\/ -->\n<title>Information - Appel \u00e0 id\u00e9e<\/title>\n<meta name=\"description\" content=\"Le Conseil communal invite les citoyennes et les citoyens \u00e0 proposer des id\u00e9es pour l\u2019am\u00e9nagement de la bande herbeuse d\u2019espaceVAL.\" \/>\n<meta name=\"robots\" content=\"index, follow, max-snippet:-1, max-image-preview:large, max-video-preview:-1\" \/>\n<link rel=\"canonical\" href=\"https:\/\/espaceval.ch\/de\/information-appel-a-idee\/\" \/>\n<meta property=\"og:locale\" content=\"de_DE\" \/>\n<meta property=\"og:type\" content=\"article\" \/>\n<meta property=\"og:title\" content=\"Information - Appel \u00e0 id\u00e9e\" \/>\n<meta property=\"og:description\" content=\"Le Conseil communal invite les citoyennes et les citoyens \u00e0 proposer des id\u00e9es pour l\u2019am\u00e9nagement de la bande herbeuse d\u2019espaceVAL.\" \/>\n<meta property=\"og:url\" content=\"https:\/\/espaceval.ch\/de\/information-appel-a-idee\/\" \/>\n<meta property=\"og:site_name\" content=\"espaceVAL\" \/>\n<meta property=\"article:published_time\" content=\"2024-09-19T14:26:40+00:00\" \/>\n<meta property=\"article:modified_time\" content=\"2024-09-19T14:26:45+00:00\" \/>\n<meta property=\"og:image\" content=\"https:\/\/espaceval.ch\/wp-content\/uploads\/2024\/09\/Bande-herbeuse-espaceVAL-1.jpg\" \/>\n\t<meta property=\"og:image:width\" content=\"748\" \/>\n\t<meta property=\"og:image:height\" content=\"497\" \/>\n\t<meta property=\"og:image:type\" content=\"image\/jpeg\" \/>\n<meta name=\"author\" content=\"espaceVAL\" \/>\n<meta name=\"twitter:card\" content=\"summary_large_image\" \/>\n<meta name=\"twitter:label1\" content=\"Verfasst von\" \/>\n\t<meta name=\"twitter:data1\" content=\"espaceVAL\" \/>\n\t<meta name=\"twitter:label2\" content=\"Gesch\u00e4tzte Lesezeit\" \/>\n\t<meta name=\"twitter:data2\" content=\"3\u00a0Minuten\" \/>\n<script type=\"application\/ld+json\" class=\"yoast-schema-graph\">{\"@context\":\"https:\/\/schema.org\",\"@graph\":[{\"@type\":\"WebPage\",\"@id\":\"https:\/\/espaceval.ch\/de\/information-appel-a-idee\/\",\"url\":\"https:\/\/espaceval.ch\/de\/information-appel-a-idee\/\",\"name\":\"Information - Appel \u00e0 id\u00e9e\",\"isPartOf\":{\"@id\":\"https:\/\/espaceval.ch\/de\/#website\"},\"primaryImageOfPage\":{\"@id\":\"https:\/\/espaceval.ch\/de\/information-appel-a-idee\/#primaryimage\"},\"image\":{\"@id\":\"https:\/\/espaceval.ch\/de\/information-appel-a-idee\/#primaryimage\"},\"thumbnailUrl\":\"https:\/\/espaceval.ch\/wp-content\/uploads\/2024\/09\/Bande-herbeuse-espaceVAL-1.jpg\",\"datePublished\":\"2024-09-19T14:26:40+00:00\",\"dateModified\":\"2024-09-19T14:26:45+00:00\",\"author\":{\"@id\":\"https:\/\/espaceval.ch\/de\/#\/schema\/person\/dd22f242f1b18501ae5a3b4ed941822b\"},\"description\":\"Le Conseil communal invite les citoyennes et les citoyens \u00e0 proposer des id\u00e9es pour l\u2019am\u00e9nagement de la bande herbeuse d\u2019espaceVAL.\",\"breadcrumb\":{\"@id\":\"https:\/\/espaceval.ch\/de\/information-appel-a-idee\/#breadcrumb\"},\"inLanguage\":\"de\",\"potentialAction\":[{\"@type\":\"ReadAction\",\"target\":[\"https:\/\/espaceval.ch\/de\/information-appel-a-idee\/\"]}]},{\"@type\":\"ImageObject\",\"inLanguage\":\"de\",\"@id\":\"https:\/\/espaceval.ch\/de\/information-appel-a-idee\/#primaryimage\",\"url\":\"https:\/\/espaceval.ch\/wp-content\/uploads\/2024\/09\/Bande-herbeuse-espaceVAL-1.jpg\",\"contentUrl\":\"https:\/\/espaceval.ch\/wp-content\/uploads\/2024\/09\/Bande-herbeuse-espaceVAL-1.jpg\",\"width\":748,\"height\":497},{\"@type\":\"BreadcrumbList\",\"@id\":\"https:\/\/espaceval.ch\/de\/information-appel-a-idee\/#breadcrumb\",\"itemListElement\":[{\"@type\":\"ListItem\",\"position\":1,\"name\":\"Accueil\",\"item\":\"https:\/\/espaceval.ch\/de\/\"},{\"@type\":\"ListItem\",\"position\":2,\"name\":\"Information &#8211; Appel \u00e0 id\u00e9e\"}]},{\"@type\":\"WebSite\",\"@id\":\"https:\/\/espaceval.ch\/de\/#website\",\"url\":\"https:\/\/espaceval.ch\/de\/\",\"name\":\"espaceVAL\",\"description\":\"Vitalit\u00e9 | Activit\u00e9 | Loisirs\",\"potentialAction\":[{\"@type\":\"SearchAction\",\"target\":{\"@type\":\"EntryPoint\",\"urlTemplate\":\"https:\/\/espaceval.ch\/de\/?s={search_term_string}\"},\"query-input\":{\"@type\":\"PropertyValueSpecification\",\"valueRequired\":true,\"valueName\":\"search_term_string\"}}],\"inLanguage\":\"de\"},{\"@type\":\"Person\",\"@id\":\"https:\/\/espaceval.ch\/de\/#\/schema\/person\/dd22f242f1b18501ae5a3b4ed941822b\",\"name\":\"espaceVAL\",\"image\":{\"@type\":\"ImageObject\",\"inLanguage\":\"de\",\"@id\":\"https:\/\/espaceval.ch\/de\/#\/schema\/person\/image\/\",\"url\":\"https:\/\/secure.gravatar.com\/avatar\/87b3bc56f2fe224bdc10a24865523d0bd8f784e13f8c5e0d6b1921e68f16e737?s=96&d=mm&r=g\",\"contentUrl\":\"https:\/\/secure.gravatar.com\/avatar\/87b3bc56f2fe224bdc10a24865523d0bd8f784e13f8c5e0d6b1921e68f16e737?s=96&d=mm&r=g\",\"caption\":\"espaceVAL\"},\"url\":\"https:\/\/espaceval.ch\/de\/author\/tpage\/\"}]}<\/script>\n<!-- \/ Yoast SEO plugin. -->","yoast_head_json":{"title":"Information - Appel \u00e0 id\u00e9e","description":"Le Conseil communal invite les citoyennes et les citoyens \u00e0 proposer des id\u00e9es pour l\u2019am\u00e9nagement de la bande herbeuse d\u2019espaceVAL.","robots":{"index":"index","follow":"follow","max-snippet":"max-snippet:-1","max-image-preview":"max-image-preview:large","max-video-preview":"max-video-preview:-1"},"canonical":"https:\/\/espaceval.ch\/de\/information-appel-a-idee\/","og_locale":"de_DE","og_type":"article","og_title":"Information - Appel \u00e0 id\u00e9e","og_description":"Le Conseil communal invite les citoyennes et les citoyens \u00e0 proposer des id\u00e9es pour l\u2019am\u00e9nagement de la bande herbeuse d\u2019espaceVAL.","og_url":"https:\/\/espaceval.ch\/de\/information-appel-a-idee\/","og_site_name":"espaceVAL","article_published_time":"2024-09-19T14:26:40+00:00","article_modified_time":"2024-09-19T14:26:45+00:00","og_image":[{"width":748,"height":497,"url":"https:\/\/espaceval.ch\/wp-content\/uploads\/2024\/09\/Bande-herbeuse-espaceVAL-1.jpg","type":"image\/jpeg"}],"author":"espaceVAL","twitter_card":"summary_large_image","twitter_misc":{"Verfasst von":"espaceVAL","Gesch\u00e4tzte Lesezeit":"3\u00a0Minuten"},"schema":{"@context":"https:\/\/schema.org","@graph":[{"@type":"WebPage","@id":"https:\/\/espaceval.ch\/de\/information-appel-a-idee\/","url":"https:\/\/espaceval.ch\/de\/information-appel-a-idee\/","name":"Information - Appel \u00e0 id\u00e9e","isPartOf":{"@id":"https:\/\/espaceval.ch\/de\/#website"},"primaryImageOfPage":{"@id":"https:\/\/espaceval.ch\/de\/information-appel-a-idee\/#primaryimage"},"image":{"@id":"https:\/\/espaceval.ch\/de\/information-appel-a-idee\/#primaryimage"},"thumbnailUrl":"https:\/\/espaceval.ch\/wp-content\/uploads\/2024\/09\/Bande-herbeuse-espaceVAL-1.jpg","datePublished":"2024-09-19T14:26:40+00:00","dateModified":"2024-09-19T14:26:45+00:00","author":{"@id":"https:\/\/espaceval.ch\/de\/#\/schema\/person\/dd22f242f1b18501ae5a3b4ed941822b"},"description":"Le Conseil communal invite les citoyennes et les citoyens \u00e0 proposer des id\u00e9es pour l\u2019am\u00e9nagement de la bande herbeuse d\u2019espaceVAL.","breadcrumb":{"@id":"https:\/\/espaceval.ch\/de\/information-appel-a-idee\/#breadcrumb"},"inLanguage":"de","potentialAction":[{"@type":"ReadAction","target":["https:\/\/espaceval.ch\/de\/information-appel-a-idee\/"]}]},{"@type":"ImageObject","inLanguage":"de","@id":"https:\/\/espaceval.ch\/de\/information-appel-a-idee\/#primaryimage","url":"https:\/\/espaceval.ch\/wp-content\/uploads\/2024\/09\/Bande-herbeuse-espaceVAL-1.jpg","contentUrl":"https:\/\/espaceval.ch\/wp-content\/uploads\/2024\/09\/Bande-herbeuse-espaceVAL-1.jpg","width":748,"height":497},{"@type":"BreadcrumbList","@id":"https:\/\/espaceval.ch\/de\/information-appel-a-idee\/#breadcrumb","itemListElement":[{"@type":"ListItem","position":1,"name":"Accueil","item":"https:\/\/espaceval.ch\/de\/"},{"@type":"ListItem","position":2,"name":"Information &#8211; Appel \u00e0 id\u00e9e"}]},{"@type":"WebSite","@id":"https:\/\/espaceval.ch\/de\/#website","url":"https:\/\/espaceval.ch\/de\/","name":"espaceVAL","description":"Vitalit\u00e9 | Activit\u00e9 | Loisirs","potentialAction":[{"@type":"SearchAction","target":{"@type":"EntryPoint","urlTemplate":"https:\/\/espaceval.ch\/de\/?s={search_term_string}"},"query-input":{"@type":"PropertyValueSpecification","valueRequired":true,"valueName":"search_term_string"}}],"inLanguage":"de"},{"@type":"Person","@id":"https:\/\/espaceval.ch\/de\/#\/schema\/person\/dd22f242f1b18501ae5a3b4ed941822b","name":"espaceVAL","image":{"@type":"ImageObject","inLanguage":"de","@id":"https:\/\/espaceval.ch\/de\/#\/schema\/person\/image\/","url":"https:\/\/secure.gravatar.com\/avatar\/87b3bc56f2fe224bdc10a24865523d0bd8f784e13f8c5e0d6b1921e68f16e737?s=96&d=mm&r=g","contentUrl":"https:\/\/secure.gravatar.com\/avatar\/87b3bc56f2fe224bdc10a24865523d0bd8f784e13f8c5e0d6b1921e68f16e737?s=96&d=mm&r=g","caption":"espaceVAL"},"url":"https:\/\/espaceval.ch\/de\/author\/tpage\/"}]}},"_links":{"self":[{"href":"https:\/\/espaceval.ch\/de\/wp-json\/wp\/v2\/posts\/10906","targetHints":{"allow":["GET"]}}],"collection":[{"href":"https:\/\/espaceval.ch\/de\/wp-json\/wp\/v2\/posts"}],"about":[{"href":"https:\/\/espaceval.ch\/de\/wp-json\/wp\/v2\/types\/post"}],"author":[{"embeddable":true,"href":"https:\/\/espaceval.ch\/de\/wp-json\/wp\/v2\/users\/3"}],"replies":[{"embeddable":true,"href":"https:\/\/espaceval.ch\/de\/wp-json\/wp\/v2\/comments?post=10906"}],"version-history":[{"count":4,"href":"https:\/\/espaceval.ch\/de\/wp-json\/wp\/v2\/posts\/10906\/revisions"}],"predecessor-version":[{"id":10915,"href":"https:\/\/espaceval.ch\/de\/wp-json\/wp\/v2\/posts\/10906\/revisions\/10915"}],"wp:featuredmedia":[{"embeddable":true,"href":"https:\/\/espaceval.ch\/de\/wp-json\/wp\/v2\/media\/10911"}],"wp:attachment":[{"href":"https:\/\/espaceval.ch\/de\/wp-json\/wp\/v2\/media?parent=10906"}],"wp:term":[{"taxonomy":"category","embeddable":true,"href":"https:\/\/espaceval.ch\/de\/wp-json\/wp\/v2\/categories?post=10906"},{"taxonomy":"post_tag","embeddable":true,"href":"https:\/\/espaceval.ch\/de\/wp-json\/wp\/v2\/tags?post=10906"}],"curies":[{"name":"wp","href":"https:\/\/api.w.org\/{rel}","templated":true}]}}