{"id":10608,"date":"2024-06-13T11:37:03","date_gmt":"2024-06-13T11:37:03","guid":{"rendered":"https:\/\/espaceval.ch\/?p=10608"},"modified":"2024-08-26T11:12:44","modified_gmt":"2024-08-26T11:12:44","slug":"concert-film-aux-combes-samedi","status":"publish","type":"post","link":"https:\/\/espaceval.ch\/de\/concert-film-aux-combes-samedi\/","title":{"rendered":"DATE D\u00c9PLAC\u00c9E &#8211; Concert + film aux Combes"},"content":{"rendered":"<p>[et_pb_section fb_built=&#8220;1&#8243; fullwidth=&#8220;on&#8220; _builder_version=&#8220;4.16&#8243; _module_preset=&#8220;default&#8220; global_colors_info=&#8220;{}&#8220;][et_pb_fullwidth_header title=&#8220;Festival 12&#8243; subhead=&#8220;13.06.2024&#8243; button_one_url=&#8220;https:\/\/webceg.ne.ch\/gelore_web\/gelore2_ne.pack_gelore2_web2.gelore_web4_accueil?p_societes=4&#038;p_cat=INF_SPO&#038;p_cat2=CSR&#038;p_cat3=&#038;p_cat4=&#038;p_cat5= &#8220; button_two_url=&#8220;https:\/\/espaceval.ch\/reservation-salle\/&#8220; content_max_width=&#8220;1920px&#8220; module_id=&#8220;salle&#8220; _builder_version=&#8220;4.25.0&#8243; title_level=&#8220;h2&#8243; title_font=&#8220;Montserrat|300|||||||&#8220; title_font_size=&#8220;58px&#8220; title_line_height=&#8220;1.2em&#8220; content_font=&#8220;||||||||&#8220; content_font_size=&#8220;20px&#8220; content_line_height=&#8220;1.8em&#8220; background_color=&#8220;#1fa6af&#8220; background_color_gradient_direction=&#8220;90deg&#8220; background_enable_image=&#8220;off&#8220; custom_button_one=&#8220;on&#8220; button_one_text_size=&#8220;16px&#8220; button_one_bg_color=&#8220;#372658&#8243; button_one_border_width=&#8220;10px&#8220; button_one_border_color=&#8220;#372658&#8243; button_one_border_radius=&#8220;0px&#8220; button_one_letter_spacing=&#8220;0px&#8220; button_one_font=&#8220;|300||on|||||&#8220; button_one_use_icon=&#8220;off&#8220; button_one_rel=&#8220;off|off|off|off|off&#8220; button_one_custom_margin=&#8220;|5%|||false|false&#8220; custom_button_two=&#8220;on&#8220; button_two_text_size=&#8220;16px&#8220; button_two_text_color=&#8220;#ffffff&#8220; button_two_bg_color=&#8220;#60528d&#8220; button_two_border_width=&#8220;10px&#8220; button_two_border_color=&#8220;#60528d&#8220; button_two_border_radius=&#8220;0px&#8220; button_two_letter_spacing=&#8220;0px&#8220; button_two_font=&#8220;|300||on|||||&#8220; button_two_use_icon=&#8220;off&#8220; button_two_custom_margin=&#8220;|||0px|false|false&#8220; custom_margin=&#8220;|||&#8220; custom_padding=&#8220;8%||8%|&#8220; link_option_url_new_window=&#8220;on&#8220; button_one_letter_spacing_hover=&#8220;1px&#8220; button_two_letter_spacing_hover=&#8220;1px&#8220; global_colors_info=&#8220;{}&#8220; button_one_text_size__hover_enabled=&#8220;off&#8220; button_two_text_size__hover_enabled=&#8220;off&#8220; button_one_text_color__hover_enabled=&#8220;off&#8220; button_two_text_color__hover_enabled=&#8220;off&#8220; button_one_border_width__hover_enabled=&#8220;off&#8220; button_two_border_width__hover_enabled=&#8220;off&#8220; button_one_border_color__hover_enabled=&#8220;on|hover&#8220; button_two_border_color__hover_enabled=&#8220;on|hover&#8220; button_one_border_radius__hover_enabled=&#8220;off&#8220; button_two_border_radius__hover_enabled=&#8220;off&#8220; button_one_letter_spacing__hover_enabled=&#8220;off|desktop&#8220; button_one_letter_spacing__hover=&#8220;1px&#8220; button_two_letter_spacing__hover_enabled=&#8220;off|hover&#8220; button_two_letter_spacing__hover=&#8220;1px&#8220; button_one_bg_color__hover_enabled=&#8220;on|hover&#8220; button_two_bg_color__hover_enabled=&#8220;on|hover&#8220; button_one_bg_color__hover=&#8220;#60528d&#8220; button_one_bg_enable_color__hover=&#8220;on&#8220; button_one_border_color__hover=&#8220;#60528d&#8220; button_two_bg_color__hover=&#8220;#372658&#8243; button_two_bg_enable_color__hover=&#8220;on&#8220; button_two_border_color__hover=&#8220;#372658&#8243;]<\/p>\n<h3>Concert + film<\/h3>\n<p>[\/et_pb_fullwidth_header][\/et_pb_section][et_pb_section fb_built=&#8220;1&#8243; disabled_on=&#8220;off|off|off&#8220; _builder_version=&#8220;4.16&#8243; custom_padding=&#8220;||0px|||&#8220; global_colors_info=&#8220;{}&#8220;][et_pb_row _builder_version=&#8220;4.20.4&#8243; global_colors_info=&#8220;{}&#8220;][et_pb_column type=&#8220;4_4&#8243; _builder_version=&#8220;4.16&#8243; global_colors_info=&#8220;{}&#8220;][et_pb_text _builder_version=&#8220;4.25.0&#8243; text_font=&#8220;|300|||||||&#8220; text_font_size=&#8220;16px&#8220; text_line_height=&#8220;1.8em&#8220; header_font=&#8220;||||||||&#8220; custom_padding=&#8220;0px||0px|||&#8220; animation_direction=&#8220;left&#8220; global_colors_info=&#8220;{}&#8220;]<\/p>\n<div class=\"\" data-block=\"true\" data-editor=\"1tt5o\" data-offset-key=\"8nfic-0-0\">\n<div class=\"_1mf _1mj\" data-offset-key=\"8nfic-0-0\">\n<div class=\"\" data-block=\"true\" data-editor=\"cm8j6\" data-offset-key=\"4c3nj-0-0\">\n<div class=\"\" data-block=\"true\" data-editor=\"25me6\" data-offset-key=\"1n1gm-0-0\">\n<div class=\"\" data-block=\"true\" data-editor=\"2fhfp\" data-offset-key=\"a15eo-0-0\">\n<div class=\"_1mf _1mj\" data-offset-key=\"a15eo-0-0\">\n<div class=\"\" data-block=\"true\" data-editor=\"b8eph\" data-offset-key=\"7me2n-0-0\">\n<div class=\"_1mf _1mj\" data-offset-key=\"7me2n-0-0\"><strong><span style=\"font-size: 16px;\">DATE \u00c0 CONVENIR<\/span><\/strong><\/div>\n<\/div>\n<div class=\"\" data-block=\"true\" data-editor=\"b8eph\" data-offset-key=\"6h94v-0-0\">\n<div class=\"_1mf _1mj\" data-offset-key=\"6h94v-0-0\"><strong>19h30 concert de &#8222;The Scottish Fish&#8220; suivi du film &#8222;La Part Des Anges&#8220;<\/strong><\/div>\n<\/div>\n<div class=\"\" data-block=\"true\" data-editor=\"b8eph\" data-offset-key=\"e7g2o-0-0\">\n<div class=\"_1mf _1mj\" data-offset-key=\"e7g2o-0-0\"><span data-offset-key=\"e7g2o-0-0\">Ouverture des portes \u00e0 19h00.<\/span><\/div>\n<\/div>\n<div class=\"\" data-block=\"true\" data-editor=\"b8eph\" data-offset-key=\"5t7to-0-0\">\n<div class=\"_1mf _1mj\" data-offset-key=\"5t7to-0-0\"><span data-offset-key=\"5t7to-0-0\">Profitez de venir souper \u00e0 la <\/span><span class=\"_247o\" spellcheck=\"false\" data-offset-key=\"5t7to-1-0\"><span data-offset-key=\"5t7to-1-0\">Buvette Restaurant Viva<\/span><\/span><span data-offset-key=\"5t7to-2-0\"> ou simplement partager un verre entre amis.<\/span><\/div>\n<\/div>\n<div class=\"\" data-block=\"true\" data-editor=\"b8eph\" data-offset-key=\"61mok-0-0\">\n<div class=\"_1mf _1mj\" data-offset-key=\"61mok-0-0\"><span data-offset-key=\"61mok-0-0\">Billetterie ici : <a href=\"https:\/\/infomaniak.events\/shop\/LPZdVBQlr2\">https:\/\/infomaniak.events\/shop\/LPZdVBQlr2<\/a><\/span><\/div>\n<div class=\"_1mf _1mj\" data-offset-key=\"61mok-0-0\">\u00a0<\/div>\n<div class=\"_1mf _1mj\" data-offset-key=\"61mok-0-0\">\u00a0<\/div>\n<\/div>\n<\/div>\n<\/div>\n<div data-offset-key=\"61mok-0-0\">Toutes les informations sur le festival : <a href=\"https:\/\/espaceval.ch\/cinema-open-air-aux-combes\/\">https:\/\/espaceval.ch\/cinema-open-air-aux-combes\/<\/a> <span style=\"font-size: 16px;\">\u00a0<\/span><\/div>\n<div data-offset-key=\"61mok-0-0\">Toutes les informations sur la buvette restaurant : https:\/\/espaceval.ch\/buvette-restaurant-viva-piscine-des-combes\/<\/div>\n<div data-offset-key=\"61mok-0-0\">\u00a0<\/div>\n<\/div>\n<\/div>\n<\/div>\n<\/div>\n<p>[\/et_pb_text][et_pb_image src=&#8220;https:\/\/espaceval.ch\/wp-content\/uploads\/2024\/06\/Piscine-des-Combes-Festival12-22-juin-2024.jpg&#8220; alt=&#8220;festival 12 piscine des Combes 22 juin&#8220; title_text=&#8220;Piscine des Combes Festival12 22 juin 2024&#8243; align=&#8220;center&#8220; _builder_version=&#8220;4.25.0&#8243; _module_preset=&#8220;default&#8220; global_colors_info=&#8220;{}&#8220;][\/et_pb_image][\/et_pb_column][\/et_pb_row][\/et_pb_section]<\/p>\n","protected":false},"excerpt":{"rendered":"<p>2 \u00e8me soir\u00e9e \u00e0 la piscine des Combes samedi 15 juin pour Festival12<br \/>\n19h30 concert de &#8222;The Scottish Fish&#8220; suivi du film &#8222;La Part Des Anges&#8220;<\/p>\n","protected":false},"author":3,"featured_media":10626,"comment_status":"open","ping_status":"open","sticky":false,"template":"","format":"standard","meta":{"_et_pb_use_builder":"on","_et_pb_old_content":"","_et_gb_content_width":"","_monsterinsights_skip_tracking":false,"_monsterinsights_sitenote_active":false,"_monsterinsights_sitenote_note":"","_monsterinsights_sitenote_category":0,"footnotes":""},"categories":[1],"tags":[],"class_list":["post-10608","post","type-post","status-publish","format-standard","has-post-thumbnail","hentry","category-non-classifiee"],"yoast_head":"<!-- This site is optimized with the Yoast SEO plugin v25.6 - https:\/\/yoast.com\/wordpress\/plugins\/seo\/ -->\n<title>Concert + film | Piscine des Combes | 2024<\/title>\n<meta name=\"description\" content=\"Soir\u00e9e \u00e0 la piscine des Combes d\u00e8s 19h30 concert de &quot;The Scottish Fish&quot; suivi du film &quot;La Part Des Anges&quot;\" \/>\n<meta name=\"robots\" content=\"index, follow, max-snippet:-1, max-image-preview:large, max-video-preview:-1\" \/>\n<link rel=\"canonical\" href=\"https:\/\/espaceval.ch\/de\/concert-film-aux-combes-samedi\/\" \/>\n<meta property=\"og:locale\" content=\"de_DE\" \/>\n<meta property=\"og:type\" content=\"article\" \/>\n<meta property=\"og:title\" content=\"Concert + film | Piscine des Combes | 2024\" \/>\n<meta property=\"og:description\" content=\"Soir\u00e9e \u00e0 la piscine des Combes d\u00e8s 19h30 concert de &quot;The Scottish Fish&quot; suivi du film &quot;La Part Des Anges&quot;\" \/>\n<meta property=\"og:url\" content=\"https:\/\/espaceval.ch\/de\/concert-film-aux-combes-samedi\/\" \/>\n<meta property=\"og:site_name\" content=\"espaceVAL\" \/>\n<meta property=\"article:published_time\" content=\"2024-06-13T11:37:03+00:00\" \/>\n<meta property=\"article:modified_time\" content=\"2024-08-26T11:12:44+00:00\" \/>\n<meta property=\"og:image\" content=\"https:\/\/espaceval.ch\/wp-content\/uploads\/2024\/06\/Piscine-des-Combes-Festival12-22-juin-2024.jpg\" \/>\n\t<meta property=\"og:image:width\" content=\"1080\" \/>\n\t<meta property=\"og:image:height\" content=\"1080\" \/>\n\t<meta property=\"og:image:type\" content=\"image\/jpeg\" \/>\n<meta name=\"author\" content=\"espaceVAL\" \/>\n<meta name=\"twitter:card\" content=\"summary_large_image\" \/>\n<meta name=\"twitter:label1\" content=\"Verfasst von\" \/>\n\t<meta name=\"twitter:data1\" content=\"espaceVAL\" \/>\n\t<meta name=\"twitter:label2\" content=\"Gesch\u00e4tzte Lesezeit\" \/>\n\t<meta name=\"twitter:data2\" content=\"1\u00a0Minute\" \/>\n<script type=\"application\/ld+json\" class=\"yoast-schema-graph\">{\"@context\":\"https:\/\/schema.org\",\"@graph\":[{\"@type\":\"WebPage\",\"@id\":\"https:\/\/espaceval.ch\/de\/concert-film-aux-combes-samedi\/\",\"url\":\"https:\/\/espaceval.ch\/de\/concert-film-aux-combes-samedi\/\",\"name\":\"Concert + film | Piscine des Combes | 2024\",\"isPartOf\":{\"@id\":\"https:\/\/espaceval.ch\/de\/#website\"},\"primaryImageOfPage\":{\"@id\":\"https:\/\/espaceval.ch\/de\/concert-film-aux-combes-samedi\/#primaryimage\"},\"image\":{\"@id\":\"https:\/\/espaceval.ch\/de\/concert-film-aux-combes-samedi\/#primaryimage\"},\"thumbnailUrl\":\"https:\/\/espaceval.ch\/wp-content\/uploads\/2024\/06\/Piscine-des-Combes-Festival12-22-juin-2024.jpg\",\"datePublished\":\"2024-06-13T11:37:03+00:00\",\"dateModified\":\"2024-08-26T11:12:44+00:00\",\"author\":{\"@id\":\"https:\/\/espaceval.ch\/de\/#\/schema\/person\/dd22f242f1b18501ae5a3b4ed941822b\"},\"description\":\"Soir\u00e9e \u00e0 la piscine des Combes d\u00e8s 19h30 concert de \\\"The Scottish Fish\\\" suivi du film \\\"La Part Des Anges\\\"\",\"breadcrumb\":{\"@id\":\"https:\/\/espaceval.ch\/de\/concert-film-aux-combes-samedi\/#breadcrumb\"},\"inLanguage\":\"de\",\"potentialAction\":[{\"@type\":\"ReadAction\",\"target\":[\"https:\/\/espaceval.ch\/de\/concert-film-aux-combes-samedi\/\"]}]},{\"@type\":\"ImageObject\",\"inLanguage\":\"de\",\"@id\":\"https:\/\/espaceval.ch\/de\/concert-film-aux-combes-samedi\/#primaryimage\",\"url\":\"https:\/\/espaceval.ch\/wp-content\/uploads\/2024\/06\/Piscine-des-Combes-Festival12-22-juin-2024.jpg\",\"contentUrl\":\"https:\/\/espaceval.ch\/wp-content\/uploads\/2024\/06\/Piscine-des-Combes-Festival12-22-juin-2024.jpg\",\"width\":1080,\"height\":1080},{\"@type\":\"BreadcrumbList\",\"@id\":\"https:\/\/espaceval.ch\/de\/concert-film-aux-combes-samedi\/#breadcrumb\",\"itemListElement\":[{\"@type\":\"ListItem\",\"position\":1,\"name\":\"Accueil\",\"item\":\"https:\/\/espaceval.ch\/de\/\"},{\"@type\":\"ListItem\",\"position\":2,\"name\":\"DATE D\u00c9PLAC\u00c9E &#8211; Concert + film aux Combes\"}]},{\"@type\":\"WebSite\",\"@id\":\"https:\/\/espaceval.ch\/de\/#website\",\"url\":\"https:\/\/espaceval.ch\/de\/\",\"name\":\"espaceVAL\",\"description\":\"Vitalit\u00e9 | Activit\u00e9 | Loisirs\",\"potentialAction\":[{\"@type\":\"SearchAction\",\"target\":{\"@type\":\"EntryPoint\",\"urlTemplate\":\"https:\/\/espaceval.ch\/de\/?s={search_term_string}\"},\"query-input\":{\"@type\":\"PropertyValueSpecification\",\"valueRequired\":true,\"valueName\":\"search_term_string\"}}],\"inLanguage\":\"de\"},{\"@type\":\"Person\",\"@id\":\"https:\/\/espaceval.ch\/de\/#\/schema\/person\/dd22f242f1b18501ae5a3b4ed941822b\",\"name\":\"espaceVAL\",\"image\":{\"@type\":\"ImageObject\",\"inLanguage\":\"de\",\"@id\":\"https:\/\/espaceval.ch\/de\/#\/schema\/person\/image\/\",\"url\":\"https:\/\/secure.gravatar.com\/avatar\/87b3bc56f2fe224bdc10a24865523d0bd8f784e13f8c5e0d6b1921e68f16e737?s=96&d=mm&r=g\",\"contentUrl\":\"https:\/\/secure.gravatar.com\/avatar\/87b3bc56f2fe224bdc10a24865523d0bd8f784e13f8c5e0d6b1921e68f16e737?s=96&d=mm&r=g\",\"caption\":\"espaceVAL\"},\"url\":\"https:\/\/espaceval.ch\/de\/author\/tpage\/\"}]}<\/script>\n<!-- \/ Yoast SEO plugin. -->","yoast_head_json":{"title":"Concert + film | Piscine des Combes | 2024","description":"Soir\u00e9e \u00e0 la piscine des Combes d\u00e8s 19h30 concert de \"The Scottish Fish\" suivi du film \"La Part Des Anges\"","robots":{"index":"index","follow":"follow","max-snippet":"max-snippet:-1","max-image-preview":"max-image-preview:large","max-video-preview":"max-video-preview:-1"},"canonical":"https:\/\/espaceval.ch\/de\/concert-film-aux-combes-samedi\/","og_locale":"de_DE","og_type":"article","og_title":"Concert + film | Piscine des Combes | 2024","og_description":"Soir\u00e9e \u00e0 la piscine des Combes d\u00e8s 19h30 concert de \"The Scottish Fish\" suivi du film \"La Part Des Anges\"","og_url":"https:\/\/espaceval.ch\/de\/concert-film-aux-combes-samedi\/","og_site_name":"espaceVAL","article_published_time":"2024-06-13T11:37:03+00:00","article_modified_time":"2024-08-26T11:12:44+00:00","og_image":[{"width":1080,"height":1080,"url":"https:\/\/espaceval.ch\/wp-content\/uploads\/2024\/06\/Piscine-des-Combes-Festival12-22-juin-2024.jpg","type":"image\/jpeg"}],"author":"espaceVAL","twitter_card":"summary_large_image","twitter_misc":{"Verfasst von":"espaceVAL","Gesch\u00e4tzte Lesezeit":"1\u00a0Minute"},"schema":{"@context":"https:\/\/schema.org","@graph":[{"@type":"WebPage","@id":"https:\/\/espaceval.ch\/de\/concert-film-aux-combes-samedi\/","url":"https:\/\/espaceval.ch\/de\/concert-film-aux-combes-samedi\/","name":"Concert + film | Piscine des Combes | 2024","isPartOf":{"@id":"https:\/\/espaceval.ch\/de\/#website"},"primaryImageOfPage":{"@id":"https:\/\/espaceval.ch\/de\/concert-film-aux-combes-samedi\/#primaryimage"},"image":{"@id":"https:\/\/espaceval.ch\/de\/concert-film-aux-combes-samedi\/#primaryimage"},"thumbnailUrl":"https:\/\/espaceval.ch\/wp-content\/uploads\/2024\/06\/Piscine-des-Combes-Festival12-22-juin-2024.jpg","datePublished":"2024-06-13T11:37:03+00:00","dateModified":"2024-08-26T11:12:44+00:00","author":{"@id":"https:\/\/espaceval.ch\/de\/#\/schema\/person\/dd22f242f1b18501ae5a3b4ed941822b"},"description":"Soir\u00e9e \u00e0 la piscine des Combes d\u00e8s 19h30 concert de \"The Scottish Fish\" suivi du film \"La Part Des Anges\"","breadcrumb":{"@id":"https:\/\/espaceval.ch\/de\/concert-film-aux-combes-samedi\/#breadcrumb"},"inLanguage":"de","potentialAction":[{"@type":"ReadAction","target":["https:\/\/espaceval.ch\/de\/concert-film-aux-combes-samedi\/"]}]},{"@type":"ImageObject","inLanguage":"de","@id":"https:\/\/espaceval.ch\/de\/concert-film-aux-combes-samedi\/#primaryimage","url":"https:\/\/espaceval.ch\/wp-content\/uploads\/2024\/06\/Piscine-des-Combes-Festival12-22-juin-2024.jpg","contentUrl":"https:\/\/espaceval.ch\/wp-content\/uploads\/2024\/06\/Piscine-des-Combes-Festival12-22-juin-2024.jpg","width":1080,"height":1080},{"@type":"BreadcrumbList","@id":"https:\/\/espaceval.ch\/de\/concert-film-aux-combes-samedi\/#breadcrumb","itemListElement":[{"@type":"ListItem","position":1,"name":"Accueil","item":"https:\/\/espaceval.ch\/de\/"},{"@type":"ListItem","position":2,"name":"DATE D\u00c9PLAC\u00c9E &#8211; Concert + film aux Combes"}]},{"@type":"WebSite","@id":"https:\/\/espaceval.ch\/de\/#website","url":"https:\/\/espaceval.ch\/de\/","name":"espaceVAL","description":"Vitalit\u00e9 | Activit\u00e9 | Loisirs","potentialAction":[{"@type":"SearchAction","target":{"@type":"EntryPoint","urlTemplate":"https:\/\/espaceval.ch\/de\/?s={search_term_string}"},"query-input":{"@type":"PropertyValueSpecification","valueRequired":true,"valueName":"search_term_string"}}],"inLanguage":"de"},{"@type":"Person","@id":"https:\/\/espaceval.ch\/de\/#\/schema\/person\/dd22f242f1b18501ae5a3b4ed941822b","name":"espaceVAL","image":{"@type":"ImageObject","inLanguage":"de","@id":"https:\/\/espaceval.ch\/de\/#\/schema\/person\/image\/","url":"https:\/\/secure.gravatar.com\/avatar\/87b3bc56f2fe224bdc10a24865523d0bd8f784e13f8c5e0d6b1921e68f16e737?s=96&d=mm&r=g","contentUrl":"https:\/\/secure.gravatar.com\/avatar\/87b3bc56f2fe224bdc10a24865523d0bd8f784e13f8c5e0d6b1921e68f16e737?s=96&d=mm&r=g","caption":"espaceVAL"},"url":"https:\/\/espaceval.ch\/de\/author\/tpage\/"}]}},"_links":{"self":[{"href":"https:\/\/espaceval.ch\/de\/wp-json\/wp\/v2\/posts\/10608","targetHints":{"allow":["GET"]}}],"collection":[{"href":"https:\/\/espaceval.ch\/de\/wp-json\/wp\/v2\/posts"}],"about":[{"href":"https:\/\/espaceval.ch\/de\/wp-json\/wp\/v2\/types\/post"}],"author":[{"embeddable":true,"href":"https:\/\/espaceval.ch\/de\/wp-json\/wp\/v2\/users\/3"}],"replies":[{"embeddable":true,"href":"https:\/\/espaceval.ch\/de\/wp-json\/wp\/v2\/comments?post=10608"}],"version-history":[{"count":14,"href":"https:\/\/espaceval.ch\/de\/wp-json\/wp\/v2\/posts\/10608\/revisions"}],"predecessor-version":[{"id":10640,"href":"https:\/\/espaceval.ch\/de\/wp-json\/wp\/v2\/posts\/10608\/revisions\/10640"}],"wp:featuredmedia":[{"embeddable":true,"href":"https:\/\/espaceval.ch\/de\/wp-json\/wp\/v2\/media\/10626"}],"wp:attachment":[{"href":"https:\/\/espaceval.ch\/de\/wp-json\/wp\/v2\/media?parent=10608"}],"wp:term":[{"taxonomy":"category","embeddable":true,"href":"https:\/\/espaceval.ch\/de\/wp-json\/wp\/v2\/categories?post=10608"},{"taxonomy":"post_tag","embeddable":true,"href":"https:\/\/espaceval.ch\/de\/wp-json\/wp\/v2\/tags?post=10608"}],"curies":[{"name":"wp","href":"https:\/\/api.w.org\/{rel}","templated":true}]}}